{"id":111942,"date":"2025-11-21T14:07:09","date_gmt":"2025-11-21T14:07:09","guid":{"rendered":"https:\/\/www.europesays.com\/pl\/111942\/"},"modified":"2025-11-21T14:07:09","modified_gmt":"2025-11-21T14:07:09","slug":"media-sensacyjne-wiesci-ws-trenera-barcelony","status":"publish","type":"post","link":"https:\/\/www.europesays.com\/pl\/111942\/","title":{"rendered":"Media. Sensacyjne wie\u015bci ws. trenera Barcelony"},"content":{"rendered":"\n<p class=\"contentpart contentpart--default contentpart--text\" data-position=\"0\"><a href=\"https:\/\/sportowefakty.wp.pl\/pilka-nozna\/paris-saint-germain\" rel=\"nofollow noopener\" target=\"_blank\">Paris Saint-Germain<\/a>\u00a0zn\u00f3w znalaz\u0142o si\u0119 w centrum uwagi. Tym razem z powodu spekulacji na temat przysz\u0142o\u015bci swojego trenera, <a href=\"https:\/\/sportowefakty.wp.pl\/pilka-nozna\/luis-enrique\" rel=\"nofollow noopener\" target=\"_blank\">Luisa Enrique<\/a>. Pomimo wa\u017cnego kontraktu do 2027 roku, pojawiaj\u0105 si\u0119 g\u0142osy, \u017ce jego serce nadal bije dla <a href=\"https:\/\/sportowefakty.wp.pl\/pilka-nozna\/fc-barcelona\" rel=\"nofollow noopener\" target=\"_blank\">FC Barcelony<\/a>.<\/p>\n<p class=\"contentpart contentpart--default contentpart--text\" data-position=\"1\">Krytyka p\u0142yn\u0105ca od znanego dziennikarza Daniela Riolo jest ostra. Podkre\u015bla niepewno\u015b\u0107 wobec pe\u0142nej identyfikacji Enrique z parysk\u0105 dru\u017cyn\u0105. &#8211; Nie widz\u0119 w nim tych cech, kt\u00f3re przypisuj\u0105 mu fani. Dla mnie jest w pe\u0142ni zwi\u0105zany z Barcelon\u0105, a jego zmiany klubowe s\u0105 wymowne &#8211; powiedzia\u0142 w rozmowie dla France Bleu, sugeruj\u0105c, \u017ce przysz\u0142o\u015b\u0107 Enrique mo\u017ce wi\u0105za\u0107 si\u0119 z powrotem na Camp Nou.<\/p>\n<p> <img role=\"presentation\" src=\"https:\/\/std.wpcdn.pl\/images\/adv\/placeholder_wp.svg\" loading=\"lazy\" alt=\"\" decoding=\"async\"\/>  <\/p>\n<p class=\"contentpart contentpart--default contentpart--text\" data-position=\"2\">ZOBACZ WIDEO: #dziejesiewsporcie: By\u0142a 10. sekunda meczu. Niebywa\u0142e, co zrobi\u0142 bramkarz<\/p>\n<p class=\"contentpart contentpart--default contentpart--text\" data-position=\"4\">Luis Enrique nie pozostaje bierny wobec tych opinii. Wyra\u017ca zadowolenie z pracy w PSG, podkre\u015blaj\u0105c doskona\u0142e warunki do osi\u0105gania wysokich cel\u00f3w. &#8211; Jestem szcz\u0119\u015bliwy w Pary\u017cu i ciesz\u0119 si\u0119 z mo\u017cliwo\u015bci pracy tutaj &#8211; m\u00f3wi\u0142 o swojej przysz\u0142o\u015bci z rozmowie z klubowymi mediami PSG.<\/p>\n<p class=\"contentpart contentpart--default contentpart--text\" data-position=\"5\">Spekulacje na temat powrotu do Barcelony podkr\u0119ca fakt, \u017ce obecny trener Blaugrany, Hansi Flick, ma zako\u0144czy\u0107 umow\u0119 w 2027 roku. To zbieg\u0142oby si\u0119 z ko\u0144cem kontraktu Enrique w Pary\u017cu.<\/p>\n<p class=\"contentpart contentpart--default contentpart--text\" data-position=\"6\">Luis Enrique w latach 2014-2017 odnosi\u0142 sukcesy z Blaugran\u0105, w tym zwyci\u0119stwo w Lidze Mistrz\u00f3w. Pod wodz\u0105 Hiszpana, FC Barcelona odnios\u0142a wiele zwyci\u0119stw: z 181 spotka\u0144 wygra\u0142a 138 razy. Taki bilans czyni Enrique atrakcyjnym kandydatem na trenera Blaugrany w przysz\u0142ych latach.<\/p>\n","protected":false},"excerpt":{"rendered":"Paris Saint-Germain\u00a0zn\u00f3w znalaz\u0142o si\u0119 w centrum uwagi. Tym razem z powodu spekulacji na temat przysz\u0142o\u015bci swojego trenera, Luisa&hellip;\n","protected":false},"author":2,"featured_media":111943,"comment_status":"","ping_status":"","sticky":false,"template":"","format":"standard","meta":{"footnotes":""},"categories":[24],"tags":[1157,272,96,2600,267,538,6584,6582,896,895,269,540,893,278,42,38,40,39,41,127,126],"class_list":{"0":"post-111942","1":"post","2":"type-post","3":"status-publish","4":"format-standard","5":"has-post-thumbnail","7":"category-sport","8":"tag-barcelona","9":"tag-fc-barcelona","10":"tag-francja","11":"tag-hansi-flick","12":"tag-hiszpania","13":"tag-la-liga","14":"tag-ligue-1","15":"tag-luis-enrique","16":"tag-paris-saint-germain","17":"tag-paryz","18":"tag-pilka-nozna","19":"tag-pilka-nozna-w-hiszpanii","20":"tag-pilka-nozna-we-francji","21":"tag-pilka-w-europie","22":"tag-pl","23":"tag-poland","24":"tag-polish","25":"tag-polska","26":"tag-polski","27":"tag-sport","28":"tag-sports"},"share_on_mastodon":{"url":"https:\/\/pubeurope.com\/@pl\/115588081164338271","error":""},"_links":{"self":[{"href":"https:\/\/www.europesays.com\/pl\/wp-json\/wp\/v2\/posts\/111942","targetHints":{"allow":["GET"]}}],"collection":[{"href":"https:\/\/www.europesays.com\/pl\/wp-json\/wp\/v2\/posts"}],"about":[{"href":"https:\/\/www.europesays.com\/pl\/wp-json\/wp\/v2\/types\/post"}],"author":[{"embeddable":true,"href":"https:\/\/www.europesays.com\/pl\/wp-json\/wp\/v2\/users\/2"}],"replies":[{"embeddable":true,"href":"https:\/\/www.europesays.com\/pl\/wp-json\/wp\/v2\/comments?post=111942"}],"version-history":[{"count":0,"href":"https:\/\/www.europesays.com\/pl\/wp-json\/wp\/v2\/posts\/111942\/revisions"}],"wp:featuredmedia":[{"embeddable":true,"href":"https:\/\/www.europesays.com\/pl\/wp-json\/wp\/v2\/media\/111943"}],"wp:attachment":[{"href":"https:\/\/www.europesays.com\/pl\/wp-json\/wp\/v2\/media?parent=111942"}],"wp:term":[{"taxonomy":"category","embeddable":true,"href":"https:\/\/www.europesays.com\/pl\/wp-json\/wp\/v2\/categories?post=111942"},{"taxonomy":"post_tag","embeddable":true,"href":"https:\/\/www.europesays.com\/pl\/wp-json\/wp\/v2\/tags?post=111942"}],"curies":[{"name":"wp","href":"https:\/\/api.w.org\/{rel}","templated":true}]}}