{"id":111948,"date":"2025-11-21T14:11:07","date_gmt":"2025-11-21T14:11:07","guid":{"rendered":"https:\/\/www.europesays.com\/pl\/111948\/"},"modified":"2025-11-21T14:11:07","modified_gmt":"2025-11-21T14:11:07","slug":"viktor-orban-reaguje-na-plan-pokojowy-dla-ukrainy-pisze-o-donaldzie-trumpie-onet","status":"publish","type":"post","link":"https:\/\/www.europesays.com\/pl\/111948\/","title":{"rendered":"Viktor Orban reaguje na plan pokojowy dla Ukrainy. Pisze o Donaldzie Trumpie &#8211; Onet"},"content":{"rendered":"<ol>\n<li><a href=\"https:\/\/news.google.com\/rss\/articles\/CBMi1AFBVV95cUxQNENQT0FwUVQ5bWhJSU90bWlHSjhrN1NmelRKb1FWbERpLWdIaUQ4N29ZbTY3VXlkQVVZMUNncl9RV1JuZ0ptcFBYWlFhQUhEUjEyODVKLXVLakgzWDZmaENzallOYlJzRndtSERib01OZFVpUjNmMTVFeXNKSzhsTkpBZWRkRXgzTHFkVE1PMG50a3AwQmppSWJkbUNzX25sY3o4NlJzRDd2Rk1mMU14bk1ORG1UQVFNcHhhLWxSYlZjMS1aekppZ2k1R0Z3ckNZWUF2WQ?oc=5\" target=\"_blank\" rel=\"nofollow noopener\">Viktor Orban reaguje na plan pokojowy dla Ukrainy. Pisze o Donaldzie Trumpie<\/a>&nbsp;&nbsp;Onet<\/li>\n<li><a href=\"https:\/\/news.google.com\/rss\/articles\/CBMitAFBVV95cUxQSEVtV3RNbXpZdFZPX2R1ZGVuSk5kUVk5cWpPUGc1LWl1MThVdy1JX3ZrbmVnUjY3RllOT21vWWlXNjRQaEQ2elQ1QnRnRktQMEFXeTdmZG42UnpURURRTTlVZmVBcUMtQjhMZUtkd1k5bHFRT3ZhbmlnZEtTdDljVDhpM2NCc2JBUkdsX1l2WV96RGNRNUhTQV94bFZpc1dJV1N2VENXNGhZenQ0LU9vUEpKbVY?oc=5\" target=\"_blank\" rel=\"nofollow noopener\">&#8222;Absolutny skandal&#8221;. Ekspert oceni\u0142 zapis o Polsce w planie Trumpa<\/a>&nbsp;&nbsp;PolsatNews.pl<\/li>\n<li><a href=\"https:\/\/news.google.com\/rss\/articles\/CBMixgFBVV95cUxPaS1SR0hiTEtyX2lYQXBvRTNuOTU0TnlEZ21NWWFNSzUzZkNIS1Z6SGFmZUhsai1YMk5GUlQzVVZ5UjJYcDBFeEFaS3JjamdrOE43aWhlUUg4UzQzMXZGcVFidm5FYWxpOGN1OFRsc3dvZzZUUWVVYUE5RXlmN3BjVmQzVU40VEd5SXQ0Z0FVN3JSODlPaDRDTl9vYkZ0VkVZVjJtdWppUU9KWENWUUo4U3hMdzFNc202WnZvZkJwdVVYdVBXZnc?oc=5\" target=\"_blank\" rel=\"nofollow noopener\">&#8222;Oddanie Europy Putinowi&#8221;. Ostry komentarz w\u0142oskiej prasy do plan\u00f3w Donalda Trumpa<\/a>&nbsp;&nbsp;Business Insider Polska<\/li>\n<li><a href=\"https:\/\/news.google.com\/rss\/articles\/CBMirwFBVV95cUxPNHlxbHZ1bkExd1UwbDVKQnNJOUZZQkgzc2htUURtZ3NtNV9rZFMtX080NkVkVmFRX2w4V1o5UXZpMkR5YWF1dHJwQlRNNV9odm5Ld2w5ZDZvMkEwOXBNbVRaa1l3SndSZGF3Nm41RTEzVmk0Z0E0QlhKWlFMU2RDVjFuUlNqQnYyNnh2bktOYmFldmIzbE5zSmdRcHlmVDJHLUV5MjJhQ1NQWWxpcXhV?oc=5\" target=\"_blank\" rel=\"nofollow noopener\">Media: Kij\u00f3w i sojusznicy odrzucaj\u0105 kluczowe punkty planu pokojowego<\/a>&nbsp;&nbsp;WP Wiadomo\u015bci<\/li>\n<li><a href=\"https:\/\/news.google.com\/rss\/articles\/CBMipwFBVV95cUxOeU02andpOGlic3Y0amVTY2l6cmxXRGlzb0dBNnB2ekZ6eTVfcW5ZSGx0RlNHdVp6ejlPbVFUOEJLNFVzWHhtX3VHLWw0bDJwOFJkTVFZT3lXVlRuUXlRN21JWnFtZnhpeS02ZXJWQmVkNWJ5amFsUlA1bnRhdUU4a0R2SE03YUNTNWJFb01mRlBKdHFKZzJ5V1lBOWpYR2NmN1lidU5ENA?oc=5\" target=\"_blank\" rel=\"nofollow noopener\">\u201ePieni\u0105dze za ziemi\u0119\u201d, redukcja armii i rosyjski jako drugi j\u0119zyk. Co wiadomo o planie pokojowym, kt\u00f3ry Rosja i USA narzucaj\u0105 Ukrainie?<\/a>&nbsp;&nbsp;Forbes<\/li>\n<\/ol>\n","protected":false},"excerpt":{"rendered":"Viktor Orban reaguje na plan pokojowy dla Ukrainy. Pisze o Donaldzie Trumpie&nbsp;&nbsp;Onet &#8222;Absolutny skandal&#8221;. Ekspert oceni\u0142 zapis o&hellip;\n","protected":false},"author":2,"featured_media":111949,"comment_status":"","ping_status":"","sticky":false,"template":"","format":"standard","meta":{"footnotes":""},"categories":[14],"tags":[32,33,58,27,67,34,35,28,31,53,25,52,68,51,55,13037,40,41,62,47,80,29,30,390,65,50,1233,26,82,83,84],"class_list":{"0":"post-111948","1":"post","2":"type-post","3":"status-publish","4":"format-standard","5":"has-post-thumbnail","7":"category-swiat","8":"tag-breaking-news","9":"tag-breakingnews","10":"tag-donald_trump_prezydent_usa","11":"tag-headlines","12":"tag-intextvideo_splayer","13":"tag-latest-news","14":"tag-latestnews","15":"tag-naglowki","16":"tag-najwazniejsze-artykuly","17":"tag-new_header","18":"tag-news","19":"tag-onet3","20":"tag-onet3d","21":"tag-onet3d_2i","22":"tag-phx","23":"tag-plan_pokojowy","24":"tag-polish","25":"tag-polski","26":"tag-rosja_kraj_rosjanin_rosjanie_rosjanka_rosjanki","27":"tag-screening_general","28":"tag-swiat","29":"tag-top-stories","30":"tag-topstories","31":"tag-ukraina_ukrainiec_ukrainka_ukraincy_ukrainki","32":"tag-update_me","33":"tag-v2021","34":"tag-viktor_orban_wegierski_polityk","35":"tag-wiadomosci","36":"tag-world","37":"tag-world-news","38":"tag-worldnews"},"share_on_mastodon":{"url":"","error":"Validation failed: Text character limit of 500 exceeded"},"_links":{"self":[{"href":"https:\/\/www.europesays.com\/pl\/wp-json\/wp\/v2\/posts\/111948","targetHints":{"allow":["GET"]}}],"collection":[{"href":"https:\/\/www.europesays.com\/pl\/wp-json\/wp\/v2\/posts"}],"about":[{"href":"https:\/\/www.europesays.com\/pl\/wp-json\/wp\/v2\/types\/post"}],"author":[{"embeddable":true,"href":"https:\/\/www.europesays.com\/pl\/wp-json\/wp\/v2\/users\/2"}],"replies":[{"embeddable":true,"href":"https:\/\/www.europesays.com\/pl\/wp-json\/wp\/v2\/comments?post=111948"}],"version-history":[{"count":0,"href":"https:\/\/www.europesays.com\/pl\/wp-json\/wp\/v2\/posts\/111948\/revisions"}],"wp:featuredmedia":[{"embeddable":true,"href":"https:\/\/www.europesays.com\/pl\/wp-json\/wp\/v2\/media\/111949"}],"wp:attachment":[{"href":"https:\/\/www.europesays.com\/pl\/wp-json\/wp\/v2\/media?parent=111948"}],"wp:term":[{"taxonomy":"category","embeddable":true,"href":"https:\/\/www.europesays.com\/pl\/wp-json\/wp\/v2\/categories?post=111948"},{"taxonomy":"post_tag","embeddable":true,"href":"https:\/\/www.europesays.com\/pl\/wp-json\/wp\/v2\/tags?post=111948"}],"curies":[{"name":"wp","href":"https:\/\/api.w.org\/{rel}","templated":true}]}}