{"id":111954,"date":"2025-11-21T14:14:10","date_gmt":"2025-11-21T14:14:10","guid":{"rendered":"https:\/\/www.europesays.com\/pl\/111954\/"},"modified":"2025-11-21T14:14:10","modified_gmt":"2025-11-21T14:14:10","slug":"sundal-i-prevc-gora-na-treningu","status":"publish","type":"post","link":"https:\/\/www.europesays.com\/pl\/111954\/","title":{"rendered":"Sundal i Prevc g\u00f3r\u0105 na treningu"},"content":{"rendered":"<p><a href=\"https:\/\/vitay.pl\/rabaty\" target=\"_blank\" rel=\"nofollow noopener\"><img decoding=\"async\" class=\"hidden-sm hidden-xs img-responsive lazyload\" src=\"https:\/\/www.europesays.com\/pl\/wp-content\/uploads\/2025\/11\/840x70 - belka gorna w wiadomosciach.png\" alt=\"\" title=\"Orlen\" style=\"\" loading=\"lazy\"\/><img decoding=\"async\" class=\"hidden-md hidden-lg img-responsive lazyload\" src=\"https:\/\/www.europesays.com\/pl\/wp-content\/uploads\/2025\/11\/840x70 - belka gorna w wiadomosciach.png\" alt=\"\" title=\"Orlen\" loading=\"lazy\"\/><\/a><\/p>\n<p>                                                                    <img decoding=\"async\" src=\"https:\/\/www.europesays.com\/pl\/wp-content\/uploads\/2025\/11\/tm9837_2025-08-24_12-31-20.jpg\" _data-fancybox=\"gallery37445\" _data-caption=\"Kristoffer Eriksen Sundal\" class=\"img-responsive lazyload\" alt=\"Kristoffer Eriksen Sundal\" title=\"Kristoffer Eriksen Sundal\"\/><\/p>\n<p>                                            Kristoffer Eriksen Sundal                                        <\/p>\n<p>                                            fot. Tadeusz Mieczy\u0144ski                                        <\/p>\n<p>Kristoffer Eriksen Sundal okaza\u0142 si\u0119 najlepszy w pierwszej serii treningowej przed inauguracyjnym weekendem Pucharu \u015awiata 2025\/2026 na Lysgaardsbakken (HS140) w Lillehammer. Reprezentant Norwegii poszybowa\u0142 na odleg\u0142o\u015b\u0107 132,5 metra. W drugiej rundzie g\u00f3r\u0105 by\u0142 S\u0142oweniec Domen Prevc (139 m).<\/p>\n<p>                            <a class=\"fancybox\" href=\"https:\/\/www.europesays.com\/pl\/wp-content\/uploads\/2025\/11\/tm9837_2025-08-24_12-31-20.jpg\" data-fancybox=\"gallery37445\" data-caption=\"Kristoffer Eriksen Sundal, fot. Tadeusz Mieczy\u0144ski\"><img decoding=\"async\" class=\"img-responsive lazyload\" src=\"https:\/\/www.europesays.com\/pl\/wp-content\/uploads\/2025\/11\/280x190_q80_tm9837_2025-08-24_12-31-20.jpg\" alt=\"Kristoffer Eriksen Sundal\" title=\"Kristoffer Eriksen Sundal\"\/><\/a>Kristoffer Eriksen Sundal<\/p>\n<p>W loteryjnym pierwszym treningu najlepiej spisa\u0142 si\u0119 Kristoffer Eriksen Sundal (132,5 m), kt\u00f3ry wyprzedzi\u0142 o 0,9 punktu Felixa Hoffmanna (143,5 m) oraz o 1,7 pkt. Benjamina Oestvolda (132,5 m). Czwarte miejsce ex aequo zaj\u0119li Ren Nikaido (132 m) i Jan Hoerl (126,5 m), a sz\u00f3ste &#8211; Stefan Kraft (124 m).<\/p>\n<p>Czo\u0142ow\u0105 dziesi\u0105tk\u0119 rundy skompletowali Stephan Embacher (132 m), W\u0142adimir Zografski (127,5 m) oraz Artti Aigro (130,5 m) ex aequo z Johannem Andre Forfangiem (126 m).<\/p>\n<p>Kamil Stoch z wynikiem 124 metr\u00f3w zaj\u0105\u0142 dziewi\u0119tnast\u0105 pozycj\u0119. Dwudziesty czwarty by\u0142 Aleksander Zniszczo\u0142 (127 m), dwudziesty si\u00f3dmy Kacper Tomasiak (128,5 m), czterdziesty Dawid Kubacki (115 m), czterdziesty drugi Piotr \u017by\u0142a (116 m), natomiast pi\u0119\u0107dziesi\u0105ty drugi Pawe\u0142 W\u0105sek (110,5 m).<\/p>\n<p>Pierwszy trening przeprowadzono z 10. i 8. belki startowej.<\/p>\n<p>Pocz\u0105tek konkursu dru\u017cyn mieszanych o 16:00.\u00a0Transmisja w Eurosport 1 i HBO Max.<\/p>\n<p><a href=\"https:\/\/www.skijumping.pl\/live-berkutschi\/ps\" target=\"_blank\" rel=\"nofollow noopener\">Wyniki na \u017cywo b\u0119dziecie mogli \u015bledzi\u0107 za po\u015brednictwem relacji LIVE Berkutschi &gt;&gt;&gt;<\/a><\/p>\n<p>lub <a href=\"http:\/\/live.skijumping.pl\" target=\"_blank\" rel=\"nofollow noopener\">relacji LIVE FIS &gt;&gt;&gt;<\/a><\/p>\n<p><a href=\"https:\/\/vitay.pl\/rabaty\" target=\"_blank\" rel=\"nofollow noopener\"><img decoding=\"async\" class=\"hidden-sm hidden-xs img-responsive lazyload\" src=\"https:\/\/www.europesays.com\/pl\/wp-content\/uploads\/2025\/11\/840x50 - belka dolna w wiadomosciach-1.png\" alt=\"\" title=\"Orlen\" style=\"\" loading=\"lazy\"\/><img decoding=\"async\" class=\"hidden-md hidden-lg img-responsive lazyload\" src=\"https:\/\/www.europesays.com\/pl\/wp-content\/uploads\/2025\/11\/840x50 - belka dolna w wiadomosciach-1.png\" alt=\"\" title=\"Orlen\" loading=\"lazy\"\/><\/a><\/p>\n<p>                                    Adam Bucholz,<br \/>\n                                    \u017ar\u00f3d\u0142o: Informacja w\u0142asna\n                            <\/p>\n<p>\n                                    ogl\u0105dalno\u015b\u0107: (8938)<br \/>\n                                    komentarze: (128)\n                                <\/p>\n","protected":false},"excerpt":{"rendered":"Kristoffer Eriksen Sundal fot. Tadeusz Mieczy\u0144ski Kristoffer Eriksen Sundal okaza\u0142 si\u0119 najlepszy w pierwszej serii treningowej przed inauguracyjnym&hellip;\n","protected":false},"author":2,"featured_media":111955,"comment_status":"","ping_status":"","sticky":false,"template":"","format":"standard","meta":{"footnotes":""},"categories":[24],"tags":[1574,1546,1557,1558,1561,1573,1571,1563,291,1553,1564,1549,1551,1543,1550,1562,1547,1565,1540,1568,1544,42,38,40,39,41,1554,1359,1567,1560,1559,1566,1556,1569,1539,1538,1555,127,126,1552,1541,1548,1542,1570,1572,645,1545],"class_list":{"0":"post-111954","1":"post","2":"type-post","3":"status-publish","4":"format-standard","5":"has-post-thumbnail","7":"category-sport","8":"tag-4skocznie","9":"tag-adam","10":"tag-adam-malysz","11":"tag-adammalysz","12":"tag-coc","13":"tag-czteryskocznie","14":"tag-fis","15":"tag-fis-cup","16":"tag-historia","17":"tag-horngacher","18":"tag-io","19":"tag-kobayashi","20":"tag-kraft","21":"tag-kuba","22":"tag-kubacki","23":"tag-lotos-cup","24":"tag-malysz","25":"tag-ms","26":"tag-narciarskie","27":"tag-narty","28":"tag-piotrek","29":"tag-pl","30":"tag-poland","31":"tag-polish","32":"tag-polska","33":"tag-polski","34":"tag-polskie","35":"tag-ranking","36":"tag-ski-jumping","37":"tag-skijump","38":"tag-skijumping","39":"tag-skoczkowie","40":"tag-skocznia","41":"tag-skocznie","42":"tag-skoki","43":"tag-skoki-narciarskie","44":"tag-skokinarciarskie","45":"tag-sport","46":"tag-sports","47":"tag-stefan","48":"tag-stoch","49":"tag-wellinger","50":"tag-wolny","51":"tag-zakopane","52":"tag-zawody","53":"tag-zdjecia","54":"tag-zyla"},"share_on_mastodon":{"url":"https:\/\/pubeurope.com\/@pl\/115588108954248398","error":""},"_links":{"self":[{"href":"https:\/\/www.europesays.com\/pl\/wp-json\/wp\/v2\/posts\/111954","targetHints":{"allow":["GET"]}}],"collection":[{"href":"https:\/\/www.europesays.com\/pl\/wp-json\/wp\/v2\/posts"}],"about":[{"href":"https:\/\/www.europesays.com\/pl\/wp-json\/wp\/v2\/types\/post"}],"author":[{"embeddable":true,"href":"https:\/\/www.europesays.com\/pl\/wp-json\/wp\/v2\/users\/2"}],"replies":[{"embeddable":true,"href":"https:\/\/www.europesays.com\/pl\/wp-json\/wp\/v2\/comments?post=111954"}],"version-history":[{"count":0,"href":"https:\/\/www.europesays.com\/pl\/wp-json\/wp\/v2\/posts\/111954\/revisions"}],"wp:featuredmedia":[{"embeddable":true,"href":"https:\/\/www.europesays.com\/pl\/wp-json\/wp\/v2\/media\/111955"}],"wp:attachment":[{"href":"https:\/\/www.europesays.com\/pl\/wp-json\/wp\/v2\/media?parent=111954"}],"wp:term":[{"taxonomy":"category","embeddable":true,"href":"https:\/\/www.europesays.com\/pl\/wp-json\/wp\/v2\/categories?post=111954"},{"taxonomy":"post_tag","embeddable":true,"href":"https:\/\/www.europesays.com\/pl\/wp-json\/wp\/v2\/tags?post=111954"}],"curies":[{"name":"wp","href":"https:\/\/api.w.org\/{rel}","templated":true}]}}