{"id":111961,"date":"2025-11-21T14:19:11","date_gmt":"2025-11-21T14:19:11","guid":{"rendered":"https:\/\/www.europesays.com\/pl\/111961\/"},"modified":"2025-11-21T14:19:11","modified_gmt":"2025-11-21T14:19:11","slug":"blokada-nielegalnych-tresci-w-internecie-sejm-przyjal-ustawe","status":"publish","type":"post","link":"https:\/\/www.europesays.com\/pl\/111961\/","title":{"rendered":"Blokada nielegalnych tre\u015bci w internecie. Sejm przyj\u0105\u0142 ustaw\u0119"},"content":{"rendered":"<p data-section=\"detail-body\">W czwartek sejmowa komisja cyfryzacji zarekomendowa\u0142a przyj\u0119cie projektu nowelizacji ustawy o \u015bwiadczeniu us\u0142ug drog\u0105 elektroniczn\u0105 wraz z pakietem ponad 20 poprawek, kt\u00f3re tak\u017ce zosta\u0142y przyj\u0119te przez Sejm.<\/p>\n<p class=\"article_p\" data-section=\"detail-body\">Czytaj te\u017c: <a href=\"https:\/\/businessinsider.com.pl\/gospodarka\/christine-lagarde-o-amerykanskich-clach-ue-moze-zrekompensowac-straty\/wtfhp87\" id=\"d9d28e70-5c6f-41ad-8fae-26f1b4e93608\" rel=\"nofollow noopener\" target=\"_blank\">Christine Lagarde o ameryka\u0144skich c\u0142ach. UE mo\u017ce zrekompensowa\u0107 straty<\/a><\/p>\n<p class=\"article_p\" data-section=\"detail-body\">Dalsza cz\u0119\u015b\u0107 tre\u015bci pod materia\u0142em wideo<\/p>\n<p>        Ustawa o \u015bwiadczeniu us\u0142ug drog\u0105 elektroniczn\u0105. Takie zmiany w internecie przyniesie<\/p>\n<p class=\"article_p\" data-section=\"detail-body\">Zmiany maj\u0105 zapewni\u0107 skuteczne wdro\u017cenie w Polsce unijnego Aktu o us\u0142ugach cyfrowych (DSA), kt\u00f3ry nak\u0142ada na platformy internetowe obowi\u0105zek silniejszej kontroli nad zamieszczanymi tre\u015bciami. Za nadz\u00f3r nad stosowaniem przepis\u00f3w DSA odpowiada\u0107 maj\u0105 trzy instytucje: prezes Urz\u0119du Komunikacji Elektronicznej \u2014 w wi\u0119kszo\u015bci spraw, Krajowa Rada Radiofonii i Telewizji \u2014 w przypadku platform wideo, oraz prezes Urz\u0119du Ochrony Konkurencji i Konsument\u00f3w \u2014 w obszarze platform handlowych i ochrony konsument\u00f3w.<\/p>\n<p>            Czytaj tak\u017ce w BUSINESS INSIDER<\/p>\n<p class=\"article_p\" data-section=\"detail-body\">Projekt zak\u0142ada, \u017ce wskazane urz\u0119dy b\u0119d\u0105 mog\u0142y wydawa\u0107 decyzje o blokowaniu tre\u015bci obejmuj\u0105cych 27 czyn\u00f3w zabronionych wymienionych g\u0142\u00f3wnie w Kodeksie karnym. Dotycz\u0105 one m.in. gr\u00f3\u017ab karalnych, nawo\u0142ywania do nienawi\u015bci, propagowania ideologii totalitarnych, tre\u015bci pedofilskich, a tak\u017ce narusze\u0144 praw autorskich i promowania nielegalnej sprzeda\u017cy towar\u00f3w lub us\u0142ug. Mechanizm blokowania ma obj\u0105\u0107 tak\u017ce tre\u015bci szerzone w mediach spo\u0142eczno\u015bciowych, w tym mow\u0119 nienawi\u015bci i materia\u0142y wprowadzaj\u0105ce u\u017cytkownik\u00f3w w b\u0142\u0105d.<\/p>\n<p class=\"article_p\" data-section=\"detail-body\">Czytaj te\u017c: <a href=\"https:\/\/businessinsider.com.pl\/wiadomosci\/rosja-przekracza-kolejna-granice-donald-tusk-ostrzega-w-sejmie\/gcpg3lq?utm_campaign=cb\" id=\"759bacb7-b760-493c-890f-352d976ce2bd\" rel=\"nofollow noopener\" target=\"_blank\">Rosja przekracza kolejn\u0105 granic\u0119. Donald Tusk ostrzega w Sejmie<\/a><\/p>\n<p>        Rejestr domen zamiast listy ostrze\u017ce\u0144 CERT Polska<\/p>\n<p class=\"article_p\" data-section=\"detail-body\">Jedn\u0105 z kluczowych, merytorycznych poprawek rekomendowanych przez komisj\u0119 jest ta, kt\u00f3ra przewiduje utworzenie przez prezesa UKE rejestru domen \u0142ami\u0105cych przepisy DSA \u2014 w tym prawa autorskie. W pierwotnym projekcie zak\u0142adano, \u017ce takie strony mia\u0142yby trafia\u0107 na list\u0119 ostrze\u017ce\u0144 CERT Polska, przeznaczon\u0105 do blokowania domen wy\u0142udzaj\u0105cych dane i oszukuj\u0105cych u\u017cytkownik\u00f3w.<\/p>\n<p class=\"article_p\" data-section=\"detail-body\">Pomys\u0142 ten wzbudzi\u0142 sprzeciw \u015brodowisk zwi\u0105zanych z cyberbezpiecze\u0144stwem, kt\u00f3re alarmowa\u0142y, \u017ce poszerzenie listy o tre\u015bci zwi\u0105zane z naruszeniami praw autorskich doprowadzi\u0142oby do utraty jej przejrzysto\u015bci oraz os\u0142abi\u0142oby jej podstawow\u0105 funkcj\u0119 \u2014 ostrzeganie przed realnymi zagro\u017ceniami w sieci. Rekomendowana poprawka rozdziela te dwie kategorie, umo\u017cliwiaj\u0105c stworzenie osobnego rejestru prowadzonego przez UKE.<\/p>\n<p class=\"article_p\" data-section=\"detail-body\">Komisja popar\u0142a r\u00f3wnie\u017c zmiany umo\u017cliwiaj\u0105ce odblokowywanie tre\u015bci oraz poprawk\u0119 nadaj\u0105c\u0105 Krajowej Administracji Skarbowej zdolno\u015b\u0107 s\u0105dow\u0105 i procesow\u0105. Dzi\u0119ki temu KAS b\u0119dzie mog\u0142a bra\u0107 udzia\u0142 w sprawach dotycz\u0105cych narusze\u0144 przepis\u00f3w wynikaj\u0105cych z nowelizacji.<\/p>\n<p>        Bez kar dla pracownik\u00f3w. Spory w komisji i dalsza \u015bcie\u017cka legislacyjna<\/p>\n<p class=\"article_p\" data-section=\"detail-body\">Ostatnia z rekomendowanych poprawek zak\u0142ada rezygnacj\u0119 z nak\u0142adania administracyjnych kar pieni\u0119\u017cnych na osoby fizyczne. Jak wyja\u015bnia\u0142 wiceminister cyfryzacji Dariusz Standerski, chodzi o unikni\u0119cie sytuacji, w kt\u00f3rej odpowiedzialno\u015b\u0107 za naruszenia ponosi\u0142by pracownik podmiotu obj\u0119tego kontrol\u0105. Kary maj\u0105 obci\u0105\u017ca\u0107 same podmioty, a nie ich pojedynczych przedstawicieli.<\/p>\n<p>                    <img decoding=\"async\" loading=\"lazy\" class=\"article-image_container--img\" id=\"image_d5f0d77a-151f-49b6-94d7-070f7ea512a4\" alt=\"Wiceminister cyfryzacji Dariusz Standerski z Lewicy\" src=\"https:\/\/www.europesays.com\/pl\/wp-content\/uploads\/2025\/11\/YxSk9kpTURBXy8zOGQ1NDk4OTkyMzhkZjA3NzY5Y2Y1YTQzZWM4OWIwMC5qcGeRkwLNA5gA3gACoTABoTEB.jpeg\"\/><\/p>\n<p>            Wiceminister cyfryzacji Dariusz Standerski z Lewicy<\/p>\n<p>                    |<br \/>\n                    East News<\/p>\n<p class=\"article_p\" data-section=\"detail-body\">Komisja odrzuci\u0142a jednocze\u015bnie wniosek pos\u0142\u00f3w PiS o ca\u0142kowite odrzucenie nowelizacji. Negatywn\u0105 rekomendacj\u0119 uzyska\u0142a r\u00f3wnie\u017c poprawka tego ugrupowania, kt\u00f3ra zak\u0142ada\u0142a przekazanie decyzji o usuwaniu tre\u015bci nielegalnych s\u0105dom zamiast UKE czy KRRiT.<\/p>\n<p class=\"article_p\" data-section=\"detail-body\">Zgodnie z projektem noweli, wnioski o zablokowanie nielegalnej tre\u015bci b\u0119d\u0105 mog\u0142y sk\u0142ada\u0107 zar\u00f3wno osoby fizyczne, jak i organy pa\u0144stwowe, w tym prokuratura, Policja, Stra\u017c Graniczna (w sprawach handlu lud\u017ami) czy Krajowa Administracja Skarbowa. Autor zakwestionowanej tre\u015bci ma otrzyma\u0107 od us\u0142ugodawcy zawiadomienie o wszcz\u0119ciu procedury i dwa dni na przedstawienie swojego stanowiska. Cho\u0107 decyzje UKE i KRRiT nie b\u0119d\u0105 podlega\u0107 odwo\u0142aniu, zainteresowany b\u0119dzie m\u00f3g\u0142 z\u0142o\u017cy\u0107 sprzeciw do s\u0105du powszechnego.<\/p>\n<p class=\"article_p\" data-section=\"detail-body\">Akt o us\u0142ugach cyfrowych, obowi\u0105zuj\u0105cy w ca\u0142ej UE od 17 lutego 2024 r., wprowadza bezprecedensow\u0105 odpowiedzialno\u015b\u0107 platform internetowych za tre\u015bci zamieszczane przez u\u017cytkownik\u00f3w. Umo\u017cliwia tak\u017ce organom administracyjnym i s\u0105dowym nakazywanie blokowania tre\u015bci naruszaj\u0105cych prawo. Nowelizacja polskiej ustawy o \u015bwiadczeniu us\u0142ug drog\u0105 elektroniczn\u0105 ma doprecyzowa\u0107 te mechanizmy, zapewniaj\u0105c ich skuteczne stosowanie na poziomie krajowym.<\/p>\n","protected":false},"excerpt":{"rendered":"W czwartek sejmowa komisja cyfryzacji zarekomendowa\u0142a przyj\u0119cie projektu nowelizacji ustawy o \u015bwiadczeniu us\u0142ug drog\u0105 elektroniczn\u0105 wraz z pakietem&hellip;\n","protected":false},"author":2,"featured_media":111962,"comment_status":"","ping_status":"","sticky":false,"template":"","format":"standard","meta":{"footnotes":""},"categories":[12],"tags":[32,33,36,37,27,34,35,28,31,25,42,38,40,39,41,29,30,26],"class_list":{"0":"post-111961","1":"post","2":"type-post","3":"status-publish","4":"format-standard","5":"has-post-thumbnail","7":"category-polska","8":"tag-breaking-news","9":"tag-breakingnews","10":"tag-featured-news","11":"tag-featurednews","12":"tag-headlines","13":"tag-latest-news","14":"tag-latestnews","15":"tag-naglowki","16":"tag-najwazniejsze-artykuly","17":"tag-news","18":"tag-pl","19":"tag-poland","20":"tag-polish","21":"tag-polska","22":"tag-polski","23":"tag-top-stories","24":"tag-topstories","25":"tag-wiadomosci"},"share_on_mastodon":{"url":"https:\/\/pubeurope.com\/@pl\/115588128264170268","error":""},"_links":{"self":[{"href":"https:\/\/www.europesays.com\/pl\/wp-json\/wp\/v2\/posts\/111961","targetHints":{"allow":["GET"]}}],"collection":[{"href":"https:\/\/www.europesays.com\/pl\/wp-json\/wp\/v2\/posts"}],"about":[{"href":"https:\/\/www.europesays.com\/pl\/wp-json\/wp\/v2\/types\/post"}],"author":[{"embeddable":true,"href":"https:\/\/www.europesays.com\/pl\/wp-json\/wp\/v2\/users\/2"}],"replies":[{"embeddable":true,"href":"https:\/\/www.europesays.com\/pl\/wp-json\/wp\/v2\/comments?post=111961"}],"version-history":[{"count":0,"href":"https:\/\/www.europesays.com\/pl\/wp-json\/wp\/v2\/posts\/111961\/revisions"}],"wp:featuredmedia":[{"embeddable":true,"href":"https:\/\/www.europesays.com\/pl\/wp-json\/wp\/v2\/media\/111962"}],"wp:attachment":[{"href":"https:\/\/www.europesays.com\/pl\/wp-json\/wp\/v2\/media?parent=111961"}],"wp:term":[{"taxonomy":"category","embeddable":true,"href":"https:\/\/www.europesays.com\/pl\/wp-json\/wp\/v2\/categories?post=111961"},{"taxonomy":"post_tag","embeddable":true,"href":"https:\/\/www.europesays.com\/pl\/wp-json\/wp\/v2\/tags?post=111961"}],"curies":[{"name":"wp","href":"https:\/\/api.w.org\/{rel}","templated":true}]}}