{"id":111970,"date":"2025-11-21T14:25:10","date_gmt":"2025-11-21T14:25:10","guid":{"rendered":"https:\/\/www.europesays.com\/pl\/111970\/"},"modified":"2025-11-21T14:25:10","modified_gmt":"2025-11-21T14:25:10","slug":"sikorski-da-na-wojne-ponad-10-proc-rocznego-budzetu-msz","status":"publish","type":"post","link":"https:\/\/www.europesays.com\/pl\/111970\/","title":{"rendered":"Sikorski da na wojn\u0119 ponad 10 proc. rocznego bud\u017cetu MSZ?"},"content":{"rendered":"\n<p>&#13;<br \/>\nDecyzj\u0105 ministra spraw zagranicznych kolejne miliony pop\u0142yn\u0105 na\u00a0Ukrain\u0119. Politycy partii opozycyjnych \u2013\u00a0dw\u00f3ch Konfederacji oraz\u00a0Prawa i\u00a0Sprawiedliwo\u015bci nie\u00a0zamierzaj\u0105 milcze\u0107. Po\u00a0raz kolejny pytaj\u0105, ile jeszcze mo\u017ce wytrzyma\u0107 polski podatnik. &#13;\n<\/p>\n<p>Sikorski: Jeszcze w\u00a0tym roku 100 milion\u00f3w dolar\u00f3w z\u00a0bud\u017cetu MSZ<\/p>\n<p>&#13;<br \/>\n\u2013 Z\u00a0bud\u017cetu, kt\u00f3ry mam w\u00a0MSZ, zamierzam jeszcze przed ko\u0144cem roku przela\u0107 100 milion\u00f3w dolar\u00f3w na\u00a0pomoc wojskow\u0105 dla\u00a0Ukrainy w\u00a0ramach programu PURL, z\u00a0kt\u00f3rego kupujemy ameryka\u0144skie uzbrojenie \u2013\u00a0<a href=\"https:\/\/dorzeczy.pl\/opinie\/808974\/100-milionow-dolarow-zajaczkowska-wzywa-wladze-do-opamietania.html\" rel=\"nofollow noopener\" target=\"_blank\">powiedzia\u0142 Sikorski w\u00a0czwartek w\u00a0Brukseli<\/a>, przed posiedzeniem unijnej Rady ds. Zagranicznych. &#13;\n<\/p>\n<p>&#13;<br \/>\nProgram PURL (Priority Ukraine Requirements List) ma\u00a0na\u00a0celu zakup ameryka\u0144skiej broni i\u00a0amunicji dla\u00a0Ukrainy przez rz\u0105dz\u0105cych w\u00a0Europie na\u00a0wojn\u0119 z\u00a0Rosj\u0105. Za\u00a0kadencji Trumpa Waszyngton zmieni\u0142 spos\u00f3b wspierania Kijowa poprzez zaprzestanie bezpo\u015bredniego finansowania cz\u0119\u015bci uzbrojenia i\u00a0sprz\u0119tu militarnego. &#13;\n<\/p>\n<p>&#13;<br \/>\ntwitter&#13;\n<\/p>\n<p>Jab\u0142o\u0144ski: Mam nadziej\u0119, \u017ce\u00a0to\u00a0pomy\u0142ka <\/p>\n<p>&#13;<br \/>\nZajmuj\u0105cy si\u0119 m.in. sprawami zagranicznymi pose\u0142 PiS Pawe\u0142 Jab\u0142o\u0144ski wyrazi\u0142 nadziej\u0119, \u017ce\u00a0obwieszczenie ministra Sikorskiego to\u00a0jednak pomy\u0142ka. &#8222;Z\u00a0rosyjsk\u0105 agresj\u0105 trzeba walczy\u0107 \u2013\u00a0ale\u00a0nie poprzez zabieranie pieni\u0119dzy z\u00a0bud\u017cetu i\u00a0tak niedofinansowanego Ministerstwa Spraw Zagranicznych!&#8221; \u2013\u00a0podkre\u015bli\u0142. &#13;\n<\/p>\n<p>&#13;<br \/>\nJab\u0142o\u0144ski wskaza\u0142, \u017ce\u00a0100 mln dolar\u00f3w, czyli prawie 400 mln z\u0142\u00a0stanowi ponad 10 procent bud\u017cetu MSZ na\u00a02025 rok. &#13;\n<\/p>\n<p>&#8222;Polska pomog\u0142a finansowo Ukrainie bardziej ni\u017c\u00a0ktokolwiek&#8221; <\/p>\n<p>&#13;<br \/>\n&#8222;Zamkniemy 1\/10 ambasad? Zwolnimy 1\/10 dyplomat\u00f3w?&#8221; \u2013\u00a0zapyta\u0142. &#8222;Polska pomog\u0142a finansowo Ukrainie bardziej ni\u017c\u00a0ktokolwiek inny. Zadaniem naszej dyplomacji powinno by\u0107 doprowadzenie do\u00a0tego, aby\u00a0teraz to\u00a0nasi sojusznicy wydawali wi\u0119cej! A\u00a0zw\u0142aszcza, \u017ceby w\u00a0ko\u0144cu <a href=\"https:\/\/dorzeczy.pl\/opinie\/772515\/kallas-o-ewentualnej-konfiskacie-aktywow-rosji-w-europie.html\" rel=\"nofollow noopener\" target=\"_blank\">przestali blokowa\u0107 konfiskat\u0119 rosyjskich rezerw<\/a>&#8221; \u2013\u00a0oceni\u0142. &#13;\n<\/p>\n<p>&#13;<br \/>\n&#8222;Je\u015bli mamy wolne 400 mln, te\u00a0pieni\u0105dze nale\u017cy wyda\u0107 na\u00a0popraw\u0119 funkcjonowania naszych ambasad, atrakcyjniejsze wynagrodzenia dla\u00a0m\u0142odych ludzi, \u017ceby chcieli pracowa\u0107 w\u00a0dyplomacji&#8230;albo na\u00a0zwi\u0119kszenie bud\u017cetu NASZYCH s\u0142u\u017cb \u2013\u00a0\u017ceby nast\u0119pnym razem ruscy dywersanci nie\u00a0uciekli Kierwi\u0144skiemu i\u00a0Siemoniakowi&#8221; \u2013\u00a0zaproponowa\u0142 Jab\u0142o\u0144ski. &#13;\n<\/p>\n<p>&#13;<br \/>\ntwitterCzytaj te\u017c:<br \/><a href=\"https:\/\/dorzeczy.pl\/ekonomia\/808821\/sikorski-da-z-podatkow-na-wojne-100-mln-dol-mentzen-reaguje.html\" rel=\"follow nofollow noopener\" data-schema=\"DORZECZY\" data-image=\"https:\/\/img.dorzeczy.pl\/_thumb\/53\/7a\/9c4c5368de2b28a13d6b9f3d54bf.jpeg\" target=\"_blank\">Sikorski da z\u00a0podatk\u00f3w na\u00a0wojn\u0119 100 milion\u00f3w dolar\u00f3w. Mentzen reaguje<\/a>Czytaj te\u017c:<br \/><a href=\"https:\/\/dorzeczy.pl\/opinie\/808974\/100-milionow-dolarow-zajaczkowska-wzywa-wladze-do-opamietania.html\" rel=\"follow nofollow noopener\" data-schema=\"DORZECZY\" data-image=\"https:\/\/img.dorzeczy.pl\/_thumb\/b2\/e4\/ce8771baffdecf426006a64da19d.jpeg\" target=\"_blank\">100 milion\u00f3w dolar\u00f3w. Zaj\u0105czkowska wzywa w\u0142adze do\u00a0opami\u0119tania<\/a>&#13;<\/p>\n","protected":false},"excerpt":{"rendered":"&#13; Decyzj\u0105 ministra spraw zagranicznych kolejne miliony pop\u0142yn\u0105 na\u00a0Ukrain\u0119. Politycy partii opozycyjnych \u2013\u00a0dw\u00f3ch Konfederacji oraz\u00a0Prawa i\u00a0Sprawiedliwo\u015bci nie\u00a0zamierzaj\u0105 milcze\u0107.&hellip;\n","protected":false},"author":2,"featured_media":111971,"comment_status":"","ping_status":"","sticky":false,"template":"","format":"standard","meta":{"footnotes":""},"categories":[14],"tags":[24519,24518,24520,32,33,387,98,105,27,14488,49,34,35,1162,28,31,25,102,40,41,1316,80,29,30,415,26,82,83,84],"class_list":{"0":"post-111970","1":"post","2":"type-post","3":"status-publish","4":"format-standard","5":"has-post-thumbnail","7":"category-swiat","8":"tag-10-procent","9":"tag-100-milionow","10":"tag-400-milionow","11":"tag-breaking-news","12":"tag-breakingnews","13":"tag-budzet","14":"tag-dorzeczy","15":"tag-ekonomia","16":"tag-headlines","17":"tag-jablonski","18":"tag-kraj","19":"tag-latest-news","20":"tag-latestnews","21":"tag-msz","22":"tag-naglowki","23":"tag-najwazniejsze-artykuly","24":"tag-news","25":"tag-opinie","26":"tag-polish","27":"tag-polski","28":"tag-sikorski","29":"tag-swiat","30":"tag-top-stories","31":"tag-topstories","32":"tag-ukraina","33":"tag-wiadomosci","34":"tag-world","35":"tag-world-news","36":"tag-worldnews"},"share_on_mastodon":{"url":"","error":""},"_links":{"self":[{"href":"https:\/\/www.europesays.com\/pl\/wp-json\/wp\/v2\/posts\/111970","targetHints":{"allow":["GET"]}}],"collection":[{"href":"https:\/\/www.europesays.com\/pl\/wp-json\/wp\/v2\/posts"}],"about":[{"href":"https:\/\/www.europesays.com\/pl\/wp-json\/wp\/v2\/types\/post"}],"author":[{"embeddable":true,"href":"https:\/\/www.europesays.com\/pl\/wp-json\/wp\/v2\/users\/2"}],"replies":[{"embeddable":true,"href":"https:\/\/www.europesays.com\/pl\/wp-json\/wp\/v2\/comments?post=111970"}],"version-history":[{"count":0,"href":"https:\/\/www.europesays.com\/pl\/wp-json\/wp\/v2\/posts\/111970\/revisions"}],"wp:featuredmedia":[{"embeddable":true,"href":"https:\/\/www.europesays.com\/pl\/wp-json\/wp\/v2\/media\/111971"}],"wp:attachment":[{"href":"https:\/\/www.europesays.com\/pl\/wp-json\/wp\/v2\/media?parent=111970"}],"wp:term":[{"taxonomy":"category","embeddable":true,"href":"https:\/\/www.europesays.com\/pl\/wp-json\/wp\/v2\/categories?post=111970"},{"taxonomy":"post_tag","embeddable":true,"href":"https:\/\/www.europesays.com\/pl\/wp-json\/wp\/v2\/tags?post=111970"}],"curies":[{"name":"wp","href":"https:\/\/api.w.org\/{rel}","templated":true}]}}