{"id":111974,"date":"2025-11-21T14:27:11","date_gmt":"2025-11-21T14:27:11","guid":{"rendered":"https:\/\/www.europesays.com\/pl\/111974\/"},"modified":"2025-11-21T14:27:11","modified_gmt":"2025-11-21T14:27:11","slug":"ostrow-wielkopolski-na-torach-lezaly-naboje-karabinowe-prowokacja","status":"publish","type":"post","link":"https:\/\/www.europesays.com\/pl\/111974\/","title":{"rendered":"Ostr\u00f3w Wielkopolski. Na torach le\u017ca\u0142y naboje karabinowe. &#8222;Prowokacja&#8221;"},"content":{"rendered":"<p>W pi\u0105tek rano Na terenie remontowanych tor\u00f3w w okolicach Ostrowa Wielkopolskiego znaleziono naboje karabinowe typu &#8222;\u015blepe&#8221;, kt\u00f3re zosta\u0142y zauwa\u017cone przez pracownik\u00f3w wykonuj\u0105cych prace techniczne. O znalezisku natychmiast poinformowano s\u0142u\u017cby.<\/p>\n<p>\u00a0<\/p>\n<p>Sygna\u0142 otrzymali\u015bmy dzisiaj rano oko\u0142o 9:00 od koordynatora prac remontowych w miejscowo\u015bci So\u015bnie &#8211; potwierdzi\u0142 na antenie Polsat News m\u0142. insp. Andrzej Borowiak, rzecznik prasowy Komendy Wojew\u00f3dzkiej Policji w Poznaniu.\u00a0<\/p>\n<p>\u00a0<\/p>\n<p>Jak podkre\u015bli\u0142, mimo \u017ce obecno\u015b\u0107 naboi nie by\u0142a gro\u017ana, policja sprawy nie bagatelizuje. Na miejscu pracuje jednostka \u015bledcza, kt\u00f3ra ustala szczeg\u00f3\u0142y zdarzenia. &#8211; Z ca\u0142\u0105 determinacj\u0105 b\u0119dziemy starali si\u0119 sprawdzi\u0107, kim by\u0142 cz\u0142owiek, kt\u00f3ry to zrobi\u0142 &#8211;\u00a0 zaznaczy\u0142.\u00a0<\/p>\n<p>Ostr\u00f3w Wielkopolski. Na torach le\u017ca\u0142y naboje. Policja podejrzewa prowokacj\u0119<\/p>\n<p>Wielkopolska policja ocenia zdarzenie jako mo\u017cliw\u0105 prowokacj\u0119 lub pr\u00f3b\u0119 sprawdzenia reakcji funkcjonariuszy. &#8222;Znajdziemy osob\u0119 odpowiedzialn\u0105 za pod\u0142o\u017cenie naboi i poci\u0105gniemy j\u0105 do odpowiedzialno\u015bci karnej&#8221; &#8211; podkre\u015blono w komunikacie wielkopolskiej policji.\u00a0<\/p>\n<p>\u00a0<\/p>\n<p>ZOBACZ: <a href=\"https:\/\/www.polsatnews.pl\/wiadomosc\/2025-11-20\/wiadomo-kto-stal-za-aktami-dywersji-na-kolei-ujawniono-nazwiska\/\" rel=\"nofollow noopener\" target=\"_blank\">Wiadomo, kto sta\u0142 za aktami dywersji na kolei. Ujawniono nazwiska<\/a><\/p>\n<p>\u00a0<\/p>\n<p>Jak ostrzegaj\u0105, sprawcy grozi bardzo powa\u017cna kara. Mo\u017ce odpowiada\u0107 za wywo\u0142anie fa\u0142szywego alarmu, a tak\u017ce za nielegalne posiadanie broni i amunicji. Grozi za to kara wi\u0119zienia nawet na osiem lat.\u00a0<\/p>\n<p>\u00a0<\/p>\n<p>&#8211; Chcia\u0142bym przypomnie\u0107, \u017ce istniej\u0105 przepisy, kt\u00f3re m\u00f3wi\u0105 o tym, \u017ce w og\u00f3le wchodzenie na tory kolejowe i obiekty infrastruktury krytycznej jest zabronione &#8211; dodaje m\u0142. insp. Andrzej Borowiak.\u00a0<\/p>\n<p>\u00a0<\/p>\n<p>\u00a0<\/p>\n<p>Funkcjonariusze dzi\u0119kuj\u0105 tak\u017ce za czujno\u015b\u0107 pracownikom PKP oraz ekipom remontowym, kt\u00f3re szybko zg\u0142osi\u0142y podejrzany przedmiot.\u00a0<\/p>\n<p>\u00a0<\/p>\n<p>Przypomnijmy, \u017ce na wybranych liniach kolejowych w kraju obowi\u0105zuje obecnie trzeci stopie\u0144 alarmowy CHARLIE. Obywatele s\u0105 proszeni o zachowanie szczeg\u00f3lnej czujno\u015bci, zg\u0142aszanie s\u0142u\u017cbom wszelkich podejrzanych sytuacji oraz przestrzeganie ich polece\u0144.<\/p>\n<p>\u00a0<\/p>\n<p>ZOBACZ: <a href=\"https:\/\/geekweek.interia.pl\/technologia\/news-trzeci-stopien-alarmowy-na-kolei-sytuacja-jest-nadzwyczajna,nId,22455889\" rel=\"nofollow noopener\" target=\"_blank\">Trzeci stopie\u0144 alarmowy na kolei. Sytuacja jest nadzwyczajna<\/a><\/p>\n<p>\u00a0<\/p>\n<p>W czasie trwania stopnia alarmowego nale\u017cy zwraca\u0107 uwag\u0119 na nietypowe zdarzenia i potencjalne zagro\u017cenia &#8211; m.in. osoby zachowuj\u0105ce si\u0119 w nietypowy spos\u00f3b, pozostawione bez opieki paczki, torby lub plecaki, a tak\u017ce pojazdy, zw\u0142aszcza transportowe, zaparkowane w pobli\u017cu miejsc mog\u0105cych by\u0107 celem akt\u00f3w dywersji.<\/p>\n<p>\u00a0<\/p>\n<p>W razie zauwa\u017cenia zagro\u017cenia nale\u017cy niezw\u0142ocznie powiadomi\u0107 s\u0142u\u017cby pod numerem 112.<\/p>\n<p>Akty dywersji na polskiej kolei. Prokuratura prowadzi \u015bledztwo\u00a0<\/p>\n<p>Zwi\u0119kszona uwaga s\u0142u\u017cb oraz pracownik\u00f3w kolei wynika z wcze\u015bniejszych akt\u00f3w dywersji, kt\u00f3re mia\u0142y miejsce w dniach 15\u201317 listopada na odcinku trasy Warszawa\u2013Dorohusk.<\/p>\n<p>\u00a0<\/p>\n<p>ZOBACZ: <a href=\"https:\/\/www.polsatnews.pl\/wiadomosc\/2024-10-25\/dywersja-ze-strony-rosji-agencja-bezpieczenstwa-wewnetrznego-ostrzega\/\" rel=\"nofollow noopener\" target=\"_blank\">Dywersja ze strony Rosji. Agencja Bezpiecze\u0144stwa Wewn\u0119trznego ostrzega<\/a><\/p>\n<p>\u00a0<\/p>\n<p>W miejscowo\u015bci Mika w powiecie garwoli\u0144skim (wojew\u00f3dztwo mazowieckie) eksplozja \u0142adunku wybuchowego spowodowa\u0142a zniszczenie toru kolejowego. Z kolei niedaleko stacji kolejowej Go\u0142\u0105b w powiecie pu\u0142awskim (wojew\u00f3dztwo lubelskie) w niedziel\u0119 poci\u0105g przewo\u017c\u0105cy 475 pasa\u017cer\u00f3w musia\u0142 nagle hamowa\u0107 z powodu uszkodzonej linii kolejowej.<\/p>\n<p>\u00a0<\/p>\n<p>Prokuratura wszcz\u0119\u0142a \u015bledztwo w sprawie akt\u00f3w dywersji o charakterze terrorystycznym, wymierzonych w infrastruktur\u0119 kolejow\u0105. Dochodzenie prowadzone jest pod k\u0105tem dzia\u0142a\u0144 na rzecz obcego wywiadu.<\/p>\n<p>\u00a0<\/p>\n<p>Widzia\u0142e\u015b co\u015b wa\u017cnego? Przy\u015blij zdj\u0119cie, film lub napisz, co si\u0119 sta\u0142o. Skorzystaj z naszej <a href=\"https:\/\/www.polsatnews.pl\/platforma-widzow\/\" target=\"_blank\" rel=\"noopener noreferrer nofollow\">Wrzutni<\/a><\/p>\n<p>                <img decoding=\"async\" src=\"https:\/\/www.europesays.com\/pl\/wp-content\/uploads\/2025\/11\/v89452wcmaja1nomr545ci6vi9drqmx3.jpg\" alt=\"\" itemprop=\"contentUrl\" style=\"position:absolute; width: 100%; max-height: 100%;\"\/><video controls=\"\" controlslist=\"nodownload\" poster=\"https:\/\/www.europesays.com\/pl\/wp-content\/uploads\/2025\/11\/v89452wcmaja1nomr545ci6vi9drqmx3.jpg\" class=\"videoPlayer player6854826 news__video\" data-id=\"6854826\">Twoja przegl\u0105darka nie wspiera odtwarzacza wideo&#8230;<\/video><\/p>\n<p>                <a class=\"news__read-more-button\" href=\"https:\/\/www.polsatnews.pl\/\" rel=\"nofollow noopener\" target=\"_blank\">Czytaj wi\u0119cej<\/a><\/p>\n","protected":false},"excerpt":{"rendered":"W pi\u0105tek rano Na terenie remontowanych tor\u00f3w w okolicach Ostrowa Wielkopolskiego znaleziono naboje karabinowe typu &#8222;\u015blepe&#8221;, kt\u00f3re zosta\u0142y&hellip;\n","protected":false},"author":2,"featured_media":111975,"comment_status":"","ping_status":"","sticky":false,"template":"","format":"standard","meta":{"footnotes":""},"categories":[5],"tags":[32,33,36,37,27,34,35,28,31,25,42,38,40,39,41,29,30,26],"class_list":{"0":"post-111974","1":"post","2":"type-post","3":"status-publish","4":"format-standard","5":"has-post-thumbnail","7":"category-naglowki","8":"tag-breaking-news","9":"tag-breakingnews","10":"tag-featured-news","11":"tag-featurednews","12":"tag-headlines","13":"tag-latest-news","14":"tag-latestnews","15":"tag-naglowki","16":"tag-najwazniejsze-artykuly","17":"tag-news","18":"tag-pl","19":"tag-poland","20":"tag-polish","21":"tag-polska","22":"tag-polski","23":"tag-top-stories","24":"tag-topstories","25":"tag-wiadomosci"},"share_on_mastodon":{"url":"https:\/\/pubeurope.com\/@pl\/115588159718225981","error":""},"_links":{"self":[{"href":"https:\/\/www.europesays.com\/pl\/wp-json\/wp\/v2\/posts\/111974","targetHints":{"allow":["GET"]}}],"collection":[{"href":"https:\/\/www.europesays.com\/pl\/wp-json\/wp\/v2\/posts"}],"about":[{"href":"https:\/\/www.europesays.com\/pl\/wp-json\/wp\/v2\/types\/post"}],"author":[{"embeddable":true,"href":"https:\/\/www.europesays.com\/pl\/wp-json\/wp\/v2\/users\/2"}],"replies":[{"embeddable":true,"href":"https:\/\/www.europesays.com\/pl\/wp-json\/wp\/v2\/comments?post=111974"}],"version-history":[{"count":0,"href":"https:\/\/www.europesays.com\/pl\/wp-json\/wp\/v2\/posts\/111974\/revisions"}],"wp:featuredmedia":[{"embeddable":true,"href":"https:\/\/www.europesays.com\/pl\/wp-json\/wp\/v2\/media\/111975"}],"wp:attachment":[{"href":"https:\/\/www.europesays.com\/pl\/wp-json\/wp\/v2\/media?parent=111974"}],"wp:term":[{"taxonomy":"category","embeddable":true,"href":"https:\/\/www.europesays.com\/pl\/wp-json\/wp\/v2\/categories?post=111974"},{"taxonomy":"post_tag","embeddable":true,"href":"https:\/\/www.europesays.com\/pl\/wp-json\/wp\/v2\/tags?post=111974"}],"curies":[{"name":"wp","href":"https:\/\/api.w.org\/{rel}","templated":true}]}}