{"id":111976,"date":"2025-11-21T14:28:23","date_gmt":"2025-11-21T14:28:23","guid":{"rendered":"https:\/\/www.europesays.com\/pl\/111976\/"},"modified":"2025-11-21T14:28:23","modified_gmt":"2025-11-21T14:28:23","slug":"fc-barcelona-to-koniec-fatalne-doniesienia-ws-wojciecha-szczesnego","status":"publish","type":"post","link":"https:\/\/www.europesays.com\/pl\/111976\/","title":{"rendered":"FC Barcelona. To koniec. Fatalne doniesienia ws. Wojciecha Szcz\u0119snego"},"content":{"rendered":"<p class=\"typography ids-typeset-body ids-typeset-body--preset-large link paragraph ids-paragraph ids-paragraph--default\">FC Barcelona wznowi jutro rywalizacj\u0119 o mistrzostwo Hiszpanii po przerwie reprezentacyjnej i to nie w byle jakich okoliczno\u015bciach. &#8222;Duma Katalonii&#8221; w ko\u0144cu wr\u00f3ci bowiem do swojego domu &#8211; na Camp Nou\u00a0po raz pierwszy od rozpocz\u0119tej w 2023 przebudowy s\u0142ynnego stadionu. I to w\u0142a\u015bnie tam podejmie ekip\u0119 Athletiku Bilbao.<\/p>\n<p class=\"typography ids-typeset-body ids-typeset-body--preset-large link paragraph ids-paragraph ids-paragraph--default\">Wojciech Szcz\u0119sny nie mia\u0142 jeszcze okazji, by zagra\u0107 na tej arenie jako pi\u0142karz Barcelony i tym razem&#8230; tak\u017ce nie b\u0119dzie mu to dane. Potwierdzi\u0142 to podczas pi\u0105tkowej konferencji prasowej trener Hansi Flick.<\/p>\n<p>FC Barcelona. Fatalna wiadomo\u015b\u0107 ws. Szcz\u0119snego, Flick og\u0142asza<\/p>\n<p class=\"typography ids-typeset-body ids-typeset-body--preset-large link paragraph ids-paragraph ids-paragraph--default\">Jeden z dziennikarzy &#8211; Xavier Lemus zapyta\u0142 niemieckiego szkoleniowca wprost o to, czy Joan Garcia, kt\u00f3ry zako\u0144czy\u0142 ju\u017c proces rehabilitacji, wr\u00f3ci w sobotnim meczu z ekip\u0105 z Kraju Bask\u00f3w do wyj\u015bciowego sk\u0142adu<\/p>\n<p class=\"typography ids-typeset-body ids-typeset-body--preset-large link paragraph ids-paragraph ids-paragraph--default\">&#8211; A co pan my\u015bli? &#8211; zapyta\u0142 go niespodziewanie Flick.<\/p>\n<p class=\"typography ids-typeset-body ids-typeset-body--preset-large link paragraph ids-paragraph ids-paragraph--default\">&#8211; My\u015bl\u0119 \u017ce tak &#8211; odpad\u0142 przedstawiciel hiszpa\u0144skiej stacji TV3.<\/p>\n<p class=\"typography ids-typeset-body ids-typeset-body--preset-large link paragraph ids-paragraph ids-paragraph--default\">&#8211; Tak, oczywi\u015bcie. Ma pan racj\u0119 &#8211; og\u0142osi\u0142 w\u00f3wczas z u\u015bmiechem by\u0142y szkoleniowiec Bayernu Monachium.<\/p>\n<p class=\"typography ids-typeset-body ids-typeset-body--preset-large link paragraph ids-paragraph ids-paragraph--default\">Tym samym ko\u0144ca dobiegnie passa <a href=\"https:\/\/sport.interia.pl\/pilka-nozna\/profil-wojciech-szczesny,sppi,1952\" target=\"_self\" rel=\"nofollow noopener\">Wojciecha Szcz\u0119snego<\/a>, kt\u00f3ry pod nieobecno\u015b\u0107 Joana Garcii wyst\u0105pi\u0142 w dziewi\u0119ciu ostatnich spotkaniach Barcelony. I nie by\u0142 to dla niego udany okres.<\/p>\n<p class=\"typography ids-typeset-body ids-typeset-body--preset-large link paragraph ids-paragraph ids-paragraph--default\">&#8222;Duma Katalonii&#8221; by\u0142a bowiem raz za razem\u00a0ostro krytykowana za postaw\u0119 w defensywie. Do\u015b\u0107 powiedzie\u0107, \u017ce Polak we wspomnianym okresie skapitulowa\u0142 a\u017c 17-krotnie.<\/p>\n<p class=\"typography ids-typeset-body ids-typeset-body--preset-large link paragraph ids-paragraph ids-paragraph--default\">Kibice Barcelony mog\u0105 wi\u0119c mie\u0107 nadziej\u0119, \u017ce Joan Garcia pomo\u017ce ekipie Flicka zn\u00f3w walczy\u0107 o jak najwi\u0119ksz\u0105 liczb\u0119 czystych kont. Cho\u0107 ci z Polski mog\u0105 by\u0107 po cz\u0119\u015bci niepocieszeni faktem, \u017ce nasz rodak wr\u00f3ci najprawdopodobniej na dobre na \u0142awk\u0119 rezerwowych. W akcji b\u0119d\u0105 mogli jednak zobaczy\u0107 za to Roberta Lewandowskiego.<\/p>\n<p>FC Barcelona wr\u00f3ci\u0142a na Camp Nou. Tak prezentuje si\u0119 stadion. WIDEOANAHI ARADAS \/ AFPTV \/ AFPAFP<\/p>\n<p><img decoding=\"async\" class=\"ids-image-holder__img\" loading=\"lazy\" alt=\"Wojciech Szcz\u0119sny m\u00f3g\u0142 zagra\u0107 w polskim klubie. Zaskakuj\u0105cy kierunek. &quot;My\u015bla\u0142 o tym&quot;\" title=\"Wojciech Szcz\u0119sny\" width=\"1024\" height=\"676\" src=\"https:\/\/www.europesays.com\/pl\/wp-content\/uploads\/2025\/11\/000LX2PY9WQ37Q5J-C322-F4.webp.webp\"\/><\/p>\n<p>Wojciech Szcz\u0119snyUrbanandsportAFP<\/p>\n<p><img decoding=\"async\" class=\"ids-image-holder__img\" loading=\"lazy\" alt=\"Bramkarz w pomara\u0144czowym stroju z logo FC Barcelona na tle stadionu podczas meczu pi\u0142karskiego, w oddali widoczni zawodnicy w bia\u0142ych i granatowych strojach, trybuny wype\u0142nione kibicami.\" title=\"Wojciech Szcz\u0119sny\" width=\"2441\" height=\"1625\" src=\"https:\/\/www.europesays.com\/pl\/wp-content\/uploads\/2025\/11\/000LVS3947MM8AQT-C322-F4.webp.webp\"\/><\/p>\n<p>Wojciech Szcz\u0119snyMATTHIEU MIRVILLEAFP<\/p>\n<p><img decoding=\"async\" class=\"ids-image-holder__img\" loading=\"lazy\" alt=\"Trener pi\u0142karski patrz\u0105cy powa\u017cnie w bok, na drugim planie w k\u00f3\u0142ku widoczna dynamiczna scena meczu pi\u0142ki no\u017cnej z udzia\u0142em bramkarza i siedz\u0105cego na murawie zawodnika.\" title=\"Na zdj\u0119ciu trener FC Barcelona Hansi Flick oraz Wojciech Szcz\u0119sny i Kylian Mbappe\" width=\"2048\" height=\"1459\" src=\"https:\/\/www.europesays.com\/pl\/wp-content\/uploads\/2025\/11\/000LTAMKGW52RSNV-C322-F4.webp.webp\"\/><\/p>\n<p>Na zdj\u0119ciu trener FC Barcelona Hansi Flick oraz Wojciech Szcz\u0119sny i Kylian MbappeJavier Borrego \/ Spain DPPI \/ DPPI via AFP        \/           FADEL SENNA \/ AFPAFP<\/p>\n<p><a class=\"ids-undecorated-link source ids-page-info--source__link\" href=\"https:\/\/www.interia.pl\" rel=\"nofollow noopener\" target=\"_blank\"><img decoding=\"async\" class=\"ids-image-holder__img\" loading=\"lazy\" alt=\"\" title=\"\" height=\"24px\" src=\"https:\/\/www.europesays.com\/pl\/wp-content\/uploads\/2025\/11\/1763630892_338_0009A60QQ5I2TYF7-C202-F4.webp.webp\"\/><\/a><\/p>\n<p>Masz sugestie, uwagi albo widzisz b\u0142\u0105d? Napisz do nas<\/p>\n","protected":false},"excerpt":{"rendered":"FC Barcelona wznowi jutro rywalizacj\u0119 o mistrzostwo Hiszpanii po przerwie reprezentacyjnej i to nie w byle jakich okoliczno\u015bciach.&hellip;\n","protected":false},"author":2,"featured_media":111977,"comment_status":"","ping_status":"","sticky":false,"template":"","format":"standard","meta":{"footnotes":""},"categories":[24],"tags":[42,38,40,39,41,127,126],"class_list":{"0":"post-111976","1":"post","2":"type-post","3":"status-publish","4":"format-standard","5":"has-post-thumbnail","7":"category-sport","8":"tag-pl","9":"tag-poland","10":"tag-polish","11":"tag-polska","12":"tag-polski","13":"tag-sport","14":"tag-sports"},"share_on_mastodon":{"url":"https:\/\/pubeurope.com\/@pl\/115588163656961234","error":""},"_links":{"self":[{"href":"https:\/\/www.europesays.com\/pl\/wp-json\/wp\/v2\/posts\/111976","targetHints":{"allow":["GET"]}}],"collection":[{"href":"https:\/\/www.europesays.com\/pl\/wp-json\/wp\/v2\/posts"}],"about":[{"href":"https:\/\/www.europesays.com\/pl\/wp-json\/wp\/v2\/types\/post"}],"author":[{"embeddable":true,"href":"https:\/\/www.europesays.com\/pl\/wp-json\/wp\/v2\/users\/2"}],"replies":[{"embeddable":true,"href":"https:\/\/www.europesays.com\/pl\/wp-json\/wp\/v2\/comments?post=111976"}],"version-history":[{"count":0,"href":"https:\/\/www.europesays.com\/pl\/wp-json\/wp\/v2\/posts\/111976\/revisions"}],"wp:featuredmedia":[{"embeddable":true,"href":"https:\/\/www.europesays.com\/pl\/wp-json\/wp\/v2\/media\/111977"}],"wp:attachment":[{"href":"https:\/\/www.europesays.com\/pl\/wp-json\/wp\/v2\/media?parent=111976"}],"wp:term":[{"taxonomy":"category","embeddable":true,"href":"https:\/\/www.europesays.com\/pl\/wp-json\/wp\/v2\/categories?post=111976"},{"taxonomy":"post_tag","embeddable":true,"href":"https:\/\/www.europesays.com\/pl\/wp-json\/wp\/v2\/tags?post=111976"}],"curies":[{"name":"wp","href":"https:\/\/api.w.org\/{rel}","templated":true}]}}