{"id":111991,"date":"2025-11-21T14:42:10","date_gmt":"2025-11-21T14:42:10","guid":{"rendered":"https:\/\/www.europesays.com\/pl\/111991\/"},"modified":"2025-11-21T14:42:10","modified_gmt":"2025-11-21T14:42:10","slug":"mial-zastapic-karola-nawrockiego-sejm-zdecydowal-w-sprawie-nowego-prezesa-ipn-onet","status":"publish","type":"post","link":"https:\/\/www.europesays.com\/pl\/111991\/","title":{"rendered":"Mia\u0142 zast\u0105pi\u0107 Karola Nawrockiego. Sejm zdecydowa\u0142 w sprawie nowego prezesa IPN &#8211; Onet"},"content":{"rendered":"<ol>\n<li><a href=\"https:\/\/news.google.com\/rss\/articles\/CBMisAFBVV95cUxPb2M0ZXlBUTA3OFZFSE1pNWNnVXNvNndUTXBaaGlKM194TUQ1SkZCTnZHQ3d4dHVpS2E5TkVjQ1Z2ZDRUVmdGVnlEOTRfVmpJSUppQk5rcUZsYzZLc2N0ZlJQZXluZS1wVHJSbHhmQ2M2ejZkUnp6YWRKOHNpMVhyZ05mVVBVUFpiSUxYMTNiVmpGRV9NSEhYOVlHVFd5R3pfZ3hmWF9NUEVQZk9wYjBmSw?oc=5\" target=\"_blank\" rel=\"nofollow noopener\">Mia\u0142 zast\u0105pi\u0107 Karola Nawrockiego. Sejm zdecydowa\u0142 w sprawie nowego prezesa IPN<\/a>&nbsp;&nbsp;Onet<\/li>\n<li><a href=\"https:\/\/news.google.com\/rss\/articles\/CBMimgFBVV95cUxPR1ZLYXJXU0ZIdXpnd25YMzVsOWhIYmVJVnBoSWxFN1dHWVZLQ05LdzBwVm10SW1aNVpXVTRpemJOQmdvZVBvMmZDRmFva2tqVUd3ZTRFVFV5X05tU3RvMDctam55czZma25JRk42OER5WTBPaGh2ajNPSTRKRDJpMmo0SHd6a0xCNDNxV2x1Mi12eGQzVHdEaktB?oc=5\" target=\"_blank\" rel=\"nofollow noopener\">TYLKO U NAS. Prof. Polejowski ujawnia zarzut koalicji Tuska!<\/a>&nbsp;&nbsp;wPolityce.pl<\/li>\n<li><a href=\"https:\/\/news.google.com\/rss\/articles\/CBMisgFBVV95cUxQZ1N4WHRjNF9VRmYtVGFFaW81aFR1clBxcTFMRWRNaEZBSm9hZERuVXZ2TmFieXZ2UUVZTUFybXRIREFoVG92UmpkZGRVMUlGa2h2bWFaVG1iUFNDN0piLTFMSUpiMDFnM0VhOUlGcFFSU1hXUF9ueFY3RV9GUWZ0eS1fT0xyMlpOZHNDNkpUZXZ4aVpzamVtOUk2bDkxNFQzNGN0eHdsZW5fWFRNMEZOamdB?oc=5\" target=\"_blank\" rel=\"nofollow noopener\">Kto zast\u0105pi Nawrockiego w IPN? Jest decyzja Sejmu<\/a>&nbsp;&nbsp;Gazeta<\/li>\n<li><a href=\"https:\/\/news.google.com\/rss\/articles\/CBMijwFBVV95cUxOdTVPeHFqcjY5MlY5Wkd4ZjI3dDIyOFFxTUlpSno5YVFhVTNjUDhoeHAzS0UyM0FqaFRxc2sxQ1BKR1NNY0ZvR2VlQU16bnh2cFhodXlxbjQ4eC1uUWFQald4ZlI0Tm8zN05DcVBDcVFUQ2pvWWZQYktvYngtYm1YUHVrbFRLZGdZQUdjdUx1dw?oc=5\" target=\"_blank\" rel=\"nofollow noopener\">Sejm mia\u0142 powo\u0142a\u0107 prezesa IPN. Jest decyzja<\/a>&nbsp;&nbsp;TVN24<\/li>\n<li><a href=\"https:\/\/news.google.com\/rss\/articles\/CBMickFVX3lxTFAyNlJOTnNmdjQxT1FJRVJZX2syQVhRVk5oRFVZOVN6M3F2dkthWnBEOXVDRTFsZ0oxcElLdVJPbjc4RDZPdG12SHhRMnZFbXJsYVp3NXh0T2d4eno0UjZXUk1udXd2c1NTX0JQVUxmWjBoUQ?oc=5\" target=\"_blank\" rel=\"nofollow noopener\">Kto stanie na czele IPN? W grze s\u0105 dwa scenariusze<\/a>&nbsp;&nbsp;Wyborcza.pl<\/li>\n<\/ol>\n","protected":false},"excerpt":{"rendered":"Mia\u0142 zast\u0105pi\u0107 Karola Nawrockiego. Sejm zdecydowa\u0142 w sprawie nowego prezesa IPN&nbsp;&nbsp;Onet TYLKO U NAS. Prof. Polejowski ujawnia zarzut&hellip;\n","protected":false},"author":2,"featured_media":111692,"comment_status":"","ping_status":"","sticky":false,"template":"","format":"standard","meta":{"footnotes":""},"categories":[5],"tags":[32,33,36,37,27,67,18111,240,34,35,28,31,53,25,52,68,51,55,42,38,40,39,41,47,423,29,30,65,50,26],"class_list":{"0":"post-111991","1":"post","2":"type-post","3":"status-publish","4":"format-standard","5":"has-post-thumbnail","7":"category-naglowki","8":"tag-breaking-news","9":"tag-breakingnews","10":"tag-featured-news","11":"tag-featurednews","12":"tag-headlines","13":"tag-intextvideo_splayer","14":"tag-ipn_instytut_pamieci_narodowej","15":"tag-karol_nawrocki_prezydent","16":"tag-latest-news","17":"tag-latestnews","18":"tag-naglowki","19":"tag-najwazniejsze-artykuly","20":"tag-new_header","21":"tag-news","22":"tag-onet3","23":"tag-onet3d","24":"tag-onet3d_2i","25":"tag-phx","26":"tag-pl","27":"tag-poland","28":"tag-polish","29":"tag-polska","30":"tag-polski","31":"tag-screening_general","32":"tag-sejm","33":"tag-top-stories","34":"tag-topstories","35":"tag-update_me","36":"tag-v2021","37":"tag-wiadomosci"},"share_on_mastodon":{"url":"https:\/\/pubeurope.com\/@pl\/115588218476567662","error":""},"_links":{"self":[{"href":"https:\/\/www.europesays.com\/pl\/wp-json\/wp\/v2\/posts\/111991","targetHints":{"allow":["GET"]}}],"collection":[{"href":"https:\/\/www.europesays.com\/pl\/wp-json\/wp\/v2\/posts"}],"about":[{"href":"https:\/\/www.europesays.com\/pl\/wp-json\/wp\/v2\/types\/post"}],"author":[{"embeddable":true,"href":"https:\/\/www.europesays.com\/pl\/wp-json\/wp\/v2\/users\/2"}],"replies":[{"embeddable":true,"href":"https:\/\/www.europesays.com\/pl\/wp-json\/wp\/v2\/comments?post=111991"}],"version-history":[{"count":0,"href":"https:\/\/www.europesays.com\/pl\/wp-json\/wp\/v2\/posts\/111991\/revisions"}],"wp:featuredmedia":[{"embeddable":true,"href":"https:\/\/www.europesays.com\/pl\/wp-json\/wp\/v2\/media\/111692"}],"wp:attachment":[{"href":"https:\/\/www.europesays.com\/pl\/wp-json\/wp\/v2\/media?parent=111991"}],"wp:term":[{"taxonomy":"category","embeddable":true,"href":"https:\/\/www.europesays.com\/pl\/wp-json\/wp\/v2\/categories?post=111991"},{"taxonomy":"post_tag","embeddable":true,"href":"https:\/\/www.europesays.com\/pl\/wp-json\/wp\/v2\/tags?post=111991"}],"curies":[{"name":"wp","href":"https:\/\/api.w.org\/{rel}","templated":true}]}}