{"id":112027,"date":"2025-11-21T15:07:14","date_gmt":"2025-11-21T15:07:14","guid":{"rendered":"https:\/\/www.europesays.com\/pl\/112027\/"},"modified":"2025-11-21T15:07:14","modified_gmt":"2025-11-21T15:07:14","slug":"garmin-za-bezcen-tak-tanio-jeszcze-nie-bylo","status":"publish","type":"post","link":"https:\/\/www.europesays.com\/pl\/112027\/","title":{"rendered":"Garmin za bezcen. Tak tanio jeszcze nie by\u0142o"},"content":{"rendered":"\n<p class=\"text-lg md:text-xl mb-6 leading-8 md:leading-9 font-inter px-4 md:px-0 relative z-1\" data-v-de169c3e=\"\">Wygl\u0105da na to, \u017ce w tym roku nie b\u0119dzie brakowa\u0107 dobrych promocji na zegarki Garmin. Black Friday dopiero za tydzie\u0144, a ju\u017c dzisiaj mamy \u015bwietne ceny na Fenixa 7 Pro, Fenixa 8 oraz Vivoactive 5.<\/p>\n<p>Je\u015bli planujecie kupi\u0107 zegarek Garmina w tym roku to wygl\u0105da na to, \u017ce okazji nie zabraknie. Wyprzeda\u017cowe szale\u0144stwo dopiero si\u0119 zaczyna, a ju\u017c teraz mamy kilka popularnych modeli w cenach, kt\u00f3re do tej pory nawet si\u0119 nam nie \u015bni\u0142y.<\/p>\n<p>  Garmin Fenix 8 coraz bli\u017cej 3000 z\u0142 <\/p>\n<p>Garmin Fenix 8 to praktycznie flagowy zegarek, kt\u00f3ry zaciera granic\u0119 mi\u0119dzy specjalistycznym komputerem treningowym, a nowoczesnym smartwatchem. Producent postawi\u0142 tu na fenomenalny ekran AMOLED, a dodatkowo zintegrowa\u0142 mikrofon i g\u0142o\u015bnik, co w ko\u0144cu pozwala na prowadzenie rozm\u00f3w telefonicznych prosto z nadgarstka oraz sterowanie asystentem g\u0142osowym. Dodaj\u0105c do tego \u015bwietny wygl\u0105d i funkcje sportowe, otrzymujemy najbardziej uniwersalne urz\u0105dzenie w ofercie ameryka\u0144skiego producenta.<\/p>\n<p>Fenix 8 nie straci\u0142 nic ze swojego outdoorowego charakteru, a wr\u0119cz zyska\u0142 nowe, twarde kompetencje. Zegarek otrzyma\u0142 uszczelnione przyciski indukcyjne i certyfikacj\u0119 pozwalaj\u0105c\u0105 na rekreacyjne nurkowanie do g\u0142\u0119boko\u015bci 40 metr\u00f3w, pe\u0142ni\u0105c funkcj\u0119 pe\u0142noprawnego komputera nurkowego. To sprz\u0119t dla os\u00f3b, kt\u00f3re nie uznaj\u0105 kompromis\u00f3w i szukaj\u0105 jednego urz\u0105dzenia, kt\u00f3re sprawdzi si\u0119 zar\u00f3wno podczas biznesowego spotkania, jak i w trakcie ekstremalnej wyprawy w g\u0142\u0105b oceanu czy na szczyty g\u00f3r. Teraz jego cena na Amazonie spad\u0142a ju\u017c <a href=\"https:\/\/www.amazon.pl\/gp\/product\/B0DC6ZD31R\" target=\"_blank\" rel=\"noopener nofollow\">poni\u017cej 3100 z\u0142otych<\/a>.<\/p>\n<p> Garmin Fenix 7 Pro najtaniej w historii <\/p>\n<p>Cho\u0107 na rynku pojawi\u0142 si\u0119 ju\u017c jego nast\u0119pca, Garmin Fenix 7 Pro wci\u0105\u017c pozostaje jednym z najlepszych zegark\u00f3w multisportowych na \u015bwiecie, a w obecnych promocjach oferuje prawdopodobnie najlepszy stosunek ceny do mo\u017cliwo\u015bci. Model ten s\u0142ynie z wybitnego czasu pracy na baterii, wspieranego przez \u0142adowanie solarne oraz z klasycznego wy\u015bwietlacza MIP, kt\u00f3ry pozostaje idealnie czytelny nawet w ostrym, pustynnym s\u0142o\u0144cu. Sercem zegarka jest sensor t\u0119tna pi\u0105tej generacji, kt\u00f3ry zapewnia precyzj\u0119 pomiar\u00f3w i obs\u0142ug\u0119 EKG, co czyni go niezawodnym partnerem dla ultramarato\u0144czyk\u00f3w i entuzjast\u00f3w d\u0142ugodystansowych wypraw.<\/p>\n<p>Czytaj dalej poni\u017cej <a href=\"https:\/\/antyweb.pl\/garmin-rozpoczal-swiateczna-wyprzedaz-jest-w-czym-wybierac\" aria-label=\"Garmin rozpocz\u0105\u0142 \u015bwi\u0105teczn\u0105 wyprzeda\u017c. Jest w czym wybiera\u0107\" data-v-34dfeb02=\"\" rel=\"nofollow noopener\" target=\"_blank\"> <img src=\"https:\/\/www.europesays.com\/pl\/wp-content\/uploads\/2025\/11\/1763737632_656_garmin-fenix-8-pro-microled-02.jpg\" alt=\"Garmin rozpocz\u0105\u0142 \u015bwi\u0105teczn\u0105 wyprzeda\u017c. Jest w czym wybiera\u0107\" width=\"294\" height=\"166\" loading=\"lazy\" decoding=\"async\" class=\"placeholder__image\" data-v-7665aa9d=\"\"\/><\/a> <a href=\"https:\/\/antyweb.pl\/twoj-garmin-wlasnie-stal-sie-lepszy-wielka-darmowa-aktualizacja\" aria-label=\"Tw\u00f3j Garmin w\u0142a\u015bnie sta\u0142 si\u0119 lepszy. Wielka, darmowa aktualizacja\" data-v-34dfeb02=\"\" rel=\"nofollow noopener\" target=\"_blank\"> <img src=\"https:\/\/www.europesays.com\/pl\/wp-content\/uploads\/2025\/11\/1763737634_694_garmin-fenix-8-pro-microled-10.jpg\" alt=\"Tw\u00f3j Garmin w\u0142a\u015bnie sta\u0142 si\u0119 lepszy. Wielka, darmowa aktualizacja\" width=\"294\" height=\"166\" loading=\"lazy\" decoding=\"async\" class=\"placeholder__image\" data-v-7665aa9d=\"\"\/><\/a>    <\/p>\n<p>Tym, co u\u017cytkownicy pokochali w serii Pro najbardziej, jest jednak wbudowana w kopert\u0119 latarka LED, dost\u0119pna we wszystkich rozmiarach tego modelu. Ten z pozoru prosty dodatek diametralnie zmienia komfort u\u017cytkowania po zmroku, zapewniaj\u0105c bezpiecze\u0144stwo podczas nocnych bieg\u00f3w czy u\u0142atwiaj\u0105c poruszanie si\u0119 na biwaku. Wybieraj\u0105c Fenixa 7 Pro, decydujesz si\u0119 na sprawdzon\u0105, &#8222;pancern\u0105&#8221; technologi\u0119, kt\u00f3ra przetrwa najtrudniejsze warunki. Jego cena po raz pierwszy spada poni\u017cej 2000 z\u0142otych. W polskim Decathlonie mo\u017cna go <a href=\"https:\/\/www.decathlon.pl\/p\/zegarek-z-gps-garmin-fenix-7-pro-solar-47-mm\/_\/R-p-378725\" target=\"_blank\" rel=\"noopener nofollow\">naby\u0107 za 1899 z\u0142otych<\/a>, a je\u015bli pokombinujecie z wysy\u0142k\u0105, to w niemieckim MediaMarkt <a href=\"https:\/\/www.mediamarkt.de\/de\/product\/_garmin-fenix-7-pro-solar-smartwatch-silikon-125-208-mm-schwarzschiefergrau-2878884.html?=\" target=\"_blank\" rel=\"noopener nofollow\">dost\u0119pny jest za 399 euro<\/a> (~1700 z\u0142otych).<\/p>\n<p> Garmin Vivoactive 5 za mniej ni\u017c 700 z\u0142 <\/p>\n<p>Dla os\u00f3b, kt\u00f3re szukaj\u0105 balansu mi\u0119dzy sportem, a \u017cyciem codziennym, a zamiast ci\u0119\u017ckiej, pancernej obudowy wol\u0105 lekko\u015b\u0107 i elegancj\u0119, idealnym wyborem b\u0119dzie Garmin Vivoactive 5. Zegarek ten zosta\u0142 wyposa\u017cony w pi\u0119kny, kontrastowy ekran AMOLED, kt\u00f3ry cieszy oko \u017cywymi kolorami, a mimo to urz\u0105dzenie potrafi pracowa\u0107 na jednym \u0142adowaniu nawet do 11 dni. Vivoactive 5 odchodzi od surowego, outdoorowego charakteru na rzecz bycia zaawansowanym asystentem wellness.<\/p>\n<p>Zegarek ten pe\u0142ni rol\u0119 osobistego trenera zdrowia, k\u0142ad\u0105c ogromny nacisk na regeneracj\u0119 dzi\u0119ki zaawansowanemu asystentowi snu. System nie tylko analizuje jako\u015b\u0107 nocnego wypoczynku, ale tak\u017ce wykrywa drzemki w ci\u0105gu dnia i doradza, jak wp\u0142ywaj\u0105 one na Tw\u00f3j poziom energii Body Battery. W po\u0142\u0105czeniu z funkcjami takimi jak p\u0142atno\u015bci zbli\u017ceniowe Garmin Pay oraz mo\u017cliwo\u015b\u0107 s\u0142uchania muzyki bez telefonu, Vivoactive 5 staje si\u0119 fantastycznym kompanem do biura, na si\u0142owni\u0119 czy zaj\u0119cia jogi, oferuj\u0105c technologi\u0119 Garmina w bardzo przyst\u0119pnej cenie. Teraz wersja z\u0142oto\/kremowa dost\u0119pna jest na Amazonie <a href=\"https:\/\/www.amazon.pl\/dp\/B0CG6NBJ61\" target=\"_blank\" rel=\"noopener nofollow\">za niespe\u0142na 700 z\u0142otych<\/a>.<\/p>\n","protected":false},"excerpt":{"rendered":"Wygl\u0105da na to, \u017ce w tym roku nie b\u0119dzie brakowa\u0107 dobrych promocji na zegarki Garmin. Black Friday dopiero&hellip;\n","protected":false},"author":2,"featured_media":112028,"comment_status":"","ping_status":"","sticky":false,"template":"","format":"standard","meta":{"footnotes":""},"categories":[20],"tags":[120,118,119,42,38,40,39,41,116,114,115,121,117],"class_list":{"0":"post-112027","1":"post","2":"type-post","3":"status-publish","4":"format-standard","5":"has-post-thumbnail","7":"category-nauka-i-technika","8":"tag-nauka","9":"tag-nauka-i-technika","10":"tag-naukatechnika","11":"tag-pl","12":"tag-poland","13":"tag-polish","14":"tag-polska","15":"tag-polski","16":"tag-science","17":"tag-science-and-technology","18":"tag-sciencetechnology","19":"tag-technika","20":"tag-technology"},"share_on_mastodon":{"url":"https:\/\/pubeurope.com\/@pl\/115588317010588535","error":""},"_links":{"self":[{"href":"https:\/\/www.europesays.com\/pl\/wp-json\/wp\/v2\/posts\/112027","targetHints":{"allow":["GET"]}}],"collection":[{"href":"https:\/\/www.europesays.com\/pl\/wp-json\/wp\/v2\/posts"}],"about":[{"href":"https:\/\/www.europesays.com\/pl\/wp-json\/wp\/v2\/types\/post"}],"author":[{"embeddable":true,"href":"https:\/\/www.europesays.com\/pl\/wp-json\/wp\/v2\/users\/2"}],"replies":[{"embeddable":true,"href":"https:\/\/www.europesays.com\/pl\/wp-json\/wp\/v2\/comments?post=112027"}],"version-history":[{"count":0,"href":"https:\/\/www.europesays.com\/pl\/wp-json\/wp\/v2\/posts\/112027\/revisions"}],"wp:featuredmedia":[{"embeddable":true,"href":"https:\/\/www.europesays.com\/pl\/wp-json\/wp\/v2\/media\/112028"}],"wp:attachment":[{"href":"https:\/\/www.europesays.com\/pl\/wp-json\/wp\/v2\/media?parent=112027"}],"wp:term":[{"taxonomy":"category","embeddable":true,"href":"https:\/\/www.europesays.com\/pl\/wp-json\/wp\/v2\/categories?post=112027"},{"taxonomy":"post_tag","embeddable":true,"href":"https:\/\/www.europesays.com\/pl\/wp-json\/wp\/v2\/tags?post=112027"}],"curies":[{"name":"wp","href":"https:\/\/api.w.org\/{rel}","templated":true}]}}