{"id":112029,"date":"2025-11-21T15:08:14","date_gmt":"2025-11-21T15:08:14","guid":{"rendered":"https:\/\/www.europesays.com\/pl\/112029\/"},"modified":"2025-11-21T15:08:14","modified_gmt":"2025-11-21T15:08:14","slug":"bezpieczenstwo-zywnosciowe-polakow-zagrozone-przed-ta-ustawa-ostrzegaja-przedstawiciele-kilku-sektorow-i-37-organizacji","status":"publish","type":"post","link":"https:\/\/www.europesays.com\/pl\/112029\/","title":{"rendered":"Bezpiecze\u0144stwo \u017cywno\u015bciowe Polak\u00f3w zagro\u017cone? Przed t\u0105 ustaw\u0105 ostrzegaj\u0105 przedstawiciele kilku sektor\u00f3w i 37 organizacji"},"content":{"rendered":"<p class=\"lead\">Ju\u017c 37 organizacji z sektora rolno-spo\u017cywczego alarmuje przed wprowadzeniem nowych rozwi\u0105za\u0144 o tzw. Rozszerzonej Odpowiedzialno\u015bci Producent\u00f3w. Proponowana w nich tzw. op\u0142ata opakowaniowa mo\u017ce oznacza\u0107 ponad 7-krotny wzrost koszt\u00f3w dla przedsi\u0119biorc\u00f3w. Projekt zak\u0142ada pozyskanie od nich kilku mld z\u0142otych. Prawie jedna pi\u0105ta firm w sektorze spo\u017cywczym to biznesy deficytowe. Nowe obci\u0105\u017cenia mog\u0105 okaza\u0107 si\u0119 dla nich zab\u00f3jcze. \u00a0Nowe przepisy mog\u0105 doprowadzi\u0107 tak\u017ce do upadku bran\u017cy recyklingowej. Produkcj\u0105 opakowa\u0144 zajmuje si\u0119 nawet 8 tys. firm. \u00a0Do projektu wp\u0142yn\u0119\u0142o ju\u017c ponad 1700 uwag. Czy rz\u0105d ws\u0142ucha si\u0119 w skargi przedsi\u0119biorc\u00f3w?<\/p>\n<p>Przy wprowadzaniu proekologicznych rozwi\u0105za\u0144, kt\u00f3re maj\u0105 przynie\u015b\u0107 oszcz\u0119dno\u015bci samorz\u0105dom, pojawia si\u0119 parapodatek uderzaj\u0105cy w pierwszym rz\u0119dzie w przedsi\u0119biorc\u00f3w, a w kolejnych etapach w zwyk\u0142ych obywateli. 13 sierpnia 2025 roku na stronie Rz\u0105dowego Centrum Legislacji opublikowany zosta\u0142 projekt ustawy o opakowaniach i odpadach opakowaniowych (nr UC100), kt\u00f3ry wzbudza wiele kontrowersji. Tzw. \u201eop\u0142ata opakowaniowa&#8221; ma charakter przymusowej, bezzwrotnej daniny bez \u017cadnych \u015bwiadcze\u0144 w zamian \u2013 czyli faktycznie jest podatkiem. Przerzuca ona bowiem du\u017c\u0105 cz\u0119\u015b\u0107 finansowych obci\u0105\u017ce\u0144 na producent\u00f3w i importer\u00f3w, kt\u00f3rzy od teraz sami b\u0119d\u0105 musieli pokrywa\u0107 koszty zbi\u00f3rki i recyklingu odpad\u00f3w, co mo\u017ce wp\u0142yn\u0105\u0107 na wy\u017csze ceny produkt\u00f3w i mar\u017ce przedsi\u0119biorstw.<\/p>\n<p>Alarmuj\u0105ce g\u0142osy bran\u017cy spo\u017cywczej \u2013 mo\u017ce czeka\u0107 nas wzrost cen \u017cywno\u015bci<\/p>\n<p>Projekt wywo\u0142a\u0142 fal\u0119 krytyki przede wszystkim ze strony sektora rolno-spo\u017cywczego. A\u017c 37 organizacji z tej bran\u017cy wyrazi\u0142o oficjalny sprzeciw wobec zapis\u00f3w ustawy, alarmuj\u0105c m.in., \u017ce proponowane rozwi\u0105zania uderzaj\u0105 w jedn\u0105 ze strategicznych ga\u0142\u0119zi dzia\u0142alno\u015bci pa\u0144stwa \u2013 czyli bezpiecze\u0144stwo \u017cywno\u015bciowe. Zwracaj\u0105 uwag\u0119, \u017ce obecnie, przy niepewno\u015bci zwi\u0105zanej z wojn\u0105, niestabilno\u015bci\u0105 dostaw surowc\u00f3w i wzrostem ce\u0142 \u2013 os\u0142abianie bezpiecze\u0144stwa \u017cywno\u015bciowego kraju brzmi szczeg\u00f3lnie niepokoj\u0105co.<\/p>\n<p>Polska Federacja Producent\u00f3w \u017bywno\u015bci (PFP\u017b) ostrzega te\u017c, \u017ce proponowane rozwi\u0105zania s\u0105 dalekie od tzw. systemu ROP (Rozszerzona Odpowiedzialno\u015b\u0107 Producenta) w rozumieniu przepis\u00f3w unijnych. Zwraca uwag\u0119, \u017ce nowy system ma charakter biurokratycznego, nieefektywnego monopolu pa\u0144stwowego, kt\u00f3ry b\u0119dzie finansowany z nowego podatku opakowaniowego, a kt\u00f3ry w pierwszym rz\u0119dzie podniesie ceny \u017cywno\u015bci.<\/p>\n<p>\u2013 Taka zdecydowana reakcja nie dziwi, bo ustawa dla przedsi\u0119biorc\u00f3w oznacza dodatkowe obowi\u0105zki i znacz\u0105co zwi\u0119kszone wydatki. W przypadku najmniejszych podmiot\u00f3w, a tak\u017ce tych, kt\u00f3re balansuj\u0105 na granicy op\u0142acalno\u015bci, ich dalsze funkcjonowanie mo\u017ce by\u0107 zagro\u017cone. To mo\u017ce wp\u0142yn\u0105\u0107 negatywnie na wa\u017cn\u0105 polsk\u0105 bran\u017c\u0119. Protest przed tak sformu\u0142owan\u0105 ustaw\u0105 to jedno, ale odpowiedzialne firmy r\u00f3wnocze\u015bnie powinny rozwa\u017cy\u0107 budowanie rezerw got\u00f3wkowych na wypadek wej\u015bcia jej w \u017cycie<\/p>\n<p>\u00a0\u2013 ocenia Micha\u0142 W\u00f3jtowicz, Dyrektor Regionalny z eFaktor, specjalizuj\u0105cego si\u0119 w finansowaniu M\u015aP.<\/p>\n<p>Ponad 7-krotny wzrost wydatk\u00f3w \u2013 projekt zak\u0142ada pozyskanie z bran\u017cy kilku miliard\u00f3w z\u0142<\/p>\n<p>PFP\u017b nie jest jedynym protestuj\u0105cym g\u0142osem. Og\u00f3lnopolska Izba Gospodarcza Ochrony \u015arodowiska (OIGO\u015a) w swoim stanowisku ostrzega przed szeregiem zagro\u017ce\u0144 konstytucyjnych i gospodarczych p\u0142yn\u0105cych z proponowanej ustawy. Zdaniem ekspert\u00f3w projekt jest nieefektywny ekonomicznie i nie przyniesie deklarowanych korzy\u015bci \u015brodowiskowych.<\/p>\n<p>Wed\u0142ug szacunk\u00f3w Ministerstwa Klimatu i \u015arodowiska wp\u0142ywy z tego tytu\u0142u w 2028 roku maj\u0105 wynie\u015b\u0107 ponad 5 miliard\u00f3w z\u0142otych, podczas gdy aktualnie ponoszone op\u0142aty szacowane s\u0105 na 600-800 milion\u00f3w z\u0142otych. To oznacza ponad 7-krotny wzrost koszt\u00f3w dla przedsi\u0119biorc\u00f3w.<\/p>\n<p>Ta liczba mo\u017ce okaza\u0107 si\u0119 prawdziw\u0105 zmor\u0105 dla bran\u017cy spo\u017cywczej. Jak wynika bowiem z kwartalnika bran\u017cowego PKO BP z 3q2025 od sze\u015bciu kwarta\u0142\u00f3w roczna dynamika koszt\u00f3w w \u201espo\u017cywce\u201d jest wy\u017csza od dynamiki przychod\u00f3w.<\/p>\n<p>&#8211; To mo\u017ce by\u0107 szczeg\u00f3lnie k\u0142opotliwe dla mniejszych podmiot\u00f3w, kt\u00f3rym trudno zr\u00f3wnowa\u017cy\u0107 poniesione koszty przychodami ze sprzeda\u017cy. Jak wynika z danych bran\u017cowych, firmy deficytowe stanowi\u0105 oko\u0142o 17% przedsi\u0119biorstw przemys\u0142u spo\u017cywczego. To oznacza, \u017ce prawie co pi\u0105ty biznes musi liczy\u0107 si\u0119 z pog\u0142\u0119bieniem takiej sytuacji, je\u015bli nowe przepisy o ROP wejd\u0105 w \u017cycie<\/p>\n<p>\u00a0\u2013 podkre\u015bla Micha\u0142 W\u00f3jtowicz z eFaktor.<\/p>\n<p>Zagro\u017cenie podw\u00f3jnym obci\u0105\u017ceniem<\/p>\n<p>Eksperci z OIGO\u015a alarmuj\u0105, \u017ce szczeg\u00f3lnie gro\u017ane jest ryzyko podw\u00f3jnego obci\u0105\u017cenia finansowego. Wed\u0142ug nowych propozycji ju\u017c w tzw. okresie przej\u015bciowym 2026-2027 producenci b\u0119d\u0105 zobowi\u0105zani do wnoszenia op\u0142aty opakowaniowej, a r\u00f3wnocze\u015bnie \u2013 jak dotychczas \u2013 b\u0119d\u0105 musieli dokumentowa\u0107 osi\u0105gni\u0119cie okre\u015blonych poziom\u00f3w recyklingu poprzez op\u0142aty na rzecz organizacji odzysku opakowa\u0144.<\/p>\n<p>\u2013 Oznacza to, \u017ce firmy mog\u0105 znale\u017a\u0107 si\u0119 w sytuacji, gdzie b\u0119d\u0105 zmuszone p\u0142aci\u0107 dwukrotnie za to samo. To wymaga nie tylko zabezpieczenia dodatkowych \u015brodk\u00f3w, ale przede wszystkim przemy\u015blanej strategii zarz\u0105dzania przep\u0142ywami pieni\u0119\u017cnymi. Konieczne, a nawet kluczowe dla przetrwania tego okresu mo\u017ce si\u0119 okaza\u0107 obni\u017canie koszt\u00f3w, a tak\u017ce rozwi\u0105zania umo\u017cliwiaj\u0105ce szybkie uwolnienie kapita\u0142u zamro\u017conego w fakturach. Wg danych Faktura.pl w III kw. tego roku firmy z bran\u017cy spo\u017cywczej na przelew czeka\u0142y a\u017c 10,7 dnia \u2013 ostrzega Kamil Fac, Wiceprezes Faktura.pl.<\/p>\n<p>Setki firm mo\u017ce upa\u015b\u0107 z dnia na dzie\u0144<\/p>\n<p>Niepokoj\u0105ce skutki gospodarcze projektu nie ograniczaj\u0105 si\u0119 jednak tylko do wzrostu op\u0142at. Eksperci oceniaj\u0105, \u017ce tak sformu\u0142owana ustawa oznacza r\u00f3wnie\u017c potencjalnie ogromne trudno\u015bci dla organizacji odzysku opakowa\u0144 \u2013 podmiot\u00f3w funkcjonuj\u0105cych od 25 lat i zatrudniaj\u0105cych tysi\u0105ce os\u00f3b. Zdaniem OIGO\u015a stoi to w sprzeczno\u015bci z fundamentalnymi zasadami gospodarczymi, szczeg\u00f3lnie w zakresie ochrony praw nabytych oraz swobody dzia\u0142alno\u015bci gospodarczej. Z dnia na dzie\u0144 mo\u017ce bowiem znikn\u0105\u0107 bardzo wiele z ok. 8 tysi\u0119cy przedsi\u0119biorstw zwi\u0105zanych z tym sektorem, trac\u0105c cenne do\u015bwiadczenie i know-how.<\/p>\n<p>\u2013 Olbrzymim problemem jest tak\u017ce nieprzewidywalno\u015b\u0107 i brak kontroli nad ca\u0142ym systemem. Przedsi\u0119biorcy nie wiedz\u0105, jak b\u0119d\u0105 rozliczane ich \u015brodki przez pa\u0144stwowy urz\u0105d, nie maj\u0105 wp\u0142ywu na efektywno\u015b\u0107 wydatkowania, a jednocze\u015bnie musz\u0105 zapewni\u0107 ci\u0105g\u0142o\u015b\u0107 operacyjn\u0105 swoich firm. Kluczowe w takiej sytuacji b\u0119dzie efektywne wykorzystanie dost\u0119pnych \u017ar\u00f3de\u0142 kapita\u0142u \u2013 od optymalizacji nale\u017cno\u015bci, przez negocjacje z dostawcami, po elastyczne formy finansowania pozwalaj\u0105ce szybko reagowa\u0107 na zmieniaj\u0105c\u0105 si\u0119 sytuacj\u0119 i nieprzewidziane obci\u0105\u017cenia<\/p>\n<p>\u00a0\u2013 podkre\u015bla Micha\u0142 W\u00f3jtowicz, przedstawiciel eFaktor.<\/p>\n<p>Cho\u0107 projektodawcy zapewniaj\u0105, \u017ce op\u0142ata &#8222;nie wp\u0142ynie w zauwa\u017calny spos\u00f3b na cen\u0119 produktu&#8221;, eksperci s\u0105 zgodni: wzrost koszt\u00f3w zostanie przerzucony na konsument\u00f3w poprzez wy\u017csze ceny \u017cywno\u015bci i artyku\u0142\u00f3w gospodarstwa domowego.<\/p>\n<p>Do projektu wp\u0142yn\u0119\u0142o ju\u017c ponad 1700 uwag, a bran\u017ca wyra\u017anie sygnalizuje: to nie jest droga do poprawy gospodarki odpadami \u2013 to fiskalna pu\u0142apka uderzaj\u0105ca w bezpiecze\u0144stwo \u017cywno\u015bciowe kraju. Projektowana ustawa, kt\u00f3ra mia\u0142a by\u0107 krokiem w stron\u0119 ekologii, mo\u017ce okaza\u0107 si\u0119 ciosem w polsk\u0105 gospodark\u0119 i portfele obywateli. Czy Ministerstwo Klimatu i \u015arodowiska us\u0142yszy g\u0142os tysi\u0119cy przedsi\u0119biorc\u00f3w?<\/p>\n<p>\u00a0<\/p>\n","protected":false},"excerpt":{"rendered":"Ju\u017c 37 organizacji z sektora rolno-spo\u017cywczego alarmuje przed wprowadzeniem nowych rozwi\u0105za\u0144 o tzw. Rozszerzonej Odpowiedzialno\u015bci Producent\u00f3w. Proponowana w&hellip;\n","protected":false},"author":2,"featured_media":112030,"comment_status":"","ping_status":"","sticky":false,"template":"","format":"standard","meta":{"footnotes":""},"categories":[16],"tags":[113,112,190,42,38,40,39,41],"class_list":{"0":"post-112029","1":"post","2":"type-post","3":"status-publish","4":"format-standard","5":"has-post-thumbnail","7":"category-biznes","8":"tag-biznes","9":"tag-business","10":"tag-gospodarka","11":"tag-pl","12":"tag-poland","13":"tag-polish","14":"tag-polska","15":"tag-polski"},"share_on_mastodon":{"url":"https:\/\/pubeurope.com\/@pl\/115588320636909277","error":""},"_links":{"self":[{"href":"https:\/\/www.europesays.com\/pl\/wp-json\/wp\/v2\/posts\/112029","targetHints":{"allow":["GET"]}}],"collection":[{"href":"https:\/\/www.europesays.com\/pl\/wp-json\/wp\/v2\/posts"}],"about":[{"href":"https:\/\/www.europesays.com\/pl\/wp-json\/wp\/v2\/types\/post"}],"author":[{"embeddable":true,"href":"https:\/\/www.europesays.com\/pl\/wp-json\/wp\/v2\/users\/2"}],"replies":[{"embeddable":true,"href":"https:\/\/www.europesays.com\/pl\/wp-json\/wp\/v2\/comments?post=112029"}],"version-history":[{"count":0,"href":"https:\/\/www.europesays.com\/pl\/wp-json\/wp\/v2\/posts\/112029\/revisions"}],"wp:featuredmedia":[{"embeddable":true,"href":"https:\/\/www.europesays.com\/pl\/wp-json\/wp\/v2\/media\/112030"}],"wp:attachment":[{"href":"https:\/\/www.europesays.com\/pl\/wp-json\/wp\/v2\/media?parent=112029"}],"wp:term":[{"taxonomy":"category","embeddable":true,"href":"https:\/\/www.europesays.com\/pl\/wp-json\/wp\/v2\/categories?post=112029"},{"taxonomy":"post_tag","embeddable":true,"href":"https:\/\/www.europesays.com\/pl\/wp-json\/wp\/v2\/tags?post=112029"}],"curies":[{"name":"wp","href":"https:\/\/api.w.org\/{rel}","templated":true}]}}