{"id":112033,"date":"2025-11-21T15:11:10","date_gmt":"2025-11-21T15:11:10","guid":{"rendered":"https:\/\/www.europesays.com\/pl\/112033\/"},"modified":"2025-11-21T15:11:10","modified_gmt":"2025-11-21T15:11:10","slug":"oto-nowy-lider-polakow-w-pucharze-swiata-dlugo-na-to-czekal","status":"publish","type":"post","link":"https:\/\/www.europesays.com\/pl\/112033\/","title":{"rendered":"Oto nowy lider Polak\u00f3w w Pucharze \u015awiata! D\u0142ugo na to czeka\u0142"},"content":{"rendered":"<p class=\"Paragraph_desktopParagraph__Fd2e9\">Sezon Pucharu \u015awiata w skokach narciarskich rozpoczyna si\u0119 w norweskim Lillehammer. Na start obserwowali\u015bmy pi\u0105tkowe treningi, a w nich udzia\u0142 wzi\u0119li Kamil Stoch, Piotr \u017by\u0142a, Dawid Kubacki, Aleksander Zniszczo\u0142, Pawe\u0142 W\u0105sek i Kacper Tomasiak.<\/p>\n<p class=\"VideoPlayerText_videoPlayerText__zrtJk\">Dalszy ci\u0105g materia\u0142u pod wideo<\/p>\n<p class=\"Paragraph_desktopParagraph__Fd2e9\">Jako pierwszy z Bia\u0142o-Czerwonych na rozbiegu pojawi\u0142 si\u0119 rzecz jasna Tomasiak i osi\u0105gn\u0105\u0142 odleg\u0142o\u015b\u0107 128,5 m. To oznacza\u0142o, \u017ce w tym momencie by\u0142 liderem treningu, a my mogli\u015bmy zastanawia\u0107 si\u0119, jak d\u0142ugo utrzyma si\u0119 na tej pozycji.<\/p>\n<p class=\"Paragraph_desktopParagraph__Fd2e9\">A to chwil\u0119 potrwa\u0142o. W ko\u0144cu jednak Polaka przebi\u0142 startuj\u0105cy z numerem 27 Jason Colby, ale Tomasiak i tak m\u00f3g\u0142 by\u0107 zadowolony ze swojej pr\u00f3by.<\/p>\n<p class=\"Paragraph_desktopParagraph__Fd2e9\">A jak poradzili sobie kolejni reprezentanci Polski? Piotr \u017by\u0142a nie zachwyci\u0142 i osi\u0105gn\u0105\u0142 tylko 116 m, a po swojej pr\u00f3bie by\u0142 pi\u0119tnasty. O metr bli\u017cej wyl\u0105dowa\u0142 Dawid Kubacki, a co ciekawe, zaj\u0105\u0142 t\u0119 sam\u0105 lokat\u0119. W ko\u0144cu doczekali\u015bmy si\u0119 jednak tak\u017ce na lepsze wie\u015bci.<\/p>\n<p>Koszmar dotychczasowego lidera Polak\u00f3w. Tak zacz\u0105\u0142 sezon<\/p>\n<p class=\"Paragraph_desktopParagraph__Fd2e9\">Bardzo dobr\u0105 pr\u00f3b\u0119 odda\u0142 bowiem Kamil Stoch. Do\u015bwiadczony skoczek wyl\u0105dowa\u0142 na 124. metrze, a to oznacza\u0142o, \u017ce by\u0142 trzeci w stawce. A po chwili Aleksander Zniszczo\u0142 osi\u0105gn\u0105\u0142 127 m i by\u0142 jedenasty.<\/p>\n<p class=\"Paragraph_desktopParagraph__Fd2e9\">Znacznie gorzej pokaza\u0142 si\u0119 natomiast dotychczasowy lider polskiej kadry. Mogli\u015bmy liczy\u0107 na dobry skok Paw\u0142a W\u0105ska, ale ten osi\u0105gn\u0105\u0142 zaledwie 110,5 m. I w\u00f3wczas by\u0142&#8230; na 41 miejscu.<\/p>\n<p class=\"Paragraph_desktopParagraph__Fd2e9\">Co to oznacza\u0142o? Przede wszystkim to, \u017ce w pierwszym treningu najlepiej z Polak\u00f3w spisali si\u0119 Kamil Stoch, Aleksander Zniszczo\u0142 i Kacper Tomasiak, kt\u00f3rzy ostatecznie zaj\u0119li odpowiednio 19, 24 i 27 miejsce.<\/p>\n<p class=\"Paragraph_desktopParagraph__Fd2e9\">A kto by\u0142 najlepszy? Triumfowa\u0142 Kristoffer Eriksen Sundal, kt\u00f3ry osi\u0105gn\u0105\u0142 132,5 m. Drugie miejsce zaj\u0105\u0142 Felix Hoffmann, a trzeci by\u0142 Benjamin Oestvold.<\/p>\n<p class=\"Paragraph_desktopParagraph__Fd2e9\">Wyniki polskich skoczk\u00f3w podczas pierwszego treningu w Lillehammer:<\/p>\n<ul class=\"UnorderedList_container__KYgxM\">\n<li class=\"UnorderedList_listElement___UdbM\">19. Stoch &#8211; 124 m<\/li>\n<li class=\"UnorderedList_listElement___UdbM\">24. Zniszczo\u0142 &#8211; 127 m<\/li>\n<li class=\"UnorderedList_listElement___UdbM\">27.Tomasiak &#8211; 128,5 m<\/li>\n<li class=\"UnorderedList_listElement___UdbM\">40. Kubacki &#8211; 115 m<\/li>\n<li class=\"UnorderedList_listElement___UdbM\">42. \u017by\u0142a &#8211; 116 m<\/li>\n<li class=\"UnorderedList_listElement___UdbM\">52. W\u0105sek &#8211; 110,5 m<\/li>\n<\/ul>\n<p>Niez\u0142y skok Kamila Stocha na pocz\u0105tek<\/p>\n<p class=\"Paragraph_desktopParagraph__Fd2e9\">Po niez\u0142ym pocz\u0105tku w wykonaniu Polak\u00f3w mogli\u015bmy liczy\u0107 na jeszcze wi\u0119cej podczas drugiego treningu, kt\u00f3ry po chwili rozpocz\u0105\u0142 si\u0119 z belki numer 11. A Kacper Tomasiak polecia\u0142 jeszcze dalej, osi\u0105gn\u0105\u0142 133 m i zn\u00f3w by\u0142 liderem! A nied\u0142ugo p\u00f3\u017aniej poprawi\u0142 si\u0119 tak\u017ce Piotr \u017by\u0142a, kt\u00f3ry uzyska\u0142 122 m.<\/p>\n<p class=\"Paragraph_desktopParagraph__Fd2e9\">W takim razie tym bardziej czekali\u015bmy na skoki kolejnych naszych reprezentant\u00f3w. Dawid Kubacki po pr\u00f3bie na odleg\u0142o\u015b\u0107 123 m by\u0142 co prawda dziewi\u0105ty, ale ju\u017c 130 m da\u0142o w\u00f3wczas Kamilowi Stochowi trzeci\u0105 lokat\u0119. Ostatecznie uko\u0144czy\u0142 trening na 18. miejscu i po raz kolejny by\u0142 najlepszym z Bia\u0142o-Czerwonych.<\/p>\n<p class=\"Paragraph_desktopParagraph__Fd2e9\">Gorzej spisa\u0142 si\u0119 za to Aleksander Zniszczo\u0142. Ten osi\u0105gn\u0105\u0142 zaledwie 117,5 m i by\u0142 23 po swojej pr\u00f3bie, a finalnie dopiero 40. Poprawi\u0142 si\u0119 za to Pawe\u0142 W\u0105sek. 126 m w ostatecznym rozrachunku da\u0142o mu 31. lokat\u0119.<\/p>\n<p class=\"Paragraph_desktopParagraph__Fd2e9\">Drugi trening wygra\u0142 Domen Prevc (139 m), a w czo\u0142owej tr\u00f3jce uplasowali si\u0119 tak\u017ce Jan Hoerl (140,5 m) oraz Felix Hoffmann (137,5 m).<\/p>\n<p class=\"Paragraph_desktopParagraph__Fd2e9\">Wyniki polskich skoczk\u00f3w podczas drugiego treningu w Lillehammer:<\/p>\n<ul class=\"UnorderedList_container__KYgxM\">\n<li class=\"UnorderedList_listElement___UdbM\">18. Stoch 130 m<\/li>\n<li class=\"UnorderedList_listElement___UdbM\">20. Tomasiak 133 m<\/li>\n<li class=\"UnorderedList_listElement___UdbM\">31. W\u0105sek 126 m<\/li>\n<li class=\"UnorderedList_listElement___UdbM\">35. Kubacki 123 m<\/li>\n<li class=\"UnorderedList_listElement___UdbM\">38. \u017by\u0142a 122 m<\/li>\n<li class=\"UnorderedList_listElement___UdbM\">40. Zniszczo\u0142 117,5 m<\/li>\n<\/ul>\n","protected":false},"excerpt":{"rendered":"Sezon Pucharu \u015awiata w skokach narciarskich rozpoczyna si\u0119 w norweskim Lillehammer. Na start obserwowali\u015bmy pi\u0105tkowe treningi, a w&hellip;\n","protected":false},"author":2,"featured_media":112034,"comment_status":"","ping_status":"","sticky":false,"template":"","format":"standard","meta":{"footnotes":""},"categories":[5],"tags":[32,33,36,37,27,67,34,35,28,31,25,11744,42,38,40,39,41,136,128,24525,47,1874,135,29,30,26,130],"class_list":{"0":"post-112033","1":"post","2":"type-post","3":"status-publish","4":"format-standard","5":"has-post-thumbnail","7":"category-naglowki","8":"tag-breaking-news","9":"tag-breakingnews","10":"tag-featured-news","11":"tag-featurednews","12":"tag-headlines","13":"tag-intextvideo_splayer","14":"tag-latest-news","15":"tag-latestnews","16":"tag-naglowki","17":"tag-najwazniejsze-artykuly","18":"tag-news","19":"tag-ogor","20":"tag-pl","21":"tag-poland","22":"tag-polish","23":"tag-polska","24":"tag-polski","25":"tag-ps_detal_new","26":"tag-psv2","27":"tag-puchar_swiata_w_lillehammer","28":"tag-screening_general","29":"tag-skoki_narciarskie","30":"tag-sport_sport","31":"tag-top-stories","32":"tag-topstories","33":"tag-wiadomosci","34":"tag-wiadomosci_sportowe"},"share_on_mastodon":{"url":"https:\/\/pubeurope.com\/@pl\/115588332556033092","error":""},"_links":{"self":[{"href":"https:\/\/www.europesays.com\/pl\/wp-json\/wp\/v2\/posts\/112033","targetHints":{"allow":["GET"]}}],"collection":[{"href":"https:\/\/www.europesays.com\/pl\/wp-json\/wp\/v2\/posts"}],"about":[{"href":"https:\/\/www.europesays.com\/pl\/wp-json\/wp\/v2\/types\/post"}],"author":[{"embeddable":true,"href":"https:\/\/www.europesays.com\/pl\/wp-json\/wp\/v2\/users\/2"}],"replies":[{"embeddable":true,"href":"https:\/\/www.europesays.com\/pl\/wp-json\/wp\/v2\/comments?post=112033"}],"version-history":[{"count":0,"href":"https:\/\/www.europesays.com\/pl\/wp-json\/wp\/v2\/posts\/112033\/revisions"}],"wp:featuredmedia":[{"embeddable":true,"href":"https:\/\/www.europesays.com\/pl\/wp-json\/wp\/v2\/media\/112034"}],"wp:attachment":[{"href":"https:\/\/www.europesays.com\/pl\/wp-json\/wp\/v2\/media?parent=112033"}],"wp:term":[{"taxonomy":"category","embeddable":true,"href":"https:\/\/www.europesays.com\/pl\/wp-json\/wp\/v2\/categories?post=112033"},{"taxonomy":"post_tag","embeddable":true,"href":"https:\/\/www.europesays.com\/pl\/wp-json\/wp\/v2\/tags?post=112033"}],"curies":[{"name":"wp","href":"https:\/\/api.w.org\/{rel}","templated":true}]}}