{"id":112035,"date":"2025-11-21T15:12:08","date_gmt":"2025-11-21T15:12:08","guid":{"rendered":"https:\/\/www.europesays.com\/pl\/112035\/"},"modified":"2025-11-21T15:12:08","modified_gmt":"2025-11-21T15:12:08","slug":"pzpn-nie-przedluzy-kontraktu-z-urbanem-oto-powod","status":"publish","type":"post","link":"https:\/\/www.europesays.com\/pl\/112035\/","title":{"rendered":"PZPN nie przed\u0142u\u017cy kontraktu z Urbanem! Oto pow\u00f3d"},"content":{"rendered":"<p>Urban przej\u0105\u0142 kadr\u0119 Bia\u0142o-Czerwonych w lipcu, zast\u0119puj\u0105c na tym stanowisku Micha\u0142a Probierza, kt\u00f3ry poda\u0142 si\u0119 do dymisji w atmosferze skandalu. Przypomnijmy, \u017ce Polacy pod jego wodz\u0105 przegrali na wyje\u017adzie z Finlandi\u0105 w eliminacjach mundialu, a chwil\u0119 wcze\u015bniej \u00f3wczesny selekcjoner postanowi\u0142 odebra\u0107 opask\u0119 kapitana Robertowi Lewandowskiemu, kt\u00f3ry nie zjawi\u0142 si\u0119 na zgrupowaniu, co mia\u0142o by\u0107 wcze\u015bniej ustalone przez obie strony. To sprawi\u0142o, \u017ce napastnik Barcelony zawiesi\u0142 gr\u0119 dla dru\u017cyny narodowej do momentu przebywania w niej Probierza.<\/p>\n<p>\u00a0<\/p>\n<p>Jego nast\u0119pca mia\u0142 zatem nie lada wyzwanie ju\u017c na starcie. Najpierw musia\u0142 nam\u00f3wi\u0107 Lewandowskiego do gry, co akurat nie by\u0142o takie trudne. O wiele gorzej wygl\u0105da\u0142a sytuacja Polski w walce o mundial. Debiut nowego selekcjonera przypad\u0142 na wyjazdowy mecz z Holandi\u0105, przez co wielu spisywa\u0142o nasz zesp\u00f3\u0142 na straty. Tymczasem uda\u0142o si\u0119 wywalczy\u0107 cenny remis, co istotne, po dobrym wyst\u0119pie. To da\u0142o nadzieje na odwr\u00f3cenie z\u0142ej karty.<\/p>\n<p>\u00a0<\/p>\n<p>ZOBACZ TAK\u017bE: <a href=\"https:\/\/www.polsatsport.pl\/wiadomosc\/2025-11-21\/co-z-ta-polska-mieszane-odczucia-ekspertow-po-losowaniu-barazy\/\" target=\"_blank\" rel=\"noopener noreferrer nofollow\">Co z t\u0105 Polsk\u0105? Mieszane odczucia ekspert\u00f3w po losowaniu bara\u017cy<\/a><\/p>\n<p>\u00a0<\/p>\n<p>W kolejnych starciach Polacy zrewan\u017cowali si\u0119 Finom, pokonali towarzysko Now\u0105 Zelandi\u0119, a nast\u0119pnie zwyci\u0119\u017cyli na wyje\u017adzie Litw\u0119 w kwalifikacjach. W listopadzie ponownie zremisowali z &#8222;Oranje&#8221; i na koniec eliminacji ograli na wyje\u017adzie Malt\u0119. To pozwoli\u0142o zaj\u0105\u0107 drugie miejsce i zapewni\u0107 sobie gr\u0119 w bara\u017cach.<\/p>\n<p>\u00a0<\/p>\n<p>Bilans reprezentacji Polski pod wodz\u0105 Urbana to sze\u015b\u0107 mecz\u00f3w, cztery zwyci\u0119stwa i dwa remisy oraz bramki 11:5. Do tego nale\u017cy doda\u0107 znacz\u0105c\u0105 popraw\u0119 stylu gry i atmosfery w dru\u017cynie. To wszystko zas\u0142uga nowego selekcjonera, kt\u00f3remu jednak umowa z PZPN nied\u0142ugo dobiega ko\u0144ca. To zatem zrozumia\u0142e, \u017ce nie brakuje opinii o konieczno\u015bci jej przed\u0142u\u017cenia.<\/p>\n<p>\u00a0<\/p>\n<p>Jak donosi portal &#8222;Meczyki.pl&#8221;, PZPN ma jednak zupe\u0142nie inn\u0105 strategi\u0119 i nie chce si\u0119 spieszy\u0107. Woli poczeka\u0107 na postaw\u0119 naszej dru\u017cyny narodowej w marcowych bara\u017cach. Dopiero po nich ma zosta\u0107 podj\u0119ta decyzja o ewentualnym przed\u0142u\u017ceniu wsp\u00f3\u0142pracy z Urbanem. Wiadomo ju\u017c, \u017ce Bia\u0142o-Czerwoni w p\u00f3\u0142finale powalcz\u0105 na PGE Narodowym z Albani\u0105, a w razie wygranej zmierz\u0105 si\u0119 na wyje\u017adzie z Ukrain\u0105 lub Szwecj\u0105.<\/p>\n<p>Polsat Sport<\/p>\n<p><a class=\"news__read-more-button\" href=\"https:\/\/www.polsatsport.pl\/\" rel=\"nofollow noopener\" target=\"_blank\">Przejd\u017a na Polsatsport.pl<\/a><\/p>\n","protected":false},"excerpt":{"rendered":"Urban przej\u0105\u0142 kadr\u0119 Bia\u0142o-Czerwonych w lipcu, zast\u0119puj\u0105c na tym stanowisku Micha\u0142a Probierza, kt\u00f3ry poda\u0142 si\u0119 do dymisji w&hellip;\n","protected":false},"author":2,"featured_media":112036,"comment_status":"","ping_status":"","sticky":false,"template":"","format":"standard","meta":{"footnotes":""},"categories":[24],"tags":[42,38,40,39,41,127,126],"class_list":{"0":"post-112035","1":"post","2":"type-post","3":"status-publish","4":"format-standard","5":"has-post-thumbnail","7":"category-sport","8":"tag-pl","9":"tag-poland","10":"tag-polish","11":"tag-polska","12":"tag-polski","13":"tag-sport","14":"tag-sports"},"share_on_mastodon":{"url":"https:\/\/pubeurope.com\/@pl\/115588336610867165","error":""},"_links":{"self":[{"href":"https:\/\/www.europesays.com\/pl\/wp-json\/wp\/v2\/posts\/112035","targetHints":{"allow":["GET"]}}],"collection":[{"href":"https:\/\/www.europesays.com\/pl\/wp-json\/wp\/v2\/posts"}],"about":[{"href":"https:\/\/www.europesays.com\/pl\/wp-json\/wp\/v2\/types\/post"}],"author":[{"embeddable":true,"href":"https:\/\/www.europesays.com\/pl\/wp-json\/wp\/v2\/users\/2"}],"replies":[{"embeddable":true,"href":"https:\/\/www.europesays.com\/pl\/wp-json\/wp\/v2\/comments?post=112035"}],"version-history":[{"count":0,"href":"https:\/\/www.europesays.com\/pl\/wp-json\/wp\/v2\/posts\/112035\/revisions"}],"wp:featuredmedia":[{"embeddable":true,"href":"https:\/\/www.europesays.com\/pl\/wp-json\/wp\/v2\/media\/112036"}],"wp:attachment":[{"href":"https:\/\/www.europesays.com\/pl\/wp-json\/wp\/v2\/media?parent=112035"}],"wp:term":[{"taxonomy":"category","embeddable":true,"href":"https:\/\/www.europesays.com\/pl\/wp-json\/wp\/v2\/categories?post=112035"},{"taxonomy":"post_tag","embeddable":true,"href":"https:\/\/www.europesays.com\/pl\/wp-json\/wp\/v2\/tags?post=112035"}],"curies":[{"name":"wp","href":"https:\/\/api.w.org\/{rel}","templated":true}]}}