{"id":112037,"date":"2025-11-21T15:13:09","date_gmt":"2025-11-21T15:13:09","guid":{"rendered":"https:\/\/www.europesays.com\/pl\/112037\/"},"modified":"2025-11-21T15:13:09","modified_gmt":"2025-11-21T15:13:09","slug":"marianna-schreiber-definitywnie-rozstala-sie-z-partnerem-teraz-zmienia-plany","status":"publish","type":"post","link":"https:\/\/www.europesays.com\/pl\/112037\/","title":{"rendered":"Marianna Schreiber definitywnie rozsta\u0142a si\u0119 z partnerem. Teraz zmienia plany"},"content":{"rendered":"<p>Marianna Schreiber na dobre rozsta\u0142a si\u0119 z partnerem?<\/p>\n<p class=\"typography ids-typeset-body ids-typeset-body--preset-large link paragraph ids-paragraph ids-paragraph--default\"><a href=\"https:\/\/www.pomponik.pl\/gwiazdy-i-produkcje-marianna-schreiber,gsbi,1361\" rel=\"nofollow noopener\" target=\"_blank\">Marianna Schreiber<\/a> ma za sob\u0105 wyj\u0105tkowo burzliwy okres w \u017cyciu mi\u0142osnym. Jeszcze niedawno w mediach zrobi\u0142o si\u0119 wyj\u0105tkowo g\u0142o\u015bno o jej <a href=\"https:\/\/www.pomponik.pl\/plotki\/news-ledwo-wyszla-z-urzedu-i-migiem-ujawnila-tak-marianna-schreib,nId,7982042\" target=\"_blank\" rel=\"nofollow noopener\">rozwodzie z m\u0119\u017cem<\/a> &#8211; <a href=\"https:\/\/www.pomponik.pl\/tagi-lukasz-schreiber,tId,272513\" target=\"_blank\" rel=\"nofollow noopener\">\u0141ukaszem Schreiberem.<\/a><\/p>\n<p class=\"typography ids-typeset-body ids-typeset-body--preset-large link paragraph ids-paragraph ids-paragraph--default\">Po zako\u0144czeniu trwaj\u0105cego niemal dziesi\u0119\u0107 lat zwi\u0105zku celebrytka<a href=\"https:\/\/www.pomponik.pl\/relacje-i-zwiazki\/news-ukochany-schreiber-przerwal-milczenie-ws-ich-zwiazku-w-sieci,nId,22432755\" target=\"_blank\" rel=\"nofollow noopener\">\u00a0nie mog\u0142a narzeka\u0107 na samotno\u015b\u0107.<\/a> Jeszcze przed sfinalizowaniem rozwodu zwi\u0105za\u0142a si\u0119 z nowym partnerem.<\/p>\n<p class=\"typography ids-typeset-body ids-typeset-body--preset-large link paragraph ids-paragraph ids-paragraph--default\">Niestety jej relacja z Piotrem tak\u017ce<a href=\"https:\/\/www.pomponik.pl\/plotki\/news-nagle-schreiber-oficjalnie-przekazala-ws-zwiazku-nie-bedzie,nId,22456672\" target=\"_blank\" rel=\"nofollow noopener\">\u00a0nie przetrwa\u0142a pr\u00f3by czasu<\/a>. Zakochani kilka razy informowali o rozstaniu, \u017ceby po chwili og\u0142osi\u0107, \u017ce zn\u00f3w maj\u0105 zamiar powalczy\u0107 o swoje uczucie.<\/p>\n<p>Marianna Schreiber prze\u017cywa trudny okres<\/p>\n<p class=\"typography ids-typeset-body ids-typeset-body--preset-large link paragraph ids-paragraph ids-paragraph--default\">Niestety &#8211; chocia\u017c jeszcze niedawno razem \u015bwi\u0119towali urodziny zawodniczki Fame MMA &#8211; ostatecznie ka\u017cde z nich postanowi\u0142o p\u00f3j\u015b\u0107 w swoj\u0105 stron\u0119.<\/p>\n<p class=\"typography ids-typeset-body ids-typeset-body--preset-large link paragraph ids-paragraph ids-paragraph--default\">&#8222;My\u015bl\u0119, \u017ce nale\u017cy Wam si\u0119 kilka s\u0142\u00f3w prawdy. Zanim media to rozdmuchaj\u0105, chc\u0119 powiedzie\u0107, \u017ce rozstali\u015bmy si\u0119 z Piotrem ostatecznie. Nie b\u0119dzie ju\u017c \u017cadnych powrot\u00f3w. Po prostu wysz\u0142o po czasie, \u017ce patrzymy zupe\u0142nie inaczej na rzeczywisto\u015b\u0107 i gdzie\u015b tam te nasze dwa \u015bwiaty nie schodz\u0105 si\u0119 po drodze w jeden&#8221; &#8211; napisa\u0142a 33-latka w mediach spo\u0142eczno\u015bciowych.<\/p>\n<p class=\"typography ids-typeset-body ids-typeset-body--preset-large link paragraph ids-paragraph ids-paragraph--default\">Marianna Schreiber po kameralnym przyj\u0119ciu w towarzystwie by\u0142ego partnera planowa\u0142a zorganizowa\u0107 r\u00f3wnie\u017c imprez\u0119 dla szerszego grona znajomych.<\/p>\n<p class=\"typography ids-typeset-body ids-typeset-body--preset-large link paragraph ids-paragraph ids-paragraph--default\">&#8222;Kochani w ten pi\u0105tek mia\u0142am wstawi\u0107 grafik\u0119 promuj\u0105c\u0105 imprez\u0119 urodzinow\u0105, o kt\u00f3rej wielokrotnie m\u00f3wi\u0142am i kt\u00f3r\u0105 nie tylko sobie, ale te\u017c wam obieca\u0142am. Mia\u0142am te\u017c ju\u017c podpisan\u0105 umow\u0119 z gwiazd\u0105 disco polo, na kt\u00f3rej mi bardzo zale\u017ca\u0142o i dzi\u0119kuje jej, \u017ce si\u0119 zgodzi\u0142a. Mia\u0142 te\u017c za\u015bpiewa\u0107 piosenk\u0119 Arek Ta\u0144cula&#8221; &#8211; zdradzi\u0142a na swoim profilu.<\/p>\n<p class=\"typography ids-typeset-body ids-typeset-body--preset-large link paragraph ids-paragraph ids-paragraph--default\">Wygl\u0105da jednak na to, \u017ce w zwi\u0105zku z ostatnimi wydarzeniami, zabawa si\u0119 nie odb\u0119dzie w zaplanowanym terminie.<\/p>\n<p class=\"typography ids-typeset-body ids-typeset-body--preset-large link paragraph ids-paragraph ids-paragraph--default\">Modelka przyzna\u0142a otwarcie, \u017ce zerwanie z wybrankiem wiele j\u0105 kosztuje.<\/p>\n<p class=\"typography ids-typeset-body ids-typeset-body--preset-large link paragraph ids-paragraph ids-paragraph--default\">&#8222;Impreza mia\u0142a by\u0107 28 listopada w nast\u0119pny pi\u0105tek, ale z uwagi na to, co teraz si\u0119 dzieje w moim \u017cyciu prywatnym, nie jestem w stanie si\u0119 bawi\u0107, \u015bmia\u0107&#8221;\u00a0&#8211; doda\u0142a.<\/p>\n<p>Marianna Schreiber odwo\u0142uje imprez\u0119 urodzinow\u0105<\/p>\n<p class=\"typography ids-typeset-body ids-typeset-body--preset-large link paragraph ids-paragraph ids-paragraph--default\">Schreiber ma jednak nadziej\u0119, \u017ce plany uda si\u0119 jej przesun\u0105\u0107 na p\u00f3\u017aniejszy termin.<\/p>\n<p class=\"typography ids-typeset-body ids-typeset-body--preset-large link paragraph ids-paragraph ids-paragraph--default\">&#8222;Nie chce z nich rezygnowa\u0107, chce je prze\u0142o\u017cy\u0107. Po prostu musi troch\u0119 czasu min\u0105\u0107, a ja musz\u0119 poczu\u0107 si\u0119 lepiej. Ja musz\u0119 da\u0107 sobie czas, \u017ceby pouk\u0142ada\u0107 sobie r\u00f3\u017cne rzeczy w g\u0142owie i przede wszystkim mie\u0107 si\u0142\u0119 na to i ch\u0119ci&#8221; &#8211; relacjonuje.<\/p>\n<p class=\"typography ids-typeset-body ids-typeset-body--preset-large link paragraph ids-paragraph ids-paragraph--default\">Wszystko wskazuje wi\u0119c na to, \u017ce tym razem zwi\u0105zek z Piotrem rzeczywi\u015bcie zako\u0144czy\u0142 si\u0119 na dobre.\u00a0<\/p>\n<p class=\"typography ids-typeset-body ids-typeset-body--preset-large link paragraph ids-paragraph ids-paragraph--default\">&#8222;Na ten moment nie mam na to si\u0142y, nastawienia i z tego miejsca chcia\u0142am was przeprosi\u0107. Ja si\u0119 z niczego nie wycofuje, nie sk\u0142adam obietnic bez pokrycia.\u00a0Chc\u0119 prze\u0142o\u017cy\u0107 imprez\u0119. To te\u017c jest dla mnie trudne wszystko, mam nadzieje, \u017ce zrozumiecie, ja te\u017c prze\u017cywam trudne rzeczy. Nie potrafi\u0119 w takiej sytuacji i\u015b\u0107 imprezowa\u0107, \u015bmia\u0107 si\u0119&#8221; &#8211; podsumowa\u0142a celebrytka.<\/p>\n<p>Czytaj tak\u017ce:<a id=\"a-img\" class=\"hl-6\"><img class=\"hl-8\"\/><\/a><a id=\"a-main\" class=\"hl-9\"\/>Halo! Wejd\u017a na <a id=\"halo-text-a\" href=\"https:\/\/halotu.polsat.pl#parametr=link_halo\" rel=\"nofollow noopener\" target=\"_blank\">halotu.polsat.pl<\/a> i nie przegap naj\u015bwie\u017cszych informacji z poranka w Polsacie.<\/p>\n<ul class=\"typography ids-typeset-body ids-typeset-body--preset-small list--article-list ids-list ids-list--unordered ids-list--size-small \" datatype=\"disc\">\n<li class=\"ids-list-item ids-list-item__content brief-list-item\"><a class=\"ids-undecorated-link link ids-link \" data-spons=\"false\" href=\"https:\/\/www.pomponik.pl\/plotki\/news-sa-nowe-wiesci-o-dawno-niewidzianym-grzegorzu-markowskim-wyc,nId,22456807\" rel=\"nofollow noopener\" target=\"_blank\">S\u0105 nowe wie\u015bci o dawno niewidzianym Grzegorzu Markowskim. Wyciek\u0142o zdj\u0119cie<\/a><\/li>\n<li class=\"ids-list-item ids-list-item__content brief-list-item\"><a class=\"ids-undecorated-link link ids-link \" data-spons=\"false\" href=\"https:\/\/www.pomponik.pl\/plotki\/news-kaczorowska-nie-wytrzymala-ws-slow-pavlovic-stanowcza-odpowi,nId,22456803\" rel=\"nofollow noopener\" target=\"_blank\">Kaczorowska nie wytrzyma\u0142a ws. s\u0142\u00f3w Pavlovi\u0107. Stanowcza odpowied\u017a. &#8222;To jest dziwne&#8221;<\/a><\/li>\n<\/ul>\n","protected":false},"excerpt":{"rendered":"Marianna Schreiber na dobre rozsta\u0142a si\u0119 z partnerem? Marianna Schreiber ma za sob\u0105 wyj\u0105tkowo burzliwy okres w \u017cyciu&hellip;\n","protected":false},"author":2,"featured_media":112038,"comment_status":"","ping_status":"","sticky":false,"template":"","format":"standard","meta":{"footnotes":""},"categories":[22],"tags":[122,42,38,40,39,41,123],"class_list":{"0":"post-112037","1":"post","2":"type-post","3":"status-publish","4":"format-standard","5":"has-post-thumbnail","7":"category-rozrywka","8":"tag-entertainment","9":"tag-pl","10":"tag-poland","11":"tag-polish","12":"tag-polska","13":"tag-polski","14":"tag-rozrywka"},"share_on_mastodon":{"url":"https:\/\/pubeurope.com\/@pl\/115588341462178673","error":""},"_links":{"self":[{"href":"https:\/\/www.europesays.com\/pl\/wp-json\/wp\/v2\/posts\/112037","targetHints":{"allow":["GET"]}}],"collection":[{"href":"https:\/\/www.europesays.com\/pl\/wp-json\/wp\/v2\/posts"}],"about":[{"href":"https:\/\/www.europesays.com\/pl\/wp-json\/wp\/v2\/types\/post"}],"author":[{"embeddable":true,"href":"https:\/\/www.europesays.com\/pl\/wp-json\/wp\/v2\/users\/2"}],"replies":[{"embeddable":true,"href":"https:\/\/www.europesays.com\/pl\/wp-json\/wp\/v2\/comments?post=112037"}],"version-history":[{"count":0,"href":"https:\/\/www.europesays.com\/pl\/wp-json\/wp\/v2\/posts\/112037\/revisions"}],"wp:featuredmedia":[{"embeddable":true,"href":"https:\/\/www.europesays.com\/pl\/wp-json\/wp\/v2\/media\/112038"}],"wp:attachment":[{"href":"https:\/\/www.europesays.com\/pl\/wp-json\/wp\/v2\/media?parent=112037"}],"wp:term":[{"taxonomy":"category","embeddable":true,"href":"https:\/\/www.europesays.com\/pl\/wp-json\/wp\/v2\/categories?post=112037"},{"taxonomy":"post_tag","embeddable":true,"href":"https:\/\/www.europesays.com\/pl\/wp-json\/wp\/v2\/tags?post=112037"}],"curies":[{"name":"wp","href":"https:\/\/api.w.org\/{rel}","templated":true}]}}