{"id":112047,"date":"2025-11-21T15:19:08","date_gmt":"2025-11-21T15:19:08","guid":{"rendered":"https:\/\/www.europesays.com\/pl\/112047\/"},"modified":"2025-11-21T15:19:08","modified_gmt":"2025-11-21T15:19:08","slug":"flick-oficjalnie-oglosil-ws-szczesnego-tego-juz-nie-cofnie-pilka-nozna","status":"publish","type":"post","link":"https:\/\/www.europesays.com\/pl\/112047\/","title":{"rendered":"Flick oficjalnie og\u0142osi\u0142 ws. Szcz\u0119snego. Tego ju\u017c nie cofnie Pi\u0142ka no\u017cna"},"content":{"rendered":"<p class=\"art_paragraph\"><a href=\"https:\/\/www.sport.pl\/pilka\/7,65041,32343084,szczesny-dostal-czerwona-kartke-coraz-bardziej-widoczne.html#anchorLink\" rel=\"nofollow noopener\" target=\"_blank\">Szcz\u0119sny<\/a> rozpocz\u0105\u0142 sezon 2025\/2026 na \u0142awce rezerwowych i przez tygodnie nie dostawa\u0142 jakichkolwiek szans do gry. Wszystko zmieni\u0142o si\u0119 jednak, kiedy kontuzji pod koniec wrze\u015bnia dozna\u0142 Joan Garcia. Polak wr\u00f3ci\u0142 do pierwszego sk\u0142adu i wyst\u0105pi\u0142 w a\u017c dziewi\u0119ciu spotkaniach w pe\u0142nym wymiarze czasowym. Mia\u0142 okazj\u0119 m.in. zagra\u0107 przeciwko Realowi Madryt. Czy jednak nied\u0142ugo 35-latek ponownie wypadnie z podstawowego sk\u0142adu?<\/p>\n<p>\n    Zobacz wideo Kosecki szczerze o Lewandowskim: Ostatnia konferencja by\u0142a jego najlepszym wyst\u0119pem w kadrze\n  <\/p>\n<p class=\"art_paragraph\">Garcia wraca. Flick og\u0142osi\u0142, co czeka Szcz\u0119snego<\/p>\n<p class=\"art_paragraph\">Hiszpa\u0144skie media wielokrotnie podkre\u015bla\u0142y, \u017ce w wizji klubu Szcz\u0119sny ma by\u0107 nie tyle co rywalem, a mentorem dla Garcii. Kim\u015b, kto pomo\u017ce mu si\u0119 odnale\u017a\u0107 w jednym z najwi\u0119kszych klub\u00f3w \u015bwiata. Szcz\u0119sny te\u017c nigdy nie k\u0142\u00f3ci\u0142 si\u0119 z tym, \u017ce to jego m\u0142odszy kolega znajduje si\u0119 wy\u017cej w hierarchii Hansiego Flicka. Wr\u0119cz przeciwnie: przy ka\u017cdej mo\u017cliwej okazji zachwala\u0142 Hiszpana.<\/p>\n<p class=\"art_paragraph\">ZOBACZ TE\u017b:\u00a0<a href=\"https:\/\/www.sport.pl\/pilka\/7,65082,32414818,barcelona-pokazala-filmik-z-lewandowskim-i-sie-zaczelo-ogromna.html\" class=\"art_link\" rel=\"dofollow noopener\" target=\"_blank\">Barcelona pokaza\u0142a filmik z Lewandowskim i si\u0119 zacz\u0119\u0142o. Ogromna burza. &#8222;Haniebne&#8221;<\/a><\/p>\n<p class=\"art_paragraph\">W trakcie minionej przerwy reprezentacyjnej 24-latek zd\u0105\u017cy\u0142 wr\u00f3ci\u0107 do pe\u0142ni zdrowia i bierze ju\u017c pe\u0142ny udzia\u0142 w treningach Barcy. Na konferencji prasowej Flick zosta\u0142 wi\u0119c zapytany, kt\u00f3ry golkiper w trakcie sobotniego <a href=\"https:\/\/www.sport.pl\/euro\/7,154862,31079522,kto-dzis-gra-na-euro-2024-jakie-mecze-dzisiaj-piatek-21-czerwca.html#anchorLink\" rel=\"nofollow noopener\" target=\"_blank\">meczu<\/a> z Athletikiem Bilbao wyjdzie w pierwszym sk\u0142adzie i czy b\u0119dzie to Garcia. D\u0142ugo si\u0119 nie zastanawia\u0142. &#8211; Garcia? Tak, zgadza si\u0119 &#8211; skwitowa\u0142 Niemiec.<\/p>\n<p class=\"art_paragraph\">Wszystko jest zatem jasne. Spotkanie FC Barcelony z Athletikiem Bilbao rozpocznie si\u0119 21 listopada o godzinie 16:15. Polski <a href=\"https:\/\/www.sport.pl\/kibice#anchorLink\" rel=\"nofollow noopener\" target=\"_blank\">kibic<\/a> nie b\u0119dzie m\u00f3g\u0142 tym razem liczy\u0107 na czyste konto Szcz\u0119snego, ale za to mo\u017ce oczekiwa\u0107 bramek skutecznego ostatnio Roberta Lewandowskiego.<\/p>\n","protected":false},"excerpt":{"rendered":"Szcz\u0119sny rozpocz\u0105\u0142 sezon 2025\/2026 na \u0142awce rezerwowych i przez tygodnie nie dostawa\u0142 jakichkolwiek szans do gry. Wszystko zmieni\u0142o&hellip;\n","protected":false},"author":2,"featured_media":112048,"comment_status":"","ping_status":"","sticky":false,"template":"","format":"standard","meta":{"footnotes":""},"categories":[24],"tags":[42,38,40,39,41,127,126],"class_list":{"0":"post-112047","1":"post","2":"type-post","3":"status-publish","4":"format-standard","5":"has-post-thumbnail","7":"category-sport","8":"tag-pl","9":"tag-poland","10":"tag-polish","11":"tag-polska","12":"tag-polski","13":"tag-sport","14":"tag-sports"},"share_on_mastodon":{"url":"https:\/\/pubeurope.com\/@pl\/115588364098240657","error":""},"_links":{"self":[{"href":"https:\/\/www.europesays.com\/pl\/wp-json\/wp\/v2\/posts\/112047","targetHints":{"allow":["GET"]}}],"collection":[{"href":"https:\/\/www.europesays.com\/pl\/wp-json\/wp\/v2\/posts"}],"about":[{"href":"https:\/\/www.europesays.com\/pl\/wp-json\/wp\/v2\/types\/post"}],"author":[{"embeddable":true,"href":"https:\/\/www.europesays.com\/pl\/wp-json\/wp\/v2\/users\/2"}],"replies":[{"embeddable":true,"href":"https:\/\/www.europesays.com\/pl\/wp-json\/wp\/v2\/comments?post=112047"}],"version-history":[{"count":0,"href":"https:\/\/www.europesays.com\/pl\/wp-json\/wp\/v2\/posts\/112047\/revisions"}],"wp:featuredmedia":[{"embeddable":true,"href":"https:\/\/www.europesays.com\/pl\/wp-json\/wp\/v2\/media\/112048"}],"wp:attachment":[{"href":"https:\/\/www.europesays.com\/pl\/wp-json\/wp\/v2\/media?parent=112047"}],"wp:term":[{"taxonomy":"category","embeddable":true,"href":"https:\/\/www.europesays.com\/pl\/wp-json\/wp\/v2\/categories?post=112047"},{"taxonomy":"post_tag","embeddable":true,"href":"https:\/\/www.europesays.com\/pl\/wp-json\/wp\/v2\/tags?post=112047"}],"curies":[{"name":"wp","href":"https:\/\/api.w.org\/{rel}","templated":true}]}}