{"id":112049,"date":"2025-11-21T15:20:10","date_gmt":"2025-11-21T15:20:10","guid":{"rendered":"https:\/\/www.europesays.com\/pl\/112049\/"},"modified":"2025-11-21T15:20:10","modified_gmt":"2025-11-21T15:20:10","slug":"tlumy-na-pogrzebie-pono-warszawa-zegna-pioniera-hip-hopu-wp-wiadomosci","status":"publish","type":"post","link":"https:\/\/www.europesays.com\/pl\/112049\/","title":{"rendered":"T\u0142umy na pogrzebie Pono. Warszawa \u017cegna pioniera hip-hopu &#8211; WP Wiadomo\u015bci"},"content":{"rendered":"<ol>\n<li><a href=\"https:\/\/news.google.com\/rss\/articles\/CBMioAFBVV95cUxNYnlodnBmd3IyMXhjX2FvMzVNVUNPdnVqOWY2M3Z2UElNTG9RU2NLWEd1T2VNQmVBN2JXcXZiTHRLSkFJVzBTZzNrVnM4RjNpZVVfMUtQaGZyeWhUenI3Zjg2RUpheEFFZDQwWE1SbHNDV3VoYUFTTXEyWnU2RnRMZ3lWRmE3Uzc4Tzc1STYtTGZZSkdGNjhMdVFpSzJ1SGhu?oc=5\" target=\"_blank\" rel=\"nofollow noopener\">T\u0142umy na pogrzebie Pono. Warszawa \u017cegna pioniera hip-hopu<\/a>&nbsp;&nbsp;WP Wiadomo\u015bci<\/li>\n<li><a href=\"https:\/\/news.google.com\/rss\/articles\/CBMioAFBVV95cUxNNVdVVGMwR25VMVlOeVB4UERzSnViR0VwOFRBY3dyRkFma2Z5ZU5JR3hhTlRPWWVRd2Y4MUZzR3FVSV9sNDk1LVBhdWdoN3VQSGZ4NDlhNXJBeEsxNVNWSkhoRDBSMWpha2NLVEV2bmNFNzlmeVV3LUZYOFd5WTFROFNZNnBWNmVUUEg0Y0hINEVXSjBuamE4MHRDdkJYWk9m?oc=5\" target=\"_blank\" rel=\"nofollow noopener\">Pogrzeb rapera Pono. Bliscy \u017cegnaj\u0105 49-latka<\/a>&nbsp;&nbsp;Onet<\/li>\n<li><a href=\"https:\/\/news.google.com\/rss\/articles\/CBMilAFBVV95cUxPeDR1d3hUVEdYbFh5WmFMSFFYV0pTckh6cURoOWZkS3ZQRkJHTEt5bHVLZzA4aGRwbm5pRXJSX3FOMC1IamM2VVdpWGQyLWs2N0lfZktMcmN2ZWU1NXNvZFZQdTd5VG14YmJvRFNoYThwMGh2cmpqZ0tGd3kwb01fbmMzLWczbUJ5dzZJTDFFRW9tUTZx?oc=5\" target=\"_blank\" rel=\"nofollow noopener\">Ostatni teledysk Pono pojawi\u0142 si\u0119 w sieci. &#8222;To swoisty ho\u0142d&#8221;<\/a>&nbsp;&nbsp;Plejada<\/li>\n<li><a href=\"https:\/\/news.google.com\/rss\/articles\/CBMinwFBVV95cUxNRkNOM1lKZDB2VWVwQ0lZcUFkODBhQ0RidFFDRFVCeFpfNU5kSFFENEhqeVRxcmZzOFhtc2VSaE5wRnpvcU5OeWloaEp0czcxZnlYQVotSF9RSXNOcXpzc3hsQ1I5UlZQWUJpV3FFeE81RkVWb2FBTWU4VnVrMFhNXzdUa29OcTFONFlFZzZUMXozbWJhUEJySmFGcVhJaTQ?oc=5\" target=\"_blank\" rel=\"nofollow noopener\">Gwiazdy na pogrzebie Pono. Tak ubra\u0142 si\u0119 Fabija\u0144ski<\/a>&nbsp;&nbsp;o2.pl<\/li>\n<li><a href=\"https:\/\/news.google.com\/rss\/articles\/CBMinAFBVV95cUxQcEh1c0tub2p4Ui1JcWxTaWRXelBlSXBBVHRXczhIajRnQzhzeVkwbGkxZ1MwbUhYM2RaYzBTVnVVeVFhZl9yRi1iRTY3aGtUM2w3eWNocWxaSzNBTzNnWXUwd3VBRHVQVUg3YTJYb1lUbFZEb2NBc1RORXMwdldEdTRNUnhGdVVuU3NFbjlpbGFsMTV5YkVKMDMyblg?oc=5\" target=\"_blank\" rel=\"nofollow noopener\">Poruszaj\u0105ce s\u0142owa o c\u00f3rce na pogrzebie Pono. &#8222;Gdziekolwiek jest, ma w nim dobrego ducha&#8221;<\/a>&nbsp;&nbsp;Fakt<\/li>\n<\/ol>\n","protected":false},"excerpt":{"rendered":"T\u0142umy na pogrzebie Pono. Warszawa \u017cegna pioniera hip-hopu&nbsp;&nbsp;WP Wiadomo\u015bci Pogrzeb rapera Pono. Bliscy \u017cegnaj\u0105 49-latka&nbsp;&nbsp;Onet Ostatni teledysk Pono&hellip;\n","protected":false},"author":2,"featured_media":112050,"comment_status":"","ping_status":"","sticky":false,"template":"","format":"standard","meta":{"footnotes":""},"categories":[22],"tags":[122,42,38,40,39,41,123],"class_list":{"0":"post-112049","1":"post","2":"type-post","3":"status-publish","4":"format-standard","5":"has-post-thumbnail","7":"category-rozrywka","8":"tag-entertainment","9":"tag-pl","10":"tag-poland","11":"tag-polish","12":"tag-polska","13":"tag-polski","14":"tag-rozrywka"},"share_on_mastodon":{"url":"https:\/\/pubeurope.com\/@pl\/115588368241522007","error":""},"_links":{"self":[{"href":"https:\/\/www.europesays.com\/pl\/wp-json\/wp\/v2\/posts\/112049","targetHints":{"allow":["GET"]}}],"collection":[{"href":"https:\/\/www.europesays.com\/pl\/wp-json\/wp\/v2\/posts"}],"about":[{"href":"https:\/\/www.europesays.com\/pl\/wp-json\/wp\/v2\/types\/post"}],"author":[{"embeddable":true,"href":"https:\/\/www.europesays.com\/pl\/wp-json\/wp\/v2\/users\/2"}],"replies":[{"embeddable":true,"href":"https:\/\/www.europesays.com\/pl\/wp-json\/wp\/v2\/comments?post=112049"}],"version-history":[{"count":0,"href":"https:\/\/www.europesays.com\/pl\/wp-json\/wp\/v2\/posts\/112049\/revisions"}],"wp:featuredmedia":[{"embeddable":true,"href":"https:\/\/www.europesays.com\/pl\/wp-json\/wp\/v2\/media\/112050"}],"wp:attachment":[{"href":"https:\/\/www.europesays.com\/pl\/wp-json\/wp\/v2\/media?parent=112049"}],"wp:term":[{"taxonomy":"category","embeddable":true,"href":"https:\/\/www.europesays.com\/pl\/wp-json\/wp\/v2\/categories?post=112049"},{"taxonomy":"post_tag","embeddable":true,"href":"https:\/\/www.europesays.com\/pl\/wp-json\/wp\/v2\/tags?post=112049"}],"curies":[{"name":"wp","href":"https:\/\/api.w.org\/{rel}","templated":true}]}}