{"id":112075,"date":"2025-11-21T15:39:09","date_gmt":"2025-11-21T15:39:09","guid":{"rendered":"https:\/\/www.europesays.com\/pl\/112075\/"},"modified":"2025-11-21T15:39:09","modified_gmt":"2025-11-21T15:39:09","slug":"to-poslowie-mieli-uslyszec-od-wlodzimierza-czarzastego-o-alkoholu-w-sejmie-zaskakujace-slowa-onet-wiadomosci","status":"publish","type":"post","link":"https:\/\/www.europesays.com\/pl\/112075\/","title":{"rendered":"To pos\u0142owie mieli us\u0142ysze\u0107 od W\u0142odzimierza Czarzastego o alkoholu w Sejmie. Zaskakuj\u0105ce s\u0142owa &#8211; Onet Wiadomo\u015bci"},"content":{"rendered":"<ol>\n<li><a href=\"https:\/\/news.google.com\/rss\/articles\/CBMiuwFBVV95cUxOVUFRVkRoZm0tOHZTZk5TOExJYWRaZjVrREtEVDQtSXg2X1ZBVVpwWnVDRGRCeldmUUw0ZmQySkhwX0tlR1FkQkt5dExIZml0UF9LYU5GNkN1Nm9lVmxHdGZ1Q0dtaDJnQXlTaEtoUEdXd2RvWWhMajZRYUZROEI5d2VxRElsVmswVUtnXzRNcy1aSXRkdmhRVm9SNzgxeG55OWtNaGRzNkE2cG5vbUJfVkxtUUxoM3YxNWZR?oc=5\" target=\"_blank\" rel=\"nofollow noopener\">To pos\u0142owie mieli us\u0142ysze\u0107 od W\u0142odzimierza Czarzastego o alkoholu w Sejmie. Zaskakuj\u0105ce s\u0142owa<\/a>&nbsp;&nbsp;Onet Wiadomo\u015bci<\/li>\n<li><a href=\"https:\/\/news.google.com\/rss\/articles\/CBMixAFBVV95cUxQSk5UOHdQMk1Db0dEbnR4Q0VORDdMRVFOQk9pb3RQYW1Ub1FycFc4TlBTbHdDczRTSUthYTh6YklmWTJKblBHLWVWeFhPdEZMMnVOT0hJbGFaV09xY1pSc2xneGhxYVpfeFhCdVJNM2xOWkhtY09UbjA5NGhSemtfQ0dFX1l2ZmpaVUhsWGRZR0NXT21jR3BhTXVCa29KeXRiVDU3NWVxRWJJMnBqZGFQc3FDYm9VZmVMMW5COVdRSUducF9m?oc=5\" target=\"_blank\" rel=\"nofollow noopener\">Zakaz alkoholu w Sejmie. Marek Jakubiak: Przy kompocie b\u0119dziemy siedzieli?<\/a>&nbsp;&nbsp;Money.pl<\/li>\n<li><a href=\"https:\/\/news.google.com\/rss\/articles\/CBMitAFBVV95cUxObEpkZDVxVjR1c1Y3OGEwb3dDcFZkbFB3X2o1N2w4QkRweFpzS2VCNm9qUEdjNl8xUXNQa3VoZEFKUUhIZzFpWjZkTDJRWHBVZUg3cmZ0SGw3TnFkR2lDZjJKZE00WThLbFZIbGh1Njg3aXFhN3RQUjFONGZJMW9SWTR1eWxVclFHcE5hSWNXUDktbG5SR083Njh5LXFTZFJscTV0VzNyTFgxZWwzVXBIN0lPeVY?oc=5\" target=\"_blank\" rel=\"nofollow noopener\">&#8222;Zamro\u017cone ceny&#8221;. Tyle pos\u0142owie p\u0142ac\u0105 w sejmowej sto\u0142\u00f3wce<\/a>&nbsp;&nbsp;Next Gazeta.pl<\/li>\n<li><a href=\"https:\/\/news.google.com\/rss\/articles\/CBMiqAFBVV95cUxQS2JmRkVDdS1WbVlLWFpnNjZVSnFNZTZUaWZaVzl3MmVGSmlSeXFuemFtTkpybmNESktYakxaeTdfVEMtNk1mR1dGN3F5am9pNU9ybmJBZTZkUUFJNDYyNVQxOVEzejctbm1sWFFnakNkenNYYU9ua0hoRWxSWDNsVi1UMlUyaDE3d3pJRHd6VXp5c2lKcFlZVWk3UnljckJXcnRFZURCNVM?oc=5\" target=\"_blank\" rel=\"nofollow noopener\">Sejm. Koniec z piwkiem do kotleta. Pos\u0142owie oburzeni decyzj\u0105 marsza\u0142ka Czarzastego<\/a>&nbsp;&nbsp;Wyborcza.pl<\/li>\n<li><a href=\"https:\/\/news.google.com\/rss\/articles\/CBMi1AFBVV95cUxPeDg2Z0FPMF9FS0RSa3hscC1yai04Qkl0NkNsTzhlMmwzbHYtUGhENUZrU1NRWkY2TGpSYlhYem5uQl92Mlhyb3hxQ09relJrXzkzNFFUT1FCRjltaFN5b3lqS09GQ3l2RVpmUGRHdzVjZmczSkR0WmdLMTRXRFc1WHloWUlMbi12TmtGMTV4RVBET2Y2elpTT0tMUWZyQWZpc29ZYmh0bFhna1JvOXpaSmFjUERRMjlHQno0TEFjU1JrTGk3R2stNVpuUkZnQ1A4bGtGdQ?oc=5\" target=\"_blank\" rel=\"nofollow noopener\">Sprzeda\u017c alkoholu w Sejmie ros\u0142a. Przy Wiejskiej w rok przepili niespe\u0142na \u0107wier\u0107 miliona z\u0142otych<\/a>&nbsp;&nbsp;WP Wiadomo\u015bci<\/li>\n<\/ol>\n","protected":false},"excerpt":{"rendered":"To pos\u0142owie mieli us\u0142ysze\u0107 od W\u0142odzimierza Czarzastego o alkoholu w Sejmie. Zaskakuj\u0105ce s\u0142owa&nbsp;&nbsp;Onet Wiadomo\u015bci Zakaz alkoholu w Sejmie.&hellip;\n","protected":false},"author":2,"featured_media":112076,"comment_status":"","ping_status":"","sticky":false,"template":"","format":"standard","meta":{"footnotes":""},"categories":[12],"tags":[906,32,33,36,37,27,49,34,35,10452,28,31,48,25,46,42,38,40,39,41,20357,47,423,29,30,26,203],"class_list":{"0":"post-112075","1":"post","2":"type-post","3":"status-publish","4":"format-standard","5":"has-post-thumbnail","7":"category-polska","8":"tag-alkohol","9":"tag-breaking-news","10":"tag-breakingnews","11":"tag-featured-news","12":"tag-featurednews","13":"tag-headlines","14":"tag-kraj","15":"tag-latest-news","16":"tag-latestnews","17":"tag-marszalek_sejmu","18":"tag-naglowki","19":"tag-najwazniejsze-artykuly","20":"tag-nat_styl","21":"tag-news","22":"tag-omp","23":"tag-pl","24":"tag-poland","25":"tag-polish","26":"tag-polska","27":"tag-polski","28":"tag-przemyslaw_wipler","29":"tag-screening_general","30":"tag-sejm","31":"tag-top-stories","32":"tag-topstories","33":"tag-wiadomosci","34":"tag-wlodzimierz_czarzasty"},"share_on_mastodon":{"url":"","error":""},"_links":{"self":[{"href":"https:\/\/www.europesays.com\/pl\/wp-json\/wp\/v2\/posts\/112075","targetHints":{"allow":["GET"]}}],"collection":[{"href":"https:\/\/www.europesays.com\/pl\/wp-json\/wp\/v2\/posts"}],"about":[{"href":"https:\/\/www.europesays.com\/pl\/wp-json\/wp\/v2\/types\/post"}],"author":[{"embeddable":true,"href":"https:\/\/www.europesays.com\/pl\/wp-json\/wp\/v2\/users\/2"}],"replies":[{"embeddable":true,"href":"https:\/\/www.europesays.com\/pl\/wp-json\/wp\/v2\/comments?post=112075"}],"version-history":[{"count":0,"href":"https:\/\/www.europesays.com\/pl\/wp-json\/wp\/v2\/posts\/112075\/revisions"}],"wp:featuredmedia":[{"embeddable":true,"href":"https:\/\/www.europesays.com\/pl\/wp-json\/wp\/v2\/media\/112076"}],"wp:attachment":[{"href":"https:\/\/www.europesays.com\/pl\/wp-json\/wp\/v2\/media?parent=112075"}],"wp:term":[{"taxonomy":"category","embeddable":true,"href":"https:\/\/www.europesays.com\/pl\/wp-json\/wp\/v2\/categories?post=112075"},{"taxonomy":"post_tag","embeddable":true,"href":"https:\/\/www.europesays.com\/pl\/wp-json\/wp\/v2\/tags?post=112075"}],"curies":[{"name":"wp","href":"https:\/\/api.w.org\/{rel}","templated":true}]}}