{"id":112319,"date":"2025-11-21T18:28:12","date_gmt":"2025-11-21T18:28:12","guid":{"rendered":"https:\/\/www.europesays.com\/pl\/112319\/"},"modified":"2025-11-21T18:28:12","modified_gmt":"2025-11-21T18:28:12","slug":"cala-specyfikacja-poco-f8-ultra-na-kilka-dni-przed-premiera","status":"publish","type":"post","link":"https:\/\/www.europesays.com\/pl\/112319\/","title":{"rendered":"Cala specyfikacja POCO F8 Ultra na kilka dni przed premier\u0105"},"content":{"rendered":"<p class=\"lead\">Oto pe\u0142na specyfikacja POCO F8 Ultra. Do premiery zbli\u017ca si\u0119 mocny, ale jednocze\u015bnie niedrogi flagowiec submarki Xiaomi. Dos\u0142ownie za kilka dni poznamy oficjaln\u0105 cen\u0105 modelu, a teraz poznali\u015bmy jego wygl\u0105d<\/p>\n<p>Smartfon zadebiutuje globalnie jeszcze w tym miesi\u0105cu. Nowe informacje wskazuj\u0105 na po\u0142\u0105czenie flagowej wydajno\u015bci i wzmocnionej konstrukcji. POCO F8 Ultra otrzyma najnowszy procesor firmy Qualcomm i najnowszego Androida. Co jeszcze wiemy o specyfikacji?<\/p>\n<p>Wydajno\u015b\u0107, ekran i bateria POCO F8 Ultra<\/p>\n<p>POCO F8 Ultra skorzysta z najnowszego Snapdragona 8 Elite Gen 5, kt\u00f3ry zapewni topow\u0105 moc. Wynika z tego, \u017ce obs\u0142u\u017cy standardy LDDR5X + UFS 4.1. Mo\u017cna oczekiwa\u0107 sporej ilo\u015bci pami\u0119ci, wi\u0119c pokusz\u0119 si\u0119 o wskazanie 16 GB RAM oraz 1 TB na dane. Cud, mi\u00f3d i orzeszki.<\/p>\n<p><a href=\"https:\/\/www.gsmmaniak.pl\/wp-content\/uploads\/gsmmaniak\/2025\/11\/1-25.png\" rel=\"lightbox-post4 nofollow noopener\" target=\"_blank\"><img loading=\"lazy\" decoding=\"async\" aria-describedby=\"caption-attachment-1615278\" class=\"size-medium wp-image-1615278\" src=\"https:\/\/www.europesays.com\/pl\/wp-content\/uploads\/2025\/11\/1-25-medium.png\" alt=\"POCO F8 Ultra\" width=\"500\" height=\"484\"   itemprop=\"image\" \/><\/a><\/p>\n<p id=\"caption-attachment-1615278\" class=\"wp-caption-text\">POCO F8 Ultra \/ fot. @Sudhanshu1414<\/p>\n<p>Telefon otrzyma p\u0142aski ekran OLED LTPS o przek\u0105tnej 6,9\u2033 i rozdzielczo\u015bci 1,5K. Warto te\u017c odnotowa\u0107 obudow\u0119 z metalow\u0105 ramk\u0105, certyfikatem IP69 oraz g\u0142o\u015bnikami stereo wykorzystuj\u0105cymi technologi\u0119 Bose. Zapowiada si\u0119\u00a0 sprz\u0119t z wysok\u0105 jako\u015bci\u0105 audio.<\/p>\n<p>Z koeli bateria postawi na pojemno\u015b\u0107 6500 mAh. Smartfon obs\u0142u\u017cy \u0142adowanie przewodowe 100 W, a tak\u017ce \u0142adowanie bezprzewodowe 50 W. Ca\u0142o\u015b\u0107 poprowadzi system Android 16 z\u00a0 autorsk\u0105 nak\u0142adk\u0105 HyperOS 3. Wymiary zaprezentuj\u0105 si\u0119 nast\u0119puj\u0105co: 163.3 \u00d7 77.8 \u00d7 8.05 mm.<\/p>\n<p>Aparaty i nadchodz\u0105ca premiera taniego flagowca<\/p>\n<p>Zestaw aparat\u00f3w skorzysta z systemu optycznego pierwowzoru, czyli <a href=\"https:\/\/www.gsmmaniak.pl\/1608852\/redmi-k90-pro-max-oficjalnie-cena-specyfikacja-premiera\/\" rel=\"nofollow noopener\" target=\"_blank\">Redmi K90 Pro Max<\/a>. Obejmuje on trzy sensory, ka\u017cdy z matryc\u0105 50 MP: jednostka g\u0142\u00f3wna, obiektyw ultraszerokok\u0105tny i obiektyw peryskopowy z 5-krotnym zoomem. Xiaomi nie planuje wi\u0119kszych zmian.<\/p>\n<p>Oficjalna premiera POCO F8 Ultra odb\u0119dzie si\u0119 26 listopada 2025 roku. Wtedy dowiemy si\u0119, czy przecieki okaza\u0142y si\u0119 trafne. Najwi\u0119ksze znaczenie b\u0119dzie mie\u0107 finalna cena urz\u0105dzenia. To ona przesadzi o op\u0142acalno\u015bci modelu na tle konkurencji.<\/p>\n<blockquote class=\"wp-embedded-content\" data-secret=\"DaqJwvuxFh\">\n<p><a href=\"https:\/\/www.gsmmaniak.pl\/1608852\/redmi-k90-pro-max-oficjalnie-cena-specyfikacja-premiera\/\" rel=\"nofollow noopener\" target=\"_blank\">Halo policja? Tu zmasakrowano konkurencj\u0119 \u2013 premiera najbardziej op\u0142acalnego flagowca tego roku zaszokowa\u0142a nisk\u0105 cen\u0105<\/a><\/p>\n<\/blockquote>\n<p class=\"lead\">\u0179r\u00f3d\u0142o: <a href=\"https:\/\/x.com\/Sudhanshu1414\/status\/1990808248409022519\" rel=\"nofollow\">@Sudhanshu1414<\/a> z portalu x.com<\/p>\n<p>Na stronie mog\u0105 wyst\u0119powa\u0107 linki afiliacyjne lub reklamowe.<\/p>\n","protected":false},"excerpt":{"rendered":"Oto pe\u0142na specyfikacja POCO F8 Ultra. Do premiery zbli\u017ca si\u0119 mocny, ale jednocze\u015bnie niedrogi flagowiec submarki Xiaomi. Dos\u0142ownie&hellip;\n","protected":false},"author":2,"featured_media":56848,"comment_status":"","ping_status":"","sticky":false,"template":"","format":"standard","meta":{"footnotes":""},"categories":[20],"tags":[120,118,119,42,22247,22251,24609,22248,22249,24607,22250,38,40,39,41,116,114,115,18978,22252,121,117,24608],"class_list":{"0":"post-112319","1":"post","2":"type-post","3":"status-publish","4":"format-standard","5":"has-post-thumbnail","7":"category-nauka-i-technika","8":"tag-nauka","9":"tag-nauka-i-technika","10":"tag-naukatechnika","11":"tag-pl","12":"tag-poco-f8-ultra","13":"tag-poco-f8-ultra-design","14":"tag-poco-f8-ultra-globalnie","15":"tag-poco-f8-ultra-kiedy","16":"tag-poco-f8-ultra-premiera","17":"tag-poco-f8-ultra-spec","18":"tag-poco-f8-ultra-specyfikacja","19":"tag-poland","20":"tag-polish","21":"tag-polska","22":"tag-polski","23":"tag-science","24":"tag-science-and-technology","25":"tag-sciencetechnology","26":"tag-tani-flagowiec","27":"tag-tani-flagowiec-xiaomi","28":"tag-technika","29":"tag-technology","30":"tag-xiaomi-poco-f8-ultra"},"share_on_mastodon":{"url":"https:\/\/pubeurope.com\/@pl\/115589107635191764","error":""},"_links":{"self":[{"href":"https:\/\/www.europesays.com\/pl\/wp-json\/wp\/v2\/posts\/112319","targetHints":{"allow":["GET"]}}],"collection":[{"href":"https:\/\/www.europesays.com\/pl\/wp-json\/wp\/v2\/posts"}],"about":[{"href":"https:\/\/www.europesays.com\/pl\/wp-json\/wp\/v2\/types\/post"}],"author":[{"embeddable":true,"href":"https:\/\/www.europesays.com\/pl\/wp-json\/wp\/v2\/users\/2"}],"replies":[{"embeddable":true,"href":"https:\/\/www.europesays.com\/pl\/wp-json\/wp\/v2\/comments?post=112319"}],"version-history":[{"count":0,"href":"https:\/\/www.europesays.com\/pl\/wp-json\/wp\/v2\/posts\/112319\/revisions"}],"wp:featuredmedia":[{"embeddable":true,"href":"https:\/\/www.europesays.com\/pl\/wp-json\/wp\/v2\/media\/56848"}],"wp:attachment":[{"href":"https:\/\/www.europesays.com\/pl\/wp-json\/wp\/v2\/media?parent=112319"}],"wp:term":[{"taxonomy":"category","embeddable":true,"href":"https:\/\/www.europesays.com\/pl\/wp-json\/wp\/v2\/categories?post=112319"},{"taxonomy":"post_tag","embeddable":true,"href":"https:\/\/www.europesays.com\/pl\/wp-json\/wp\/v2\/tags?post=112319"}],"curies":[{"name":"wp","href":"https:\/\/api.w.org\/{rel}","templated":true}]}}