{"id":112326,"date":"2025-11-21T18:33:08","date_gmt":"2025-11-21T18:33:08","guid":{"rendered":"https:\/\/www.europesays.com\/pl\/112326\/"},"modified":"2025-11-21T18:33:08","modified_gmt":"2025-11-21T18:33:08","slug":"zwrot-w-meczu-mai-chwalinskiej-w-turnieju-wta-i-ten-pierwszy-set-przeglad-sportowy-onet","status":"publish","type":"post","link":"https:\/\/www.europesays.com\/pl\/112326\/","title":{"rendered":"Zwrot w meczu Mai Chwali\u0144skiej w turnieju WTA! I ten pierwszy set &#8211; Przegl\u0105d Sportowy Onet"},"content":{"rendered":"<ol>\n<li><a href=\"https:\/\/news.google.com\/rss\/articles\/CBMisAFBVV95cUxOTGJOYVV0eHlzZkdhWHloUk1RekduM2pHVjY4aEdNVGxpcG5jUFQzTndidDhZWEFrR0UwRDk1a0VUWXhzS2pwOU85bG44dXlnU29DNmt2QWV2NEN4UGZtRnlYZHpVYzREOE1ocUFFNlU0TFh1Q0otTmhCck5ncGprZXo3Q2NISGpmbDlqbHQxeWE3cXpGcE5oelFtVkpuRnBPbl9tR2xxN3NDdV9SMGYyZA?oc=5\" target=\"_blank\" rel=\"nofollow noopener\">Zwrot w meczu Mai Chwali\u0144skiej w turnieju WTA! I ten pierwszy set<\/a>&nbsp;&nbsp;Przegl\u0105d Sportowy Onet<\/li>\n<li><a href=\"https:\/\/news.google.com\/rss\/articles\/CBMirgFBVV95cUxQVjk1MlZZV2pTUy1aQ21LWDhnb1duT2ZuZnZaY3ZYemJmTzJFNm1CUXdBZXp5ZmtHSTVYZ2JPSUVsdnplUXlWWmdtNGNWdzB5V25XX3VaODF5M0ozNjQxNmlwQUFDb2RreldhMEY2V2pCeXpleDVYWFNIVFA1amJaZ2tHaXJxNTR1X3lpc19RYUpVQkNDM0x3YnY1TjIzZWpqMEoyajJtb1NlYTIyaVE?oc=5\" target=\"_blank\" rel=\"nofollow noopener\">110 minut meczu Chwali\u0144skiej z turniejow\u0105 &#8222;3&#8221; o p\u00f3\u0142fina\u0142 WTA. Dosz\u0142o do udanego rewan\u017cu<\/a>&nbsp;&nbsp;Sport w INTERIA.PL<\/li>\n<li><a href=\"https:\/\/news.google.com\/rss\/articles\/CBMijgFBVV95cUxNTG84QXI5XzU3RTgtQktnTi01c0FYZXluWGVkajEyRTdHbGd5UXlkZUxXcFhaTUVTMllmV2YtdUtVQk9QM29pejNhcGk3M0JVbVFOalR2S1Jkc3IwVnpIbUgwU215UmdBN1UtZC1hVm5BRWRPVXZBVUhZQTQ2dlR1Z1p2NG5HMFB0dkE3QzVn?oc=5\" target=\"_blank\" rel=\"nofollow noopener\">Maja Chwali\u0144ska nie podbije dalekiego Chile<\/a>&nbsp;&nbsp;SportoweFakty<\/li>\n<li><a href=\"https:\/\/news.google.com\/rss\/articles\/CBMimgFBVV95cUxQNElZWUpnM1VvQjlfdXBPaFgzZGN5QVpJOGVIYzVwQzRTcTcxYWVmOVN5cjV1Qm1mR3E3OFcyREw5MnpDVUdCQVBzZFdRUE5FMDJPTEJiRWoxWjhvcTVpNE1uNTFZbEM3b0RpQzRpZ0ZBdjFXM0VxWVNmdTlRZFV2dGpYc3pjd3JtalV4ZDQ2N3FJQUtZN2hHV3F3?oc=5\" target=\"_blank\" rel=\"nofollow noopener\">Polska tenisistka w \u0107wier\u0107finale! Pewny triumf<\/a>&nbsp;&nbsp;www.polsatsport.pl<\/li>\n<li><a href=\"https:\/\/news.google.com\/rss\/articles\/CBMingFBVV95cUxQbTJRN0Jpb19WVjlPeUVYbXk3WmdzOXBXN19sMGJydXdJVXpnS3RiZ1lPeERfcHJCZHM5M1p0RGhGU0l2VE1ia19MdkxQRXZELUs2ZVlfbERYN1VIbThDc3JuS0dpbVAxaHpweHo3R3Jtbk54VURoenM2S05lQ3BUbVR1amFKTEo4MFpkdmFnb1B3elB3ZTYwcDlQTVJVUdIBowFBVV95cUxQbndqYnVOUWotRFlrLTYwcWdPWm5nQXg1SDRBRlN0R0VnY19MbW9MZnBGZVIxdHN5Qk14U0pfdVFlampQejVzWnhDd09lLWhsOXJTQTN0M2t0bDluRnNmZ1BPM0tSMXV5bE9Id1FEZkg5ZUVNZ3J1c0xjd2JVNS1GdEFiWDQtclI2LTdINHBxb1dhOE92U1JUUTRvNnFKTHIzSk9F?oc=5\" target=\"_blank\" rel=\"nofollow noopener\">Maja Chwali\u0144ska zagra o p\u00f3\u0142fina\u0142 turnieju WTA 125 w Colinie w Chile<\/a>&nbsp;&nbsp;sport.tvp.pl<\/li>\n<\/ol>\n","protected":false},"excerpt":{"rendered":"Zwrot w meczu Mai Chwali\u0144skiej w turnieju WTA! I ten pierwszy set&nbsp;&nbsp;Przegl\u0105d Sportowy Onet 110 minut meczu Chwali\u0144skiej&hellip;\n","protected":false},"author":2,"featured_media":112327,"comment_status":"","ping_status":"","sticky":false,"template":"","format":"standard","meta":{"footnotes":""},"categories":[24],"tags":[67,24610,42,38,40,39,41,136,128,47,127,135,126,156,130,157],"class_list":{"0":"post-112326","1":"post","2":"type-post","3":"status-publish","4":"format-standard","5":"has-post-thumbnail","7":"category-sport","8":"tag-intextvideo_splayer","9":"tag-maja_chwalinska","10":"tag-pl","11":"tag-poland","12":"tag-polish","13":"tag-polska","14":"tag-polski","15":"tag-ps_detal_new","16":"tag-psv2","17":"tag-screening_general","18":"tag-sport","19":"tag-sport_sport","20":"tag-sports","21":"tag-tenis","22":"tag-wiadomosci_sportowe","23":"tag-wta"},"share_on_mastodon":{"url":"https:\/\/pubeurope.com\/@pl\/115589126984820513","error":""},"_links":{"self":[{"href":"https:\/\/www.europesays.com\/pl\/wp-json\/wp\/v2\/posts\/112326","targetHints":{"allow":["GET"]}}],"collection":[{"href":"https:\/\/www.europesays.com\/pl\/wp-json\/wp\/v2\/posts"}],"about":[{"href":"https:\/\/www.europesays.com\/pl\/wp-json\/wp\/v2\/types\/post"}],"author":[{"embeddable":true,"href":"https:\/\/www.europesays.com\/pl\/wp-json\/wp\/v2\/users\/2"}],"replies":[{"embeddable":true,"href":"https:\/\/www.europesays.com\/pl\/wp-json\/wp\/v2\/comments?post=112326"}],"version-history":[{"count":0,"href":"https:\/\/www.europesays.com\/pl\/wp-json\/wp\/v2\/posts\/112326\/revisions"}],"wp:featuredmedia":[{"embeddable":true,"href":"https:\/\/www.europesays.com\/pl\/wp-json\/wp\/v2\/media\/112327"}],"wp:attachment":[{"href":"https:\/\/www.europesays.com\/pl\/wp-json\/wp\/v2\/media?parent=112326"}],"wp:term":[{"taxonomy":"category","embeddable":true,"href":"https:\/\/www.europesays.com\/pl\/wp-json\/wp\/v2\/categories?post=112326"},{"taxonomy":"post_tag","embeddable":true,"href":"https:\/\/www.europesays.com\/pl\/wp-json\/wp\/v2\/tags?post=112326"}],"curies":[{"name":"wp","href":"https:\/\/api.w.org\/{rel}","templated":true}]}}