{"id":112350,"date":"2025-11-21T18:50:27","date_gmt":"2025-11-21T18:50:27","guid":{"rendered":"https:\/\/www.europesays.com\/pl\/112350\/"},"modified":"2025-11-21T18:50:27","modified_gmt":"2025-11-21T18:50:27","slug":"rosja-wyprzedaje-swoje-rezerwy-zlota","status":"publish","type":"post","link":"https:\/\/www.europesays.com\/pl\/112350\/","title":{"rendered":"Rosja wyprzedaje swoje rezerwy z\u0142ota"},"content":{"rendered":"<p class=\"lead\">Rosja po raz pierwszy rozpocz\u0119\u0142a sprzeda\u017c fizycznego z\u0142ota ze swoich rezerw, aby pokry\u0107 rosn\u0105ce potrzeby bud\u017cetu wojennego; potwierdzi\u0142 to w czwartek rosyjski Bank Centralny &#8211; poda\u0142 portal United24media.<\/p>\n<p>Wcze\u015bniej Rosja przeprowadza\u0142a transakcje ze z\u0142otem, jednak by\u0142y one w du\u017cej mierze wirtualne i polega\u0142y na tym, \u017ce kruszec przekazywano z rz\u0105du do banku centralnego, ale wci\u0105\u017c fizycznie pozostawa\u0142 on cz\u0119\u015bci\u0105 krajowych rezerw z\u0142ota, kt\u00f3re przekraczaj\u0105 2,3 tys. ton i zajmuj\u0105 5. miejsce pod wzgl\u0119dem wielko\u015bci na \u015bwiecie.<\/p>\n<p>Obecnie z\u0142oto z utworzonego w 2008 r. Funduszu Dobrobytu Narodowego (FDN) sprzedawane jest realnie na rynku krajowym, co oznacza, \u017ce ka\u017cda sprzedana sztabka przestaje by\u0107 pod kontrol\u0105 pa\u0144stwa.<\/p>\n<p>Bank Centralny nie ujawni\u0142 skali ani dat rozpocz\u0119cia tych sprzeda\u017cy.<\/p>\n<p>Przed inwazj\u0105 Rosji na Ukrain\u0119 FDN posiada\u0142 405,7 t z\u0142ota. Od tego czasu ministerstwo finans\u00f3w wyprzeda\u0142o 57 proc. zapas\u00f3w \u2014 ponad 232,6 t., aby pokry\u0107 niedobory bud\u017cetu, spowodowane wojn\u0105 i sankcjami na\u0142o\u017conymi na Kreml przez Zach\u00f3d. Na pocz\u0105tku listopada w FDN pozosta\u0142y jedynie 173 t, co sk\u0142ania ekonomist\u00f3w zachodnich do wieszczenia jego wyczerpania w ci\u0105gu roku lub dw\u00f3ch lat.<\/p>\n<p>Fundusz ten jest obecnie podzielony w przybli\u017ceniu w 60 proc. na juany i 40 proc. na z\u0142oto po tym, gdy w 2023 r. Moskwa wykluczy\u0142a z niego dolara ameryka\u0144skiego, euro i inne waluty zachodnie. Bank centralny ju\u017c wcze\u015bniej zacz\u0105\u0142 sprzedawa\u0107 r\u00f3wnie\u017c chi\u0144sk\u0105 walut\u0119.\u00a0<\/p>\n","protected":false},"excerpt":{"rendered":"Rosja po raz pierwszy rozpocz\u0119\u0142a sprzeda\u017c fizycznego z\u0142ota ze swoich rezerw, aby pokry\u0107 rosn\u0105ce potrzeby bud\u017cetu wojennego; potwierdzi\u0142&hellip;\n","protected":false},"author":2,"featured_media":112351,"comment_status":"","ping_status":"","sticky":false,"template":"","format":"standard","meta":{"footnotes":""},"categories":[16],"tags":[113,112,388,42,38,40,39,41],"class_list":{"0":"post-112350","1":"post","2":"type-post","3":"status-publish","4":"format-standard","5":"has-post-thumbnail","7":"category-biznes","8":"tag-biznes","9":"tag-business","10":"tag-finanse","11":"tag-pl","12":"tag-poland","13":"tag-polish","14":"tag-polska","15":"tag-polski"},"share_on_mastodon":{"url":"https:\/\/pubeurope.com\/@pl\/115589193807796333","error":""},"_links":{"self":[{"href":"https:\/\/www.europesays.com\/pl\/wp-json\/wp\/v2\/posts\/112350","targetHints":{"allow":["GET"]}}],"collection":[{"href":"https:\/\/www.europesays.com\/pl\/wp-json\/wp\/v2\/posts"}],"about":[{"href":"https:\/\/www.europesays.com\/pl\/wp-json\/wp\/v2\/types\/post"}],"author":[{"embeddable":true,"href":"https:\/\/www.europesays.com\/pl\/wp-json\/wp\/v2\/users\/2"}],"replies":[{"embeddable":true,"href":"https:\/\/www.europesays.com\/pl\/wp-json\/wp\/v2\/comments?post=112350"}],"version-history":[{"count":0,"href":"https:\/\/www.europesays.com\/pl\/wp-json\/wp\/v2\/posts\/112350\/revisions"}],"wp:featuredmedia":[{"embeddable":true,"href":"https:\/\/www.europesays.com\/pl\/wp-json\/wp\/v2\/media\/112351"}],"wp:attachment":[{"href":"https:\/\/www.europesays.com\/pl\/wp-json\/wp\/v2\/media?parent=112350"}],"wp:term":[{"taxonomy":"category","embeddable":true,"href":"https:\/\/www.europesays.com\/pl\/wp-json\/wp\/v2\/categories?post=112350"},{"taxonomy":"post_tag","embeddable":true,"href":"https:\/\/www.europesays.com\/pl\/wp-json\/wp\/v2\/tags?post=112350"}],"curies":[{"name":"wp","href":"https:\/\/api.w.org\/{rel}","templated":true}]}}