{"id":112375,"date":"2025-11-21T19:08:09","date_gmt":"2025-11-21T19:08:09","guid":{"rendered":"https:\/\/www.europesays.com\/pl\/112375\/"},"modified":"2025-11-21T19:08:09","modified_gmt":"2025-11-21T19:08:09","slug":"bruk-bet-termalica-nieciecza-arka-gdynia-relacja-na-zywo-rusza-16-kolejka-pko-bp-ekstraklasy-live-przeglad-sportowy-onet","status":"publish","type":"post","link":"https:\/\/www.europesays.com\/pl\/112375\/","title":{"rendered":"Bruk-Bet Termalica Nieciecza &#8211; Arka Gdynia: relacja na \u017cywo. Rusza 16. kolejka PKO BP Ekstraklasy LIVE &#8211; Przegl\u0105d Sportowy Onet"},"content":{"rendered":"<ol>\n<li><a href=\"https:\/\/news.google.com\/rss\/articles\/CBMi3gFBVV95cUxPY2dVUE12WXM1VkVwbkRzUlFDTlZGWW5vXzJFVmdwS01IVmx5WjVXdDZTYXBFRnNWRVhkckpGcDBmdEJPdHg3VkNrU01ESWtCZzFQc1lQQkdBZE5Gc05ERnlucjVxYVBmbGtIdmxPVDNvekxvNHpCSGsyNS05NDNFOVk2cEZSNWtCYlZhQWozNi1FQ1VLMlcwOVAxSWdZRFhqSmJpQ0h4OXdld2Q0YUJuZVFRRmYxLWx0OFNjaDZEaFp4SHhjNFB6X3VaRGg4RkY2ZmlpNXFBaGp6aWM0elE?oc=5\" target=\"_blank\" rel=\"nofollow noopener\">Bruk-Bet Termalica Nieciecza &#8211; Arka Gdynia: relacja na \u017cywo. Rusza 16. kolejka PKO BP Ekstraklasy LIVE<\/a>&nbsp;&nbsp;Przegl\u0105d Sportowy Onet<\/li>\n<li><a href=\"https:\/\/news.google.com\/rss\/articles\/CBMilwFBVV95cUxNVFNFSE55ZUh3QnFyVG9UbzlDMkhWdXFIMV93MUFDZ200TG5aYXY2ekpOdlFlX2lJMkwxQ2NXRlNxNUZqWV9XS2VJczNBSFp5YzFVS3BCZVgtY1BxcEpkeGwtNWZ0VkEtbjhFcHUtU1NMcHp4cmltMk9aeTZTV29BQUlkRDNTd3A2QUdTQjU1V3NkZWhESE9N?oc=5\" target=\"_blank\" rel=\"nofollow noopener\">Bruk-Bet Termalica Nieciecza &#8211; Arka Gdynia<\/a>&nbsp;&nbsp;CANAL+<\/li>\n<li><a href=\"https:\/\/news.google.com\/rss\/articles\/CBMi0AFBVV95cUxPVEJmbVg1djYwUUxmb2RhUHRNTzNSeE5PRnY2VjlUYzdkYjdHV1pEODlMM1Y0S0JnQ0UyMFN5RW0tTUhDekhKWUVJY3Q0Q0NYMTJSdzFvX3IySnBjaGRvLVh3Nk0ycnpIYW1WZkRRamVoRzBhQ08tRl9mMjg1SWxCOVkyMTBleTd4ZU80aGg0RHk0SUFJTk43YWtyQzZFbjUtUW9VVHVSd0UwN1E1ODVvMWl6TXA1SzlIQzhKTFdYbWVOMFVXU1JvLWJYZXhvcEdm?oc=5\" target=\"_blank\" rel=\"nofollow noopener\">Co za gol reprezentanta Polski w Ekstraklasie! Przerwa\u0142 koszmarn\u0105 pass\u0119<\/a>&nbsp;&nbsp;Przegl\u0105d Sportowy Onet<\/li>\n<li><a href=\"https:\/\/news.google.com\/rss\/articles\/CBMi1AFBVV95cUxNWEdPYldJbURZOTV2RE9YWFVZRFNON3RQQkdYZEZoQU5aZDdNaU51LWE1RktVQ09yMUtQaFdkdXBQNHZaVXh4cHlEUTIzRVhlSnNIczZKa05Kdm9xRU5HVjZsNG51NXJMUC00SXlFMmFsMWIxa1plNDV4RmpRY2JpSzBPYUdhVGdpdVR5amlxSTdUOEZYNU5Jd2wxZzlsbmRJcTFwWFFWbjduM25BM1I3Z1JCS19ya2kxTmM3MjhGMzZVX043WjVNS2hQX1VMV0Q0anBkUQ?oc=5\" target=\"_blank\" rel=\"nofollow noopener\">Bruk-Bet Termalica \u2013 Arka Gdynia [NA \u017bYWO]. \u015aled\u017a wynik meczu Ekstraklasy!<\/a>&nbsp;&nbsp;sport.tvp.pl<\/li>\n<li><a href=\"https:\/\/news.google.com\/rss\/articles\/CBMisAFBVV95cUxNcWxGendMeFBaRTJPYUZGeDV6MWpEN3ltRmd2TmVPSHdKeDlVSC1iaURqQzVJTkpxMWlmWDNITXI5VjV5cVBPUi1YUUVUd1l5dl9qQjFFWGRyYlFZNHFCNG1CVmg0MndFWGFaVGNYMkhOQlc4Z1diU00zdXByNmtKX1Z5OFpONDBpbHB1cGJ0VUkxMmszQ2EzS0pVd3FfYTQ3SjB2WHVEUGZ1VWFkNEgwZQ?oc=5\" target=\"_blank\" rel=\"nofollow noopener\">Wyjazdowy dramat beniaminka. Kolejna pora\u017cka, to a\u017c niewiarygodne<\/a>&nbsp;&nbsp;Meczyki.pl<\/li>\n<\/ol>\n","protected":false},"excerpt":{"rendered":"Bruk-Bet Termalica Nieciecza &#8211; Arka Gdynia: relacja na \u017cywo. Rusza 16. kolejka PKO BP Ekstraklasy LIVE&nbsp;&nbsp;Przegl\u0105d Sportowy Onet&hellip;\n","protected":false},"author":2,"featured_media":112376,"comment_status":"","ping_status":"","sticky":false,"template":"","format":"standard","meta":{"footnotes":""},"categories":[24],"tags":[2911,2805,274,188,186,42,38,40,39,41,136,128,47,127,135,126,130],"class_list":{"0":"post-112375","1":"post","2":"type-post","3":"status-publish","4":"format-standard","5":"has-post-thumbnail","7":"category-sport","8":"tag-arka_gdynia","9":"tag-bruk_bet_termalica_nieciecza","10":"tag-ekstraklasa","11":"tag-liveblog","12":"tag-na_zywo","13":"tag-pl","14":"tag-poland","15":"tag-polish","16":"tag-polska","17":"tag-polski","18":"tag-ps_detal_new","19":"tag-psv2","20":"tag-screening_general","21":"tag-sport","22":"tag-sport_sport","23":"tag-sports","24":"tag-wiadomosci_sportowe"},"share_on_mastodon":{"url":"https:\/\/pubeurope.com\/@pl\/115589264417668694","error":""},"_links":{"self":[{"href":"https:\/\/www.europesays.com\/pl\/wp-json\/wp\/v2\/posts\/112375","targetHints":{"allow":["GET"]}}],"collection":[{"href":"https:\/\/www.europesays.com\/pl\/wp-json\/wp\/v2\/posts"}],"about":[{"href":"https:\/\/www.europesays.com\/pl\/wp-json\/wp\/v2\/types\/post"}],"author":[{"embeddable":true,"href":"https:\/\/www.europesays.com\/pl\/wp-json\/wp\/v2\/users\/2"}],"replies":[{"embeddable":true,"href":"https:\/\/www.europesays.com\/pl\/wp-json\/wp\/v2\/comments?post=112375"}],"version-history":[{"count":0,"href":"https:\/\/www.europesays.com\/pl\/wp-json\/wp\/v2\/posts\/112375\/revisions"}],"wp:featuredmedia":[{"embeddable":true,"href":"https:\/\/www.europesays.com\/pl\/wp-json\/wp\/v2\/media\/112376"}],"wp:attachment":[{"href":"https:\/\/www.europesays.com\/pl\/wp-json\/wp\/v2\/media?parent=112375"}],"wp:term":[{"taxonomy":"category","embeddable":true,"href":"https:\/\/www.europesays.com\/pl\/wp-json\/wp\/v2\/categories?post=112375"},{"taxonomy":"post_tag","embeddable":true,"href":"https:\/\/www.europesays.com\/pl\/wp-json\/wp\/v2\/tags?post=112375"}],"curies":[{"name":"wp","href":"https:\/\/api.w.org\/{rel}","templated":true}]}}