{"id":112519,"date":"2025-11-21T21:12:10","date_gmt":"2025-11-21T21:12:10","guid":{"rendered":"https:\/\/www.europesays.com\/pl\/112519\/"},"modified":"2025-11-21T21:12:10","modified_gmt":"2025-11-21T21:12:10","slug":"brutalna-bojka-kobiet-23-latka-walczy-o-zycie-dramatyczna-relacja-sasiadki","status":"publish","type":"post","link":"https:\/\/www.europesays.com\/pl\/112519\/","title":{"rendered":"Brutalna b\u00f3jka kobiet. 23-latka walczy o \u017cycie. Dramatyczna relacja s\u0105siadki"},"content":{"rendered":"<p class=\"ods-c-paragraph \">Dramat rozegra\u0142 si\u0119 w czwartek ok. godz. 21:30 w mieszkaniu przy ul. Kolejowej w Poznaniu. W b\u00f3jce udzia\u0142 bra\u0142y dwie kobiety: 23-latka i 29-latka. Na miejsce przyjecha\u0142a policja, kt\u00f3ra pocz\u0105tkowo mia\u0142a problem z dostaniem si\u0119 do mieszkania.<\/p>\n<p class=\"ods-c-paragraph \">\u2014 By\u0142o zamkni\u0119te od wewn\u0105trz. Policjanci weszli przez okno. Poszczeg\u00f3lne pokoje te\u017c by\u0142y pozamykane. By\u0142y tam widoczne na r\u00f3\u017cnych sprz\u0119tach i w r\u00f3\u017cnych miejscach \u015blady krwi. W jednym pokoju by\u0142a ranna jedna kobieta, a w drugim druga \u2014 opisa\u0142 w rozmowie z &#8222;G\u0142osem Wielkopolski&#8221; rzecznik Komendy Wojew\u00f3dzkiej Policji w Poznaniu Andrzej Borowiak.<\/p>\n<p>Dalszy ci\u0105g artyku\u0142u pod materia\u0142em wideo<\/p>\n<p> Dlaczego dosz\u0142o do b\u00f3jki mi\u0119dzy kobietami? <\/p>\n<p> Jakie obra\u017cenia odnios\u0142y uczestniczki b\u00f3jki? <\/p>\n<p> Gdzie mia\u0142a miejsce b\u00f3jka? <\/p>\n<p> Jaki jest stan zdrowia 23-latki? <\/p>\n<p>  Brutalna b\u00f3jka kobiet w Poznaniu. 23-latka w szpitalu walczy o \u017cycie<\/p>\n<p class=\"ods-c-paragraph \">Obie uczestniczki z obra\u017ceniami typowymi dla u\u017cycia ostrego narz\u0119dzia zosta\u0142y przewiezione do dw\u00f3ch pozna\u0144skich szpitali. Stan 23-latki jest krytyczny. Kobieta przesz\u0142a ju\u017c jedn\u0105 operacj\u0119.<\/p>\n<p class=\"ods-c-paragraph \">Jedna z s\u0105siadek przyznaje w rozmowie z &#8222;G\u0142osem Wielkopolskim&#8221;, \u017ce w czwartek wieczorem by\u0142o bardzo g\u0142o\u015bno i pojawi\u0142o si\u0119 du\u017co policji. Zaznacza przy tym, \u017ce do tej pory okolica by\u0142a bezpieczna i nic z\u0142ego si\u0119 nie dzia\u0142o. \u2014 Dwie dziewczyny si\u0119 pobi\u0142y, chyba o ch\u0142opaka. Jedna mia\u0142a zaatakowa\u0107 drug\u0105 rozbitym lustrem \u2014 opisa\u0142a mieszkanka ul. Kolejowej w Poznaniu.<\/p>\n","protected":false},"excerpt":{"rendered":"Dramat rozegra\u0142 si\u0119 w czwartek ok. godz. 21:30 w mieszkaniu przy ul. Kolejowej w Poznaniu. W b\u00f3jce udzia\u0142&hellip;\n","protected":false},"author":2,"featured_media":112520,"comment_status":"","ping_status":"","sticky":false,"template":"","format":"standard","meta":{"footnotes":""},"categories":[12],"tags":[5181,21581,32,33,36,37,27,34,35,28,31,48,25,46,42,38,414,40,39,41,1817,23000,47,5602,29,30,26],"class_list":{"0":"post-112519","1":"post","2":"type-post","3":"status-publish","4":"format-standard","5":"has-post-thumbnail","7":"category-polska","8":"tag-awantura","9":"tag-bojka","10":"tag-breaking-news","11":"tag-breakingnews","12":"tag-featured-news","13":"tag-featurednews","14":"tag-headlines","15":"tag-latest-news","16":"tag-latestnews","17":"tag-naglowki","18":"tag-najwazniejsze-artykuly","19":"tag-nat_styl","20":"tag-news","21":"tag-omp","22":"tag-pl","23":"tag-poland","24":"tag-policja","25":"tag-polish","26":"tag-polska","27":"tag-polski","28":"tag-poznan","29":"tag-rany","30":"tag-screening_general","31":"tag-szpital","32":"tag-top-stories","33":"tag-topstories","34":"tag-wiadomosci"},"share_on_mastodon":{"url":"https:\/\/pubeurope.com\/@pl\/115589752104617159","error":""},"_links":{"self":[{"href":"https:\/\/www.europesays.com\/pl\/wp-json\/wp\/v2\/posts\/112519","targetHints":{"allow":["GET"]}}],"collection":[{"href":"https:\/\/www.europesays.com\/pl\/wp-json\/wp\/v2\/posts"}],"about":[{"href":"https:\/\/www.europesays.com\/pl\/wp-json\/wp\/v2\/types\/post"}],"author":[{"embeddable":true,"href":"https:\/\/www.europesays.com\/pl\/wp-json\/wp\/v2\/users\/2"}],"replies":[{"embeddable":true,"href":"https:\/\/www.europesays.com\/pl\/wp-json\/wp\/v2\/comments?post=112519"}],"version-history":[{"count":0,"href":"https:\/\/www.europesays.com\/pl\/wp-json\/wp\/v2\/posts\/112519\/revisions"}],"wp:featuredmedia":[{"embeddable":true,"href":"https:\/\/www.europesays.com\/pl\/wp-json\/wp\/v2\/media\/112520"}],"wp:attachment":[{"href":"https:\/\/www.europesays.com\/pl\/wp-json\/wp\/v2\/media?parent=112519"}],"wp:term":[{"taxonomy":"category","embeddable":true,"href":"https:\/\/www.europesays.com\/pl\/wp-json\/wp\/v2\/categories?post=112519"},{"taxonomy":"post_tag","embeddable":true,"href":"https:\/\/www.europesays.com\/pl\/wp-json\/wp\/v2\/tags?post=112519"}],"curies":[{"name":"wp","href":"https:\/\/api.w.org\/{rel}","templated":true}]}}