{"id":112527,"date":"2025-11-21T21:19:10","date_gmt":"2025-11-21T21:19:10","guid":{"rendered":"https:\/\/www.europesays.com\/pl\/112527\/"},"modified":"2025-11-21T21:19:10","modified_gmt":"2025-11-21T21:19:10","slug":"majatek-zbigniewa-ziobry-zabezpieczony-prokuratura-podala-szczegoly-2","status":"publish","type":"post","link":"https:\/\/www.europesays.com\/pl\/112527\/","title":{"rendered":"Maj\u0105tek Zbigniewa Ziobry zabezpieczony. Prokuratura poda\u0142a szczeg\u00f3\u0142y"},"content":{"rendered":"<p class=\"ods-c-paragraph \">\u2014 <a href=\"https:\/\/wiadomosci.onet.pl\/kraj\/prokuratura-zabezpieczyla-majatek-ziobry-chodzi-o-fundusz-sprawiedliwosci\/hm2gr8x\" id=\"d57928ca-0707-45f2-9c24-d4883d6a485e\" rel=\"nofollow noopener\" target=\"_blank\">W toku \u015bledztwa dotycz\u0105cego nieprawid\u0142owo\u015bci w Funduszu Sprawiedliwo\u015bci prokurator w dniu 12 listopada wyda\u0142 postanowienie o zabezpieczeniu maj\u0105tkowym na mieniu podejrzanego Zbigniewa Z. [Ziobry]. <\/a>Zabezpieczenie maj\u0105tkowe jest \u015brodkiem, kt\u00f3ry ma umo\u017cliwi\u0107 w przysz\u0142o\u015bci wykonanie s\u0105dowych orzecze\u0144 o charakterze maj\u0105tkowym, jak grzywna czy przepadek \u2014 m\u00f3wi\u0142 rzecznik podczas konferencji.<\/p>\n<p>Dalszy ci\u0105g artyku\u0142u pod materia\u0142em wideo<\/p>\n<p> Jakie maj\u0105tki zosta\u0142y zabezpieczone w sprawie Zbigniewa Ziobry? <\/p>\n<p> Ile przest\u0119pstw zarzuca si\u0119 Zbigniewowi Ziobrze? <\/p>\n<p> Jaka kwota zosta\u0142a wskazana w postanowieniu prokuratury? <\/p>\n<p> Gdzie Zbigniew Ziobro przebywa obecnie? <\/p>\n<p class=\"ods-c-paragraph \">\u2014 W niniejszej sprawie to zabezpieczenie maj\u0105tkowe nast\u0105pi\u0142o poprzez obci\u0105\u017cenie hipotek\u0105 przymusow\u0105 nieruchomo\u015bci podejrzanego Zbigniewa Z. [Ziobry], ale r\u00f3wnie\u017c zaj\u0119cie \u015brodk\u00f3w, czy m\u00f3wi\u0105c precyzyjnie wierzytelno\u015bci na rachunkach bankowych podejrzanego \u2014 wyja\u015bni\u0142 prokurator. Doda\u0142, \u017ce spe\u0142nione zosta\u0142y obie przewidziane w przepisach przes\u0142anki, kt\u00f3re dopuszczaj\u0105 u\u017cycie tego \u015brodka zabezpieczenia maj\u0105tkowego. Pierwsza z nich jest zwi\u0105zana z tym, \u017ce podejrzanemu zarzuca si\u0119 przest\u0119pstwa, za kt\u00f3re mo\u017cna orzec orzeczenia o charakterze maj\u0105tkowym. Drug\u0105 jest to, \u017ce &#8222;bez takiego zaj\u0119cia zachodzi uzasadnione ryzyko, \u017ce orzeczenia s\u0105dowego nie b\u0119dzie mo\u017cna w przysz\u0142o\u015bci wykona\u0107&#8221;.<\/p>\n<p class=\"ods-c-paragraph \">Prok. Nowak podkre\u015bli\u0142, \u017ce decyzja prokuratury ma pom\u00f3c s\u0105dowi w wykonaniu w przysz\u0142o\u015bci potencjalnego wyroku. Zaznaczy\u0142 tak\u017ce, \u017ce na to postanowienie oskar\u017conemu i jego obro\u0144cy przys\u0142uguje za\u017calenie.<\/p>\n<p>Prokuratura zabezpieczy\u0142a maj\u0105tek Zbigniewa Ziobry. S\u0105 szczeg\u00f3\u0142y   <\/p>\n<p class=\"ods-c-paragraph \">\u2014 Te\u017c chcia\u0142bym tutaj wyja\u015bni\u0107, bo to tak brzmi &#8222;zabezpieczenie maj\u0105tkowe na nieruchomo\u015bci&#8221;. My tej nieruchomo\u015bci fizycznie nie zabezpieczyli\u015bmy. Ona jest dost\u0119pna, Pan Zbigniew Z. mo\u017ce z niej korzysta\u0107 dowolnie. Teoretycznie mo\u017ce nawet sprzeda\u0107. My j\u0105 obci\u0105\u017cyli\u015bmy poprzez dokonanie wpisu o hipotece przymusowej i ten wpis b\u0119dzie ujawniony w czterech ksi\u0119gach wieczystych \u2014 doprecyzowa\u0142 tak\u017ce prokurator, wyja\u015bniaj\u0105c dalej, \u017ce chodzi o dwie nieruchomo\u015bci &#8222;w znaczeniu takich faktycznych, uj\u0119tych na czterech ksi\u0119gach wieczystych&#8221;.<\/p>\n<p class=\"ods-c-paragraph \">\u2014 Jedna z tych nieruchomo\u015bci jest powszechnie znana w powiecie skierniewickim i druga ta nieruchomo\u015b\u0107 faktyczna jest w powiecie krakowskim \u2014 przekaza\u0142.<\/p>\n<p class=\"ods-c-paragraph \">Nowak stwierdzi\u0142 tak\u017ce, \u017ce nie wie, czy Ziobro ma obecnie dost\u0119p do pieni\u0119dzy. \u2014 Mog\u0119 powiedzie\u0107, \u017ce zabezpieczenie maj\u0105tkowe jest realizowane do kwoty wskazanej w postanowieniu. W tym postanowieniu ta kwota wskazana to jest 143 miliony, zgodnie z tym, co mniej wi\u0119cej wynika z zarzut\u00f3w \u2014 m\u00f3wi\u0142. Doda\u0142, \u017ce na zabezpieczonych rachunkach polityka &#8222;nie by\u0142o pieni\u0119dzy, a wi\u0119c \u017cadne pieni\u0105dze zabezpieczone nie zosta\u0142y&#8221;, ale je\u015bli \u015brodki wp\u0142yn\u0105 na konto, to zostan\u0105 one zabezpieczone.<\/p>\n<p>Sprawa Zbigniewa Ziobry<\/p>\n<p class=\"ods-c-paragraph \">Zbigniew Ziobro jest jednym z g\u0142\u00f3wnych podejrzanych w aferze Funduszu Sprawiedliwo\u015bci. \u015aledczy twierdz\u0105, \u017ce by\u0142y minister sprawiedliwo\u015bci pope\u0142ni\u0142 26 przest\u0119pstw, w tym kierowa\u0142 zorganizowan\u0105 grup\u0105 przest\u0119pcz\u0105.<\/p>\n<p class=\"ods-c-paragraph \"><a href=\"https:\/\/wiadomosci.onet.pl\/kraj\/immunitet-zbigniewa-ziobry-tak-glosowaly-poszczegolne-kluby-poselskie\/5z267gs\" id=\"00401b3f-64e6-4bd0-a5b5-1e20191c5646\" rel=\"nofollow noopener\" target=\"_blank\">7 listopada Sejm uchyli\u0142 immunitet pos\u0142a PiS<\/a> i wyrazi\u0142 zgod\u0119 na jego zatrzymanie i aresztowanie. Tydzie\u0144 temu Ziobro przekazywa\u0142, \u017ce przebywa w Budapeszcie. Nic nie wskazuje na to, \u017ce wr\u00f3ci do Polski. Polityk nie wyklucza\u0142, \u017ce wyst\u0105pi o azyl polityczny na W\u0119grzech.<\/p>\n","protected":false},"excerpt":{"rendered":"\u2014 W toku \u015bledztwa dotycz\u0105cego nieprawid\u0142owo\u015bci w Funduszu Sprawiedliwo\u015bci prokurator w dniu 12 listopada wyda\u0142 postanowienie o zabezpieczeniu&hellip;\n","protected":false},"author":2,"featured_media":112528,"comment_status":"","ping_status":"","sticky":false,"template":"","format":"standard","meta":{"footnotes":""},"categories":[12],"tags":[32,33,36,37,5168,27,49,34,35,2241,28,31,48,25,46,42,38,40,39,41,1392,1627,12934,47,29,30,26,2037],"class_list":{"0":"post-112527","1":"post","2":"type-post","3":"status-publish","4":"format-standard","5":"has-post-thumbnail","7":"category-polska","8":"tag-breaking-news","9":"tag-breakingnews","10":"tag-featured-news","11":"tag-featurednews","12":"tag-fundusz_sprawiedliwosci","13":"tag-headlines","14":"tag-kraj","15":"tag-latest-news","16":"tag-latestnews","17":"tag-majatek","18":"tag-naglowki","19":"tag-najwazniejsze-artykuly","20":"tag-nat_styl","21":"tag-news","22":"tag-omp","23":"tag-pl","24":"tag-poland","25":"tag-polish","26":"tag-polska","27":"tag-polski","28":"tag-postepowanie","29":"tag-prokuratura","30":"tag-przemyslaw_nowak","31":"tag-screening_general","32":"tag-top-stories","33":"tag-topstories","34":"tag-wiadomosci","35":"tag-zbigniew_ziobro"},"share_on_mastodon":{"url":"https:\/\/pubeurope.com\/@pl\/115589779661354548","error":""},"_links":{"self":[{"href":"https:\/\/www.europesays.com\/pl\/wp-json\/wp\/v2\/posts\/112527","targetHints":{"allow":["GET"]}}],"collection":[{"href":"https:\/\/www.europesays.com\/pl\/wp-json\/wp\/v2\/posts"}],"about":[{"href":"https:\/\/www.europesays.com\/pl\/wp-json\/wp\/v2\/types\/post"}],"author":[{"embeddable":true,"href":"https:\/\/www.europesays.com\/pl\/wp-json\/wp\/v2\/users\/2"}],"replies":[{"embeddable":true,"href":"https:\/\/www.europesays.com\/pl\/wp-json\/wp\/v2\/comments?post=112527"}],"version-history":[{"count":0,"href":"https:\/\/www.europesays.com\/pl\/wp-json\/wp\/v2\/posts\/112527\/revisions"}],"wp:featuredmedia":[{"embeddable":true,"href":"https:\/\/www.europesays.com\/pl\/wp-json\/wp\/v2\/media\/112528"}],"wp:attachment":[{"href":"https:\/\/www.europesays.com\/pl\/wp-json\/wp\/v2\/media?parent=112527"}],"wp:term":[{"taxonomy":"category","embeddable":true,"href":"https:\/\/www.europesays.com\/pl\/wp-json\/wp\/v2\/categories?post=112527"},{"taxonomy":"post_tag","embeddable":true,"href":"https:\/\/www.europesays.com\/pl\/wp-json\/wp\/v2\/tags?post=112527"}],"curies":[{"name":"wp","href":"https:\/\/api.w.org\/{rel}","templated":true}]}}