{"id":112566,"date":"2025-11-21T21:48:09","date_gmt":"2025-11-21T21:48:09","guid":{"rendered":"https:\/\/www.europesays.com\/pl\/112566\/"},"modified":"2025-11-21T21:48:09","modified_gmt":"2025-11-21T21:48:09","slug":"donald-trump-odpowiada-na-slowa-wolodymyra-zelenskiego-powinien-to-polubic-3","status":"publish","type":"post","link":"https:\/\/www.europesays.com\/pl\/112566\/","title":{"rendered":"Donald Trump odpowiada na s\u0142owa Wo\u0142odymyra Ze\u0142enskiego. &#8222;Powinien to polubi\u0107&#8221;"},"content":{"rendered":"<p class=\"ods-c-paragraph \">Prezydent Trump odpowiedzia\u0142 w ten spos\u00f3b na pi\u0105tkowe or\u0119dzie Ze\u0142enskiego, kt\u00f3ry stwierdzi\u0142, \u017ce Ukraina ma do wyboru utrat\u0119 kluczowego partnera, albo utrat\u0119 godno\u015bci.<\/p>\n<p class=\"ods-c-paragraph \">\u2014 Nie podoba mu si\u0119 ten uk\u0142ad? \u2014 zapyta\u0142 Trump. \u2014 Musi polubi\u0107, a je\u015bli mu si\u0119 nie spodoba, to, wiecie, powinni po prostu walczy\u0107 dalej \u2014 doda\u0142. Pytany o to, czy w przypadku odmowy USA wycofaj\u0105 wsparcie dla Ukrainy, prezydent USA odpar\u0142, \u017ce Ze\u0142enski &#8222;b\u0119dzie musia\u0142 co\u015b zaakceptowa\u0107&#8221;.<\/p>\n<p class=\"ods-c-paragraph \">\u2014 Pami\u0119tacie to, co niedawno powiedzia\u0142em w Gabinecie Owalnym? Powiedzia\u0142em mu &#8222;nie masz \u017cadnych kart&#8221; \u2014 doda\u0142.<\/p>\n<p>Dalszy ci\u0105g artyku\u0142u pod materia\u0142em wideo<\/p>\n<p> Co powiedzia\u0142 Donald Trump o planie pokojowym? <\/p>\n<p> Jakie s\u0105 reakcje na ameryka\u0144ski plan pokojowy dla Ukrainy? <\/p>\n<p> Jakie zagro\u017cenia wysun\u0119\u0142y Stany Zjednoczone w stosunku do Ukrainy? <\/p>\n<p> Co powiedzia\u0142 Wo\u0142odymyr Ze\u0142enski o wyborze przed kt\u00f3rym stoi Ukraina? <\/p>\n<p>  Ameryka\u0144ski plan pokojowy dla Ukrainy<\/p>\n<p class=\"ods-c-paragraph \">Ameryka\u0144ski portal Axios opublikowa\u0142 <a href=\"https:\/\/wiadomosci.onet.pl\/swiat\/28-punktowy-plan-pokojowy-dla-ukrainy-jeden-z-zapisow-dotyczy-polski\/lys4hb6\" id=\"9ef56883-7658-46ca-8691-03b3ee1549a0\" rel=\"nofollow noopener\" target=\"_blank\">szczeg\u00f3\u0142y porozumienia negocjowanego mi\u0119dzy Amerykanami a Rosjanami<\/a>. To plan pokojowy licz\u0105cy 28 punkt\u00f3w. Agencja Reutera podaje, \u017ce <a href=\"https:\/\/wiadomosci.onet.pl\/swiat\/nieoficjalnie-usa-groza-ukrainie-chodzi-o-plan-pokojowy\/xcylg47\" id=\"81f96c74-908f-4370-8ead-0e5fe0183cef\" rel=\"nofollow noopener\" target=\"_blank\">Stany Zjednoczone naciskaj\u0105 na Ukrain\u0119<\/a>, by przyj\u0119\u0142a plan, i gro\u017c\u0105 wstrzymaniem dostaw uzbrojenia i danych wywiadowczych, je\u017celi Kij\u00f3w nie zgodzi si\u0119 na przedstawione warunki.<\/p>\n<p class=\"ods-c-paragraph \">\u2014 Uwa\u017cam czwartek za odpowiedni termin, kiedy Ukraina ma zaakceptowa\u0107 plan pokojowy wspierany przez USA \u2014 <a href=\"https:\/\/wiadomosci.onet.pl\/swiat\/donald-trump-zabral-glos-w-sprawie-ukrainy-wyznaczyl-zelenskiemu-termin-na-odpowiedz\/cxb4m40\" id=\"4142b9cd-7f6b-4728-8e7e-728126016c17\" rel=\"nofollow noopener\" target=\"_blank\">o\u015bwiadczy\u0142 w pi\u0105tek prezydent Trump na antenie Fox News Radio<\/a>.<\/p>\n<p class=\"ods-c-paragraph \">Propozycja USA spotka\u0142a si\u0119 z reakcj\u0105 Kijowa. \u2014 Oczekuj\u0119 rozmowy z prezydentem Donaldem Trumpem w najbli\u017cszych dniach. Doskonale zdajemy sobie spraw\u0119, \u017ce si\u0142a i wsparcie Ameryki mog\u0105 rzeczywi\u015bcie przybli\u017cy\u0107 pok\u00f3j i nie chcemy tego straci\u0107 \u2014 <a href=\"https:\/\/wiadomosci.onet.pl\/swiat\/wolodymyr-zelenski-reaguje-na-plan-pokojowy-spodziewam-sie-rozmowy\/21x123n\" id=\"75cf4146-e30a-4554-a72e-80869c30e409\" rel=\"nofollow noopener\" target=\"_blank\">powiedzia\u0142 Wo\u0142odymyr Ze\u0142enski w wyst\u0105pieniu<\/a> opublikowanym w czwartek.<\/p>\n<p class=\"ods-c-paragraph \">W pi\u0105tek Ze\u0142enski zamie\u015bci\u0142 nowe nagranie z komentarzem dotycz\u0105cym ca\u0142ej sprawy. <a href=\"https:\/\/wiadomosci.onet.pl\/swiat\/ostra-reakcja-zelenskiego-na-plan-pokojowy-usa-zwrocil-sie-do-ukraincow\/0tzzrs1\" id=\"49953259-5018-418c-9d84-198b9afac105\" rel=\"nofollow noopener\" target=\"_blank\">Ukrai\u0144ski prezydent nie przebiera\u0142 w s\u0142owach<\/a>. \u2014 Ukraina stan\u0119\u0142a przed wyborem utraty g\u0142\u00f3wnego partnera lub swojej godno\u015bci \u2014 o\u015bwiadczy\u0142. \u2014 Albo 28 punkt\u00f3w, albo wyj\u0105tkowo trudna zima \u2014 podkre\u015bli\u0142.<\/p>\n<p class=\"ods-c-paragraph \">Eksperci wskazuj\u0105, \u017ce plan jest skrajnie niekorzystny z punktu widzenia Ukrainy. <a href=\"https:\/\/wiadomosci.onet.pl\/swiat\/witold-jurasz-skandaliczny-plan-pokojowy-usa-i-rosji-amerykanie-zgodzili-sie-na\/k71rbzw\" id=\"8f320c6f-a6af-41f0-9370-8a460e7efa12\" rel=\"nofollow noopener\" target=\"_blank\">Witold Jurasz okre\u015bli\u0142 go nawet mianem &#8222;skandalicznego&#8221;<\/a>.<\/p>\n<p class=\"ods-c-paragraph \">Na ujawnienie planu <a href=\"https:\/\/wiadomosci.onet.pl\/swiat\/plan-pokojowy-dla-ukrainy-glos-zabral-wladimir-putin\/ryssbrm\" id=\"b3cc2d32-b9b2-4ba1-b2da-6d0516c16900\" rel=\"nofollow noopener\" target=\"_blank\">zareagowa\u0142 W\u0142adimir Putin<\/a>. \u2014 [Ameryka\u0144ski] 28-punktowy plan dla Ukrainy m\u00f3g\u0142by stanowi\u0107 podstaw\u0119 ostatecznego porozumienia pokojowego \u2014 o\u015bwiadczy\u0142, cytowany przez TASS. Rosyjski przyw\u00f3dca zaznaczy\u0142 jednak, \u017ce szczeg\u00f3\u0142y porozumienia &#8222;nie s\u0105 omawiane z Rosj\u0105&#8221;. \u2014 Domy\u015blam si\u0119, dlaczego tak si\u0119 dzieje. Administracji USA nie uda\u0142o si\u0119 jak dot\u0105d uzyska\u0107 zgody strony ukrai\u0144skiej \u2014 doda\u0142. Putin oceni\u0142, \u017ce &#8222;najwyra\u017aniej Ukraina i jej europejscy sojusznicy wci\u0105\u017c \u017cyj\u0105 urojeniami i marz\u0105 o pokonaniu Rosji na polu bitwy&#8221;. \u2014 Albo kijowskim przyw\u00f3dcom brakuje obiektywnych informacji o sytuacji na froncie, albo, nawet je\u015bli je maj\u0105, po prostu nie potrafi\u0105 ich obiektywnie oceni\u0107 \u2014 podkre\u015bli\u0142.<\/p>\n","protected":false},"excerpt":{"rendered":"Prezydent Trump odpowiedzia\u0142 w ten spos\u00f3b na pi\u0105tkowe or\u0119dzie Ze\u0142enskiego, kt\u00f3ry stwierdzi\u0142, \u017ce Ukraina ma do wyboru utrat\u0119&hellip;\n","protected":false},"author":2,"featured_media":23878,"comment_status":"","ping_status":"","sticky":false,"template":"","format":"standard","meta":{"footnotes":""},"categories":[5],"tags":[32,33,44,36,37,27,76,34,35,28,31,48,25,46,42,38,40,39,41,87,47,80,29,30,415,71,26,309],"class_list":{"0":"post-112566","1":"post","2":"type-post","3":"status-publish","4":"format-standard","5":"has-post-thumbnail","7":"category-naglowki","8":"tag-breaking-news","9":"tag-breakingnews","10":"tag-donald_trump","11":"tag-featured-news","12":"tag-featurednews","13":"tag-headlines","14":"tag-inwazja_rosji_na_ukraine","15":"tag-latest-news","16":"tag-latestnews","17":"tag-naglowki","18":"tag-najwazniejsze-artykuly","19":"tag-nat_styl","20":"tag-news","21":"tag-omp","22":"tag-pl","23":"tag-poland","24":"tag-polish","25":"tag-polska","26":"tag-polski","27":"tag-rosja","28":"tag-screening_general","29":"tag-swiat","30":"tag-top-stories","31":"tag-topstories","32":"tag-ukraina","33":"tag-usa","34":"tag-wiadomosci","35":"tag-wolodymyr_zelenski"},"share_on_mastodon":{"url":"https:\/\/pubeurope.com\/@pl\/115589893719541872","error":""},"_links":{"self":[{"href":"https:\/\/www.europesays.com\/pl\/wp-json\/wp\/v2\/posts\/112566","targetHints":{"allow":["GET"]}}],"collection":[{"href":"https:\/\/www.europesays.com\/pl\/wp-json\/wp\/v2\/posts"}],"about":[{"href":"https:\/\/www.europesays.com\/pl\/wp-json\/wp\/v2\/types\/post"}],"author":[{"embeddable":true,"href":"https:\/\/www.europesays.com\/pl\/wp-json\/wp\/v2\/users\/2"}],"replies":[{"embeddable":true,"href":"https:\/\/www.europesays.com\/pl\/wp-json\/wp\/v2\/comments?post=112566"}],"version-history":[{"count":0,"href":"https:\/\/www.europesays.com\/pl\/wp-json\/wp\/v2\/posts\/112566\/revisions"}],"wp:featuredmedia":[{"embeddable":true,"href":"https:\/\/www.europesays.com\/pl\/wp-json\/wp\/v2\/media\/23878"}],"wp:attachment":[{"href":"https:\/\/www.europesays.com\/pl\/wp-json\/wp\/v2\/media?parent=112566"}],"wp:term":[{"taxonomy":"category","embeddable":true,"href":"https:\/\/www.europesays.com\/pl\/wp-json\/wp\/v2\/categories?post=112566"},{"taxonomy":"post_tag","embeddable":true,"href":"https:\/\/www.europesays.com\/pl\/wp-json\/wp\/v2\/tags?post=112566"}],"curies":[{"name":"wp","href":"https:\/\/api.w.org\/{rel}","templated":true}]}}