{"id":112577,"date":"2025-11-21T21:57:12","date_gmt":"2025-11-21T21:57:12","guid":{"rendered":"https:\/\/www.europesays.com\/pl\/112577\/"},"modified":"2025-11-21T21:57:12","modified_gmt":"2025-11-21T21:57:12","slug":"nie-zyje-zona-przemyslawa-babiarza-znamy-szczegoly-pogrzebu","status":"publish","type":"post","link":"https:\/\/www.europesays.com\/pl\/112577\/","title":{"rendered":"Nie \u017cyje \u017cona Przemys\u0142awa Babiarza. Znamy szczeg\u00f3\u0142y pogrzebu"},"content":{"rendered":"<p class=\"article-p\" data-section=\"detail-body\">Przemys\u0142aw Babiarz prze\u017cywa wyj\u0105tkowo bolesny czas. Odesz\u0142a jego ukochana \u017cona Marzena. Jej \u015bmier\u0107 poruszy\u0142a nie tylko bliskich, lecz tak\u017ce wielu widz\u00f3w i koleg\u00f3w dziennikarza. Uroczysto\u015bci pogrzebowe odb\u0119d\u0105 si\u0119 22 listopada.<\/p>\n<p>        Trzy dekady mi\u0142o\u015bci. Historia niezwyk\u0142ego zwi\u0105zku<\/p>\n<p class=\"article-p\" data-section=\"detail-body\">Ich znajomo\u015b\u0107 rozpocz\u0119\u0142a si\u0119 w wyj\u0105tkowych okoliczno\u015bciach: na targach spo\u017cywczych, gdzie Babiarz wyst\u0119powa\u0142 jako konferansjer. Chocia\u017c dziennikarz zawsze bardzo chroni\u0142 swoj\u0105 prywatno\u015b\u0107, kiedy tylko wspomina\u0142 o \u017conie, m\u00f3wi\u0142 o niej z czu\u0142o\u015bci\u0105. Byli razem przez 30 lat.<\/p>\n<p class=\"article-p\" data-section=\"detail-body\"><a href=\"https:\/\/ludzie.fakt.pl\/nie-zyje-zona-przemyslawa-babiarza-gdyby-jej-kiedys-zabraklo\/hvxjcl9\" id=\"ef20202b-0f5c-4fc6-ad9c-e68943d0bb25\" rel=\"nofollow noopener\" target=\"_blank\">Nie \u017cyje \u017cona Przemys\u0142awa Babiarza. By\u0142a mi\u0142o\u015bci\u0105 jego \u017cycia. &#8222;Gdyby jej kiedy\u015b zabrak\u0142o&#8230;&#8221;<\/a><\/p>\n<p>        Trudna walka z chorob\u0105. S\u0142owa Babiarza brzmia\u0142y wtedy jak modlitwa<\/p>\n<p class=\"article-p\" data-section=\"detail-body\">Ponad rok temu dziennikarz po raz pierwszy opowiedzia\u0142 o dramacie, jaki wstrz\u0105sn\u0105\u0142 ich \u017cyciem. \u2014 Choroba najpierw dotkn\u0119\u0142a mnie, a teraz dotyka moj\u0105 \u017con\u0119. Jednak wierz\u0119, \u017ce przejdziemy przez to mocniejsi. Jeste\u015bmy tacy dzi\u0119ki obecno\u015bci Pana Boga w naszym \u017cyciu \u2014 m\u00f3wi\u0142 wtedy, podkre\u015blaj\u0105c, \u017ce si\u0142\u0119 czerpi\u0105 z g\u0142\u0119bokiej wiary. Niestety, mimo walki i wsparcia bliskich, Marzena Babiarz odesz\u0142a.<\/p>\n<p class=\"article-p\" data-section=\"detail-body\"><a href=\"https:\/\/ludzie.fakt.pl\/nie-zyje-zona-przemyslawa-babiarza-gdyby-jej-kiedys-zabraklo\/hvxjcl9\" id=\"ba086f9a-bbfe-4c74-aa0f-0ff51cd961ba\" rel=\"nofollow noopener\" target=\"_blank\">Nie \u017cyje \u017cona Przemys\u0142awa Babiarza. By\u0142a mi\u0142o\u015bci\u0105 jego \u017cycia. &#8222;Gdyby jej kiedy\u015b zabrak\u0142o&#8230;&#8221;<\/a><\/p>\n<p>        Pogrzeb \u017cony Babiarza w Przemy\u015blu. Rodzinne miasto ostatnim miejscem po\u017cegnania<\/p>\n<p class=\"article-p\" data-section=\"detail-body\">Jako pierwszy o \u015bmierci Marzeny Babiarz poinformowa\u0142 Przemyski Serwis Informacyjny, publikuj\u0105c kondolencje p\u0142yn\u0105ce z lokalnych w\u0142adz. To w\u0142a\u015bnie Przemy\u015bl, miasto, z kt\u00f3rego pochodzi Przemys\u0142aw Babiarz, stanie si\u0119 miejscem ostatniego po\u017cegnania.<\/p>\n<p class=\"article-p\" data-section=\"detail-body\">Serwis o2.pl przekaza\u0142, \u017ce ceremoni\u0105 zajmuje si\u0119 Dom Pogrzebowy Hades. W rozmowie z zak\u0142adem pogrzebowym &#8222;Fakt&#8221; pozna\u0142 dok\u0142adny przebieg ceremonii. Modlitwa r\u00f3\u017ca\u0144cowa odb\u0119dzie si\u0119 22 listopada o godz. 12.30 w ko\u015bciele pw. \u015awi\u0119tego J\u00f3zefa Sebastiana Pelczara na Monte Cassino w Przemy\u015blu. Zaraz po niej, o godz. 13.00, odprawiona zostanie msza \u015bwi\u0119ta \u017ca\u0142obna. Nast\u0119pnie nast\u0105pi przewiezienie na Cmentarz G\u0142\u00f3wny w Przemy\u015blu.<\/p>\n<p class=\"article-p\" data-section=\"detail-body\">Dodatkowo kondukt \u017ca\u0142obny b\u0119dzie rozpoczyna\u0142 si\u0119 od bramy cmentarza wojskowego. Uczestnicy poczekaj\u0105 na wszystkich, kt\u00f3rzy przyjad\u0105 z ko\u015bcio\u0142a. Dopiero wtedy procesja ruszy alejk\u0105 w stron\u0119 grobowca rodzinnego.<\/p>\n<p class=\"article-p\" data-section=\"detail-body\"><a href=\"https:\/\/ludzie.fakt.pl\/najwieksi-polskiego-rapu-przybyli-na-pogrzeb-pono-tak-pozegnali-artyste\/d5nvgcc\" id=\"66ce6756-1251-46f4-9cb4-f09d8e301137\" rel=\"nofollow noopener\" target=\"_blank\">Legendy polskiego hip-hopu licznie przyby\u0142y na pogrzeb Pono. T\u0142um raper\u00f3w odda\u0142 mu ho\u0142d<\/a><\/p>\n<p>        \/6<\/p>\n<p>                    <img decoding=\"async\" class=\"article-image-img\" loading=\"lazy\" alt=\"\" src=\"https:\/\/www.europesays.com\/pl\/wp-content\/uploads\/2025\/11\/cSAk9kuTURBXy8xNmE3NjFmOC1kYjU1LTRmNjItYjgzOS00MTU5OGFjYzg5MDIuanBlZ5GTAs0DSM0B2N4AAqEwAaExAQ.jpeg\" width=\"840\" height=\"472\"\/><\/p>\n<p>                  null\/Be&amp;w, Damian Burzykowski\/newspix.pl<\/p>\n<p class=\"article-gallery-p\">\n        Przemys\u0142aw Babiarz i Marzena Babiarz.\n    <\/p>\n<p>        \/6<\/p>\n<p>                    <img decoding=\"async\" class=\"article-image-img\" loading=\"lazy\" alt=\"\" src=\"https:\/\/www.europesays.com\/pl\/wp-content\/uploads\/2025\/11\/yuAk9kuTURBXy8zOGFmM2RmNS1jMDkyLTQ3MmQtYTQyZC1mZDgxMzZlNDFkZjcuanBlZ5GTAs0DSM0CO94AAqEwAaExAQ.jpeg\" width=\"840\" height=\"571\"\/><\/p>\n<p>                  Damian Burzykowski \/ newspix.pl<\/p>\n<p class=\"article-gallery-p\">\n        Przemys\u0142aw Babiarz i Marzena Babiarz.\n    <\/p>\n","protected":false},"excerpt":{"rendered":"Przemys\u0142aw Babiarz prze\u017cywa wyj\u0105tkowo bolesny czas. Odesz\u0142a jego ukochana \u017cona Marzena. Jej \u015bmier\u0107 poruszy\u0142a nie tylko bliskich, lecz&hellip;\n","protected":false},"author":2,"featured_media":112578,"comment_status":"","ping_status":"","sticky":false,"template":"","format":"standard","meta":{"footnotes":""},"categories":[22],"tags":[122,42,38,40,39,41,123],"class_list":{"0":"post-112577","1":"post","2":"type-post","3":"status-publish","4":"format-standard","5":"has-post-thumbnail","7":"category-rozrywka","8":"tag-entertainment","9":"tag-pl","10":"tag-poland","11":"tag-polish","12":"tag-polska","13":"tag-polski","14":"tag-rozrywka"},"share_on_mastodon":{"url":"https:\/\/pubeurope.com\/@pl\/115589929177148372","error":""},"_links":{"self":[{"href":"https:\/\/www.europesays.com\/pl\/wp-json\/wp\/v2\/posts\/112577","targetHints":{"allow":["GET"]}}],"collection":[{"href":"https:\/\/www.europesays.com\/pl\/wp-json\/wp\/v2\/posts"}],"about":[{"href":"https:\/\/www.europesays.com\/pl\/wp-json\/wp\/v2\/types\/post"}],"author":[{"embeddable":true,"href":"https:\/\/www.europesays.com\/pl\/wp-json\/wp\/v2\/users\/2"}],"replies":[{"embeddable":true,"href":"https:\/\/www.europesays.com\/pl\/wp-json\/wp\/v2\/comments?post=112577"}],"version-history":[{"count":0,"href":"https:\/\/www.europesays.com\/pl\/wp-json\/wp\/v2\/posts\/112577\/revisions"}],"wp:featuredmedia":[{"embeddable":true,"href":"https:\/\/www.europesays.com\/pl\/wp-json\/wp\/v2\/media\/112578"}],"wp:attachment":[{"href":"https:\/\/www.europesays.com\/pl\/wp-json\/wp\/v2\/media?parent=112577"}],"wp:term":[{"taxonomy":"category","embeddable":true,"href":"https:\/\/www.europesays.com\/pl\/wp-json\/wp\/v2\/categories?post=112577"},{"taxonomy":"post_tag","embeddable":true,"href":"https:\/\/www.europesays.com\/pl\/wp-json\/wp\/v2\/tags?post=112577"}],"curies":[{"name":"wp","href":"https:\/\/api.w.org\/{rel}","templated":true}]}}