{"id":112846,"date":"2025-11-22T07:23:10","date_gmt":"2025-11-22T07:23:10","guid":{"rendered":"https:\/\/www.europesays.com\/pl\/112846\/"},"modified":"2025-11-22T07:23:10","modified_gmt":"2025-11-22T07:23:10","slug":"wylonil-sie-faworyt-gp-las-vegas-verstappen-nie-poddaje-walki-o-tytul","status":"publish","type":"post","link":"https:\/\/www.europesays.com\/pl\/112846\/","title":{"rendered":"Wy\u0142oni\u0142 si\u0119 faworyt GP Las Vegas. Verstappen nie poddaje walki o tytu\u0142"},"content":{"rendered":"\n<p class=\"contentpart contentpart--default contentpart--text\" data-position=\"0\">Od pocz\u0105tku weekendu wy\u015bcigowego\u00a0<a href=\"https:\/\/sportowefakty.wp.pl\/formula-1\" rel=\"nofollow noopener\" target=\"_blank\">Formu\u0142y 1<\/a>\u00a0by\u0142o jasne, \u017ce w Las Vegas namiesza\u0107 mo\u017ce pogoda. Zgodnie z prognozami, w sobot\u0119 w &#8222;mie\u015bcie grzechu&#8221; pojawi\u0142y si\u0119 opady deszczu, dlatego kierowcy musieli rozpocz\u0105\u0107 sesj\u0119 na oponach przej\u015bciowych. &#8211; Na razie jest za mokro na slicki &#8211; zg\u0142osi\u0142 ju\u017c na pocz\u0105tku treningu <a href=\"https:\/\/sportowefakty.wp.pl\/moto\/oscar-piastri\" rel=\"nofollow noopener\" target=\"_blank\">Oscar Piastri<\/a>.<\/p>\n<p class=\"contentpart contentpart--default contentpart--text\" data-position=\"1\">Niski poziom przyczepno\u015bci sprawi\u0142, \u017ce kierowcy mocno \u015blizgali si\u0119 na ch\u0142odnym asfalcie. W trudnych warunkach problemy mieli m.in. <a href=\"https:\/\/sportowefakty.wp.pl\/formula-1\/lando-norris\" rel=\"nofollow noopener\" target=\"_blank\">Lando Norris<\/a>\u00a0i <a href=\"https:\/\/sportowefakty.wp.pl\/formula-1\/alexander-albon\" rel=\"nofollow noopener\" target=\"_blank\">Alexander Albon<\/a>. Dobr\u0105 form\u0119 w tych warunkach potwierdzi\u0142o natomiast <a href=\"https:\/\/sportowefakty.wp.pl\/wyscigi-samochodowe\/scuderia-ferrari\" rel=\"nofollow noopener\" target=\"_blank\">Ferrari<\/a>, bo <a href=\"https:\/\/sportowefakty.wp.pl\/wyscigi-samochodowe\/charles-leclerc\" rel=\"nofollow noopener\" target=\"_blank\">Charles Leclerc<\/a>\u00a0i <a href=\"https:\/\/sportowefakty.wp.pl\/wyscigi-samochodowe\/lewis-hamilton\" rel=\"nofollow noopener\" target=\"_blank\">Lewis Hamilton<\/a>\u00a0byli w stanie osi\u0105ga\u0107 konkurencyjne czasy.<\/p>\n<p> <img role=\"presentation\" src=\"https:\/\/std.wpcdn.pl\/images\/adv\/placeholder_wp.svg\" loading=\"lazy\" alt=\"\" decoding=\"async\"\/>  <\/p>\n<p class=\"contentpart contentpart--default contentpart--text\" data-position=\"2\">ZOBACZ WIDEO: Szokuj\u0105ce wyznanie Kasprzaka. By\u0142y \u017cu\u017clowiec marzy o nadwadze?!<\/p>\n<p class=\"contentpart contentpart--default contentpart--text\" data-position=\"4\">Ostatnie minuty sesji przynios\u0142y symulacj\u0119 kwalifikacji, kt\u00f3rej nie uda\u0142o si\u0119 uko\u0144czy\u0107 wielu kierowcom dzie\u0144 wcze\u015bniej ze wzgl\u0119du na czerwone flagi na torze w Las Vegas. Najlepszy wynik uzyska\u0142 <a href=\"https:\/\/sportowefakty.wp.pl\/formula-1\/george-russell\" rel=\"nofollow noopener\" target=\"_blank\">George Russell<\/a>\u00a0(1:34.054), a tu\u017c za nim znalaz\u0142 si\u0119 <a href=\"https:\/\/sportowefakty.wp.pl\/wyscigi-samochodowe\/max-verstappen\" rel=\"nofollow noopener\" target=\"_blank\">Max Verstappen<\/a>\u00a0ze strat\u0105 0,227 s. Wp\u0142yw na wyniki ostatniej sesji przed GP Las Vegas mia\u0142a ponownie pogoda.<\/p>\n<p class=\"contentpart contentpart--default contentpart--text\" data-position=\"5\">W samej ko\u0144c\u00f3wce treningu ponownie w Las Vegas zacz\u0105\u0142 pada\u0107 deszcz. W efekcie Verstappen na szybkim &#8222;k\u00f3\u0142ku&#8221; wypad\u0142 z toru i nie poprawi\u0142 swojego czasu. Podobne k\u0142opoty mia\u0142 Leclerc. Wysoka pozycja Russella potwierdzi\u0142a, \u017ce <a href=\"https:\/\/sportowefakty.wp.pl\/wyscigi-samochodowe\/mercedes-amg-petronas-formula-one-team\" rel=\"nofollow noopener\" target=\"_blank\">Mercedes<\/a>\u00a0nieprzypadkowo uwa\u017cany jest za faworyta GP Las Vegas &#8211; bolid niemieckiej stajni od pewnego czasu najlepiej radzi sobie z ch\u0142odnych warunkach.<\/p>\n<p class=\"contentpart contentpart--default contentpart--text\" data-position=\"6\">Fatalnie wypad\u0142 <a href=\"https:\/\/sportowefakty.wp.pl\/wyscigi-samochodowe\/mclaren-honda\" rel=\"nofollow noopener\" target=\"_blank\">McLaren<\/a>. Piastri i Norris zamkn\u0119li stawk\u0119, co wynika z faktu, \u017ce obaj kierowcy ekipy z Woking zrealizowali inn\u0105 strategi\u0119 i nie sprawdzili tempa kwalifikacyjnego. Wynik Australijczyka i Brytyjczyka mo\u017ce jednak wywo\u0142a\u0107 pewny niepok\u00f3j w stajni z Woking.<\/p>\n<p> <img role=\"presentation\" src=\"https:\/\/std.wpcdn.pl\/images\/adv\/placeholder_wp.svg\" loading=\"lazy\" alt=\"\" decoding=\"async\"\/>  <\/p>\n<p>F1 &#8211; GP Las Vegas &#8211; 3. trening &#8211; wyniki:<\/p>\n<tr> Poz.KierowcaZesp\u00f3\u0142Czas\/strata <\/tr>\n<tr>\n<td> 1. <\/td>\n<td> George Russell <\/td>\n<td> Mercedes <\/td>\n<td> 1:34.054 <\/td>\n<\/tr>\n<tr>\n<td> 2. <\/td>\n<td> Max Verstappen <\/td>\n<td> Red Bull Racing <\/td>\n<td> +0.227 <\/td>\n<\/tr>\n<tr>\n<td> 3. <\/td>\n<td> Alexander Albon <\/td>\n<td> Williams <\/td>\n<td> +0.821 <\/td>\n<\/tr>\n<tr>\n<td> 4. <\/td>\n<td> Isack Hadjar <\/td>\n<td> Visa Cash App RB <\/td>\n<td> +1.115 <\/td>\n<\/tr>\n<tr>\n<td> 5. <\/td>\n<td> Lewis Hamilton <\/td>\n<td> Ferrari <\/td>\n<td> +1.215 <\/td>\n<\/tr>\n<tr>\n<td> 6. <\/td>\n<td> Andrea Kimi Antonelli <\/td>\n<td> Mercedes <\/td>\n<td> +1.331 <\/td>\n<\/tr>\n<tr>\n<td> 7. <\/td>\n<td> Liam Lawson <\/td>\n<td> Visa Cash App RB <\/td>\n<td> +1.385 <\/td>\n<\/tr>\n<tr>\n<td> 8. <\/td>\n<td> Lance Stroll <\/td>\n<td> Aston Martin <\/td>\n<td> +1.479 <\/td>\n<\/tr>\n<tr>\n<td> 9. <\/td>\n<td> Fernando Alonso <\/td>\n<td> Aston Martin <\/td>\n<td> +1.486 <\/td>\n<\/tr>\n<tr>\n<td> 10. <\/td>\n<td> Pierre Gasly <\/td>\n<td> Alpine <\/td>\n<td> +1.508 <\/td>\n<\/tr>\n<tr>\n<td> 11. <\/td>\n<td> Oliver Bearman <\/td>\n<td> Haas <\/td>\n<td> +1.532 <\/td>\n<\/tr>\n<tr>\n<td> 12. <\/td>\n<td> Carlos Sainz <\/td>\n<td> Williams <\/td>\n<td> +1.608 <\/td>\n<\/tr>\n<tr>\n<td> 13. <\/td>\n<td> Gabriel Bortoleto <\/td>\n<td> Stake F1 Team <\/td>\n<td> +1.684 <\/td>\n<\/tr>\n<tr>\n<td> 14. <\/td>\n<td> Esteban Ocon <\/td>\n<td> Haas <\/td>\n<td> +1.763 <\/td>\n<\/tr>\n<tr>\n<td> 15. <\/td>\n<td> Charles Leclerc <\/td>\n<td> Ferrari <\/td>\n<td> +1.854 <\/td>\n<\/tr>\n<tr>\n<td> 16. <\/td>\n<td> Franco Colapinto <\/td>\n<td> Alpine <\/td>\n<td> +2.251 <\/td>\n<\/tr>\n<tr>\n<td> 17. <\/td>\n<td> Nico Hulkenberg <\/td>\n<td> Stake F1 Team <\/td>\n<td> +2.596 <\/td>\n<\/tr>\n<tr>\n<td> 18. <\/td>\n<td> Yuki Tsunoda <\/td>\n<td> Red Bull Racing <\/td>\n<td> +2.613 <\/td>\n<\/tr>\n<tr>\n<td> 19. <\/td>\n<td> Oscar Piastri <\/td>\n<td> McLaren <\/td>\n<td> +2.969 <\/td>\n<\/tr>\n<tr>\n<td> 20. <\/td>\n<td> Lando Norris <\/td>\n<td> McLaren <\/td>\n<td> +3.058 <\/td>\n<\/tr>\n","protected":false},"excerpt":{"rendered":"Od pocz\u0105tku weekendu wy\u015bcigowego\u00a0Formu\u0142y 1\u00a0by\u0142o jasne, \u017ce w Las Vegas namiesza\u0107 mo\u017ce pogoda. Zgodnie z prognozami, w sobot\u0119&hellip;\n","protected":false},"author":2,"featured_media":112847,"comment_status":"","ping_status":"","sticky":false,"template":"","format":"standard","meta":{"footnotes":""},"categories":[24],"tags":[3819,2892,2901,14893,2899,2893,2897,2898,6880,2900,42,38,40,39,41,2896,127,126,750,2902],"class_list":{"0":"post-112846","1":"post","2":"type-post","3":"status-publish","4":"format-standard","5":"has-post-thumbnail","7":"category-sport","8":"tag-charles-leclerc","9":"tag-ferrari","10":"tag-formula-1","11":"tag-george-russell","12":"tag-lando-norris","13":"tag-lewis-hamilton","14":"tag-max-verstappen","15":"tag-mclaren","16":"tag-mercedes","17":"tag-oscar-piastri","18":"tag-pl","19":"tag-poland","20":"tag-polish","21":"tag-polska","22":"tag-polski","23":"tag-red-bull-racing","24":"tag-sport","25":"tag-sports","26":"tag-sporty-motorowe","27":"tag-wyscigi-samochodowe"},"share_on_mastodon":{"url":"https:\/\/pubeurope.com\/@pl\/115592155003345080","error":""},"_links":{"self":[{"href":"https:\/\/www.europesays.com\/pl\/wp-json\/wp\/v2\/posts\/112846","targetHints":{"allow":["GET"]}}],"collection":[{"href":"https:\/\/www.europesays.com\/pl\/wp-json\/wp\/v2\/posts"}],"about":[{"href":"https:\/\/www.europesays.com\/pl\/wp-json\/wp\/v2\/types\/post"}],"author":[{"embeddable":true,"href":"https:\/\/www.europesays.com\/pl\/wp-json\/wp\/v2\/users\/2"}],"replies":[{"embeddable":true,"href":"https:\/\/www.europesays.com\/pl\/wp-json\/wp\/v2\/comments?post=112846"}],"version-history":[{"count":0,"href":"https:\/\/www.europesays.com\/pl\/wp-json\/wp\/v2\/posts\/112846\/revisions"}],"wp:featuredmedia":[{"embeddable":true,"href":"https:\/\/www.europesays.com\/pl\/wp-json\/wp\/v2\/media\/112847"}],"wp:attachment":[{"href":"https:\/\/www.europesays.com\/pl\/wp-json\/wp\/v2\/media?parent=112846"}],"wp:term":[{"taxonomy":"category","embeddable":true,"href":"https:\/\/www.europesays.com\/pl\/wp-json\/wp\/v2\/categories?post=112846"},{"taxonomy":"post_tag","embeddable":true,"href":"https:\/\/www.europesays.com\/pl\/wp-json\/wp\/v2\/tags?post=112846"}],"curies":[{"name":"wp","href":"https:\/\/api.w.org\/{rel}","templated":true}]}}