{"id":112848,"date":"2025-11-22T07:24:11","date_gmt":"2025-11-22T07:24:11","guid":{"rendered":"https:\/\/www.europesays.com\/pl\/112848\/"},"modified":"2025-11-22T07:24:11","modified_gmt":"2025-11-22T07:24:11","slug":"weronika-schreiber-zdradza-kulisy-zwiazku-z-poslem-pis-to-byly-dluzsze-podchody","status":"publish","type":"post","link":"https:\/\/www.europesays.com\/pl\/112848\/","title":{"rendered":"Weronika Schreiber zdradza kulisy zwi\u0105zku z pos\u0142em PiS. &#8222;To by\u0142y d\u0142u\u017csze podchody&#8221;"},"content":{"rendered":"<p class=\"ods-c-paragraph \">Przedpremierowo publikujemy fragment wywiadu z <a href=\"https:\/\/plejada.pl\/weronika-reiter\" id=\"a6ca42bc-fc7a-43d2-bb49-bc856aaf9f17\" rel=\"nofollow noopener\" target=\"_blank\">Weronik\u0105 Schreiber.<\/a> Ca\u0142a rozmowa dost\u0119pna od niedzieli na Plejada.pl. Pozosta\u0142e nasze wywiady przeczytasz <a href=\"https:\/\/plejada.pl\/wywiady\" id=\"0561ef78-1c70-4696-9656-cea69dfac391\" title=\"Story bez tytu\u0142u\" rel=\"nofollow noopener\" target=\"_blank\">tutaj<\/a>.<\/p>\n<p>Dalszy ci\u0105g artyku\u0142u pod materia\u0142em wideo<\/p>\n<p> Jak d\u0142ugo Weronika i \u0141ukasz Schreiber s\u0105 razem? <\/p>\n<p> Co Weronika my\u015bla\u0142a o mi\u0142o\u015bci od pierwszego wejrzenia przed poznaniem \u0141ukasza? <\/p>\n<p> Jakie wiadomo\u015bci otrzymywa\u0142a Weronika po ujawnieniu zwi\u0105zku? <\/p>\n<p> Czy Weronika planuje by\u0107 bardziej obecna w mediach spo\u0142eczno\u015bciowych? <\/p>\n<p class=\"ods-c-paragraph \"><a href=\"https:\/\/plejada.pl\/autorzy\/natalia-wolniewicz\" id=\"06bd6754-8d46-4d36-9f3d-27267bef2a36\" rel=\"nofollow noopener\" target=\"_blank\">Natalia Wolniewicz<\/a>, <a href=\"https:\/\/plejada.pl\/\" id=\"7b68e025-99ad-4cb5-acf5-15c0e601085f\" rel=\"nofollow noopener\" target=\"_blank\">Plejada.pl<\/a>: Koniec roku sprzyja podsumowaniom, a 2025 r. u ciebie by\u0142 bogaty w emocje. Ten rok by\u0142 dla ciebie prze\u0142omowy? A mo\u017ce bardziej wymagaj\u0105cy?<\/p>\n<p class=\"ods-c-paragraph \"><a href=\"https:\/\/plejada.pl\/weronika-reiter\" id=\"e7d092c6-707f-4316-9457-15434c33ce15\" rel=\"nofollow noopener\" target=\"_blank\">Weronika Schreiber<\/a>: Na pewno jest to rok prze\u0142omowy, ale z pozytywnym znaczeniem. Niew\u0105tpliwie by\u0142o te\u017c wiele trudnych chwil, daj\u0105cych do my\u015blenia. Natomiast nie ukrywam, \u017ce dzisiaj, siedz\u0105c tutaj, jestem bardzo szcz\u0119\u015bliw\u0105 i bardzo wdzi\u0119czn\u0105 osob\u0105.<\/p>\n<p class=\"ods-c-paragraph \">\u015alub, zar\u0119czyny, wsp\u00f3lny dom. A jak to wszystko si\u0119 u was zacz\u0119\u0142o? Jak pozna\u0142a\u015b \u0141ukasza Schreibera? To mi\u0142o\u015b\u0107 od pierwszego wejrzenia?<\/p>\n<p class=\"ods-c-paragraph \">Co do kwestii stricte zwi\u0105zanych z naszym poznaniem nie ukrywam, \u017ce to jest nasz\u0105 s\u0142odk\u0105 tajemnic\u0105 i na ten moment chc\u0119, aby tak pozosta\u0142o. Co do mi\u0142o\u015bci od pierwszego wejrzenia, to zar\u00f3wno z mojej strony, jak i \u2014 z tego, co wiem \u2014 z \u0141ukasza, to si\u0119 wydarzy\u0142o. Szczerze przyznam, \u017ce zanim pozna\u0142am mojego m\u0119\u017ca, nie wierzy\u0142am w mi\u0142o\u015b\u0107 od pierwszego wejrzenia, natomiast nigdy nie zapomn\u0119, jak spotkali\u015bmy si\u0119 po raz pierwszy. Nigdy nie zapomn\u0119 pierwszego spojrzenia \u0141ukasza w moj\u0105 stron\u0119 \u2014 tego wzroku, tych oczu. To by\u0142o co\u015b absolutnie magicznego, wi\u0119c dzisiaj w 100 proc. wierz\u0119 w prawdziw\u0105 mi\u0142o\u015b\u0107 od pierwszego wejrzenia.<\/p>\n<p class=\"ods-c-paragraph \">Ujawnili\u015bcie si\u0119 w sieci w sylwestra. Od kiedy si\u0119 spotykacie? <\/p>\n<p class=\"ods-c-paragraph \">Powiedzmy, \u017ce spotykamy si\u0119 od 29 sierpnia 2024 r. Po roku, dok\u0142adnie 29 sierpnia, wzi\u0119li\u015bmy \u015blub.<\/p>\n<p class=\"ods-c-paragraph \">Cudowna rocznica.<\/p>\n<p class=\"ods-c-paragraph \">Uda\u0142o nam si\u0119 pi\u0119knie w\u0142a\u015bnie w t\u0119 dat\u0119 wycyrklowa\u0107. Taki by\u0142 plan, takie by\u0142o za\u0142o\u017cenie.<\/p>\n<p class=\"ods-c-paragraph \">Co ci\u0119 uj\u0119\u0142o w \u0141ukaszu?<\/p>\n<p class=\"ods-c-paragraph \">W pierwszej kolejno\u015bci na pewno [jego] spojrzenie, natomiast p\u00f3\u017aniej, z czasem \u2014 jego dobro\u0107. \u0141ukasz ma przepi\u0119kne serce i ogromn\u0105 wiedz\u0119. Inteligencja, b\u0142yskotliwo\u015b\u0107 \u2014 bardzo to w nim ceni\u0119.<\/p>\n<p class=\"ods-c-paragraph \">Od razu zgodzi\u0142a\u015b si\u0119 na randk\u0119 czy to by\u0142y d\u0142u\u017csze podchody?<\/p>\n<p class=\"ods-c-paragraph \">To by\u0142y d\u0142u\u017csze podchody, natomiast \u2014 jak wida\u0107 \u2014 z rezultatem, jak\u017ce pi\u0119knym.<\/p>\n<p class=\"ods-c-paragraph \">Ujawnili\u015bcie si\u0119 w sylwestra. Wiem, \u017ce to wi\u0105za\u0142o si\u0119 z du\u017cymi emocjami, bo wszystkie media od razu to pod\u0142apa\u0142y \u2014 by\u0142 hejt, by\u0142y te\u017c gratulacje. Mia\u0142a\u015b obiekcje co do tego, \u017ceby wstawi\u0107 to zdj\u0119cie i sta\u0107 si\u0119 tematem przewodnim w sieci?<\/p>\n<p class=\"ods-c-paragraph \">Uwa\u017cam, \u017ce to by\u0142 ju\u017c odpowiedni moment, aby\u015bmy to zrobili. Absolutnie tego nie \u017ca\u0142owa\u0142am i nie \u017ca\u0142uj\u0119. Przychodz\u0105 takie chwile, kiedy musisz powiedzie\u0107 stop, bo jeste\u015b zm\u0119czona funkcjonowaniem w pewien spos\u00f3b. Poza tym wiedzieli\u015bmy ju\u017c, \u017ce bardzo du\u017co os\u00f3b z naszego bli\u017cszego czy te\u017c dalszego grona znajomych, wie o naszym zwi\u0105zku. Pr\u0119dzej czy p\u00f3\u017aniej ta informacja musia\u0142a pojawi\u0107 si\u0119 w mediach. Nie chcieli\u015bmy, aby zrobiono nam zdj\u0119cie i \u017ceby to nas ujawni\u0142o. Chcieli\u015bmy zrobi\u0107 to po swojemu i tak te\u017c si\u0119 sta\u0142o ze wszystkimi tego konsekwencjami, ale te\u017c i plusami.<\/p>\n<p class=\"ods-c-paragraph \">Jakie by\u0142y konsekwencje? Przypuszczam, \u017ce zacz\u0119\u0142a\u015b dostawa\u0107 r\u00f3\u017cne wiadomo\u015bci.<\/p>\n<blockquote class=\"ods-o-quota\">\n<p class=\"ods-o-quota__paragraph\">Oj tak. Spotka\u0142am si\u0119 z ogromn\u0105 lawin\u0105 hejtu. Szczerze przyznam, \u017ce nie przypuszcza\u0142am, \u017ce b\u0119dzie ona a\u017c taka [du\u017ca], ale pami\u0119tam wiadomo\u015bci na Instagramie od os\u00f3b, kt\u00f3rych kompletnie nie znam, chocia\u017cby w\u0142a\u015bnie w Nowy Rok, z \u017cyczeniami \u015bmierci, z gro\u017abami, z bardzo przykrymi komentarzami, cho\u0107 te\u017c pojawi\u0142o si\u0119 wiele gratulacji serdeczno\u015bci, za co jestem naprawd\u0119 bardzo wdzi\u0119czna.<\/p>\n<\/blockquote>\n<p class=\"ods-c-paragraph \">Je\u017celi kto\u015b nie by\u0142 na naszym miejscu, nie by\u0142 w tej sytuacji i nie jest te\u017c nasz\u0105 osob\u0105 z bliskiego grona, nie zna pewnych kwestii od \u015brodka, to nie jest w stanie sobie wyobrazi\u0107 tego, jak my si\u0119 czuli\u015bmy w tym czasie.<\/p>\n<p class=\"ods-c-paragraph \">Teraz te\u017c czujesz si\u0119 na celowniku?<\/p>\n<p class=\"ods-c-paragraph \">W jakim\u015b stopniu tak, natomiast uwa\u017cam, \u017ce zdecydowanie wi\u0119cej teraz jest ju\u017c pozytywnej energii, pozytywnych wiadomo\u015bci ni\u017c tych z\u0142ych, kt\u00f3re pojawia\u0142y si\u0119 na pocz\u0105tku roku.<\/p>\n<p class=\"ods-c-paragraph \">Dzia\u0142asz na Instagramie. To jest ch\u0119\u0107 pokazania prawdziwej siebie, \u017ceby nie tylko media mia\u0142y mo\u017cliwo\u015b\u0107 kreowania twojego wizerunku, czy tak, jak twierdz\u0105 niekt\u00f3rzy, chcia\u0142aby\u015b skorzysta\u0107 z tego, \u017ce \u0141ukasz jest rozpoznawalny?<\/p>\n<p class=\"ods-c-paragraph \">Dzi\u0119kuj\u0119 za to pytanie. To nie jest kwestia ch\u0119ci pokazania siebie i ch\u0119ci bycia znan\u0105, bo absolutnie nie o to chodzi. Prowadz\u0119 swoj\u0105 dzia\u0142alno\u015b\u0107, a wi\u0119c normalnie pracuj\u0119 na co dzie\u0144. Instagram jest elementem komunikacji z osobami, kt\u00f3re mnie \u015bledz\u0105, kt\u00f3re mnie obserwuj\u0105. To te\u017c mo\u017cliwo\u015b\u0107 pokazania si\u0119 od naturalnej strony, a nie tylko z nag\u0142\u00f3wk\u00f3w. Osoby, kt\u00f3re pisz\u0105 te artyku\u0142y, nie maj\u0105 bladego poj\u0119cia o mnie.<\/p>\n<p class=\"ods-c-paragraph \">Czyli na \u015bciankach ci\u0119 nie zobaczymy? <\/p>\n<p class=\"ods-c-paragraph \">My\u015bl\u0119, \u017ce nie. Bardzo skupiam si\u0119 na biznesie, na rozwoju w tym kierunku, na swoim rozwoju. Bardzo mi na tym zale\u017cy. Media spo\u0142eczno\u015bciowe s\u0105 dodatkowym elementem komunikacji, form\u0105 reklamy firmy, wsp\u00f3\u0142prac. Bardzo cz\u0119sto klienci si\u0119 do mnie zg\u0142aszaj\u0105 i wspominaj\u0105 w\u0142a\u015bnie o tej formie prowadzenia biura i pokazywania tego w sieci.<\/p>\n<p class=\"ods-c-paragraph \">Zar\u0119czyny r\u00f3wnie\u017c by\u0142y szeroko komentowane w sieci. Jak wygl\u0105da\u0142 ten wyj\u0105tkowy moment?<\/p>\n<p class=\"ods-c-paragraph \">Wygl\u0105da\u0142y najpi\u0119kniej jak tylko mog\u0142y w tym konkretnym momencie. Wiedzia\u0142am od razu, \u017ce si\u0119 zgodz\u0119, \u017ce je przyjm\u0119. To te\u017c by\u0142 czas, kiedy informacj\u0119 o zar\u0119czynach trzymali\u015bmy dla siebie. Powiedzieli\u015bmy o nich du\u017co p\u00f3\u017aniej, ni\u017c one mia\u0142y miejsce. To wydarzy\u0142o si\u0119 w okresie \u015bwi\u0105teczno-noworocznym. Pi\u0119kny czas. Z ogromnym sentymentem i z ogromnym ciep\u0142em to wspominam.<\/p>\n<p class=\"ods-c-paragraph \">***<\/p>\n<p class=\"ods-c-paragraph \">Ca\u0142\u0105 rozmow\u0119 z Weronik\u0105 Schreiber przeczytasz w Plejadzie w niedzielny poranek. \u017bona \u0141ukasza Schreibera opowiada tak\u017ce o swoim biznesie, ch\u0119ci powi\u0119kszenia rodziny i walce z przesz\u0142o\u015bci\u0105 m\u0119\u017ca. <\/p>\n<p class=\"ods-c-paragraph \">Dzi\u0119kujemy, \u017ce przeczyta\u0142a\u015b\/e\u015b nasz artyku\u0142 do ko\u0144ca. W serwisie Plejada.pl ka\u017cdego dnia piszemy o najwa\u017cniejszych wydarzeniach show-biznesowych. B\u0105d\u017a na bie\u017c\u0105co! <a rel=\"nofollow noopener\" href=\"https:\/\/profile.google.com\/cp\/Cg0vZy8xMWJ6X19wdHBx\" id=\"33231268-63fe-43a0-9131-256c9e28393f\" target=\"_blank\">Obserwuj<\/a> Plejad\u0119 w Google. Odwied\u017a nas tak\u017ce na <a rel=\"nofollow noopener\" href=\"https:\/\/www.facebook.com\/plejadapl\" id=\"454ae70b-8d77-4ac5-aa5a-0f5e08f435c9\" target=\"_blank\">Facebooku<\/a>, <a rel=\"nofollow noopener\" href=\"https:\/\/www.instagram.com\/plejadapl\/\" id=\"ec998c00-5e85-4cd8-a841-f1ce8234ee38\" target=\"_blank\">Instagramie<\/a>, <a rel=\"nofollow noopener\" href=\"https:\/\/www.youtube.com\/c\/plejada\" id=\"d07ec8d9-a6d5-4512-9d53-573c114c4ec3\" target=\"_blank\">YouTubie<\/a> oraz <a rel=\"nofollow noopener\" href=\"https:\/\/www.tiktok.com\/@plejada_pl\" id=\"af96f6e2-4f16-4f75-8bf3-3f357ebbcda4\" target=\"_blank\">TikToku<\/a>.<\/p>\n<p class=\"ods-c-paragraph \">Chcesz podzieli\u0107 si\u0119 ciekawym newsem lub zaproponowa\u0107 temat? Skontaktuj si\u0119 z nami, pisz\u0105c maila na adres: <a rel=\"nofollow noopener\" href=\"https:\/\/plejada.pl\/newsy\/weronika-schreiber-zdradza-kulisy-zwiazku-z-poslem-pis-to-byly-dluzsze-podchody\/mailto:plejada@redakcjaonet.pl\" id=\"a7922c31-adb0-4ec4-8dc5-5fe69df2beb6\" target=\"_blank\">plejada@redakcjaon<\/a><a rel=\"nofollow noopener\" href=\"https:\/\/et.pl\/\" id=\"6fe69390-9578-4a02-8f7f-3e6936a83c29\" target=\"_blank\">et.pl<\/a>.<\/p>\n<p><script async src=\"\/\/www.instagram.com\/embed.js\"><\/script><script async src=\"\/\/www.tiktok.com\/embed.js\"><\/script><\/p>\n","protected":false},"excerpt":{"rendered":"Przedpremierowo publikujemy fragment wywiadu z Weronik\u0105 Schreiber. Ca\u0142a rozmowa dost\u0119pna od niedzieli na Plejada.pl. Pozosta\u0142e nasze wywiady przeczytasz&hellip;\n","protected":false},"author":2,"featured_media":112849,"comment_status":"","ping_status":"","sticky":false,"template":"","format":"standard","meta":{"footnotes":""},"categories":[22],"tags":[122,7506,48,125,46,42,38,40,39,41,123,47,338,13643],"class_list":{"0":"post-112848","1":"post","2":"type-post","3":"status-publish","4":"format-standard","5":"has-post-thumbnail","7":"category-rozrywka","8":"tag-entertainment","9":"tag-lukasz_schreiber","10":"tag-nat_styl","11":"tag-newsy","12":"tag-omp","13":"tag-pl","14":"tag-poland","15":"tag-polish","16":"tag-polska","17":"tag-polski","18":"tag-rozrywka","19":"tag-screening_general","20":"tag-tylko_w_plejadzie","21":"tag-weronika_reiter"},"share_on_mastodon":{"url":"https:\/\/pubeurope.com\/@pl\/115592159442081739","error":""},"_links":{"self":[{"href":"https:\/\/www.europesays.com\/pl\/wp-json\/wp\/v2\/posts\/112848","targetHints":{"allow":["GET"]}}],"collection":[{"href":"https:\/\/www.europesays.com\/pl\/wp-json\/wp\/v2\/posts"}],"about":[{"href":"https:\/\/www.europesays.com\/pl\/wp-json\/wp\/v2\/types\/post"}],"author":[{"embeddable":true,"href":"https:\/\/www.europesays.com\/pl\/wp-json\/wp\/v2\/users\/2"}],"replies":[{"embeddable":true,"href":"https:\/\/www.europesays.com\/pl\/wp-json\/wp\/v2\/comments?post=112848"}],"version-history":[{"count":0,"href":"https:\/\/www.europesays.com\/pl\/wp-json\/wp\/v2\/posts\/112848\/revisions"}],"wp:featuredmedia":[{"embeddable":true,"href":"https:\/\/www.europesays.com\/pl\/wp-json\/wp\/v2\/media\/112849"}],"wp:attachment":[{"href":"https:\/\/www.europesays.com\/pl\/wp-json\/wp\/v2\/media?parent=112848"}],"wp:term":[{"taxonomy":"category","embeddable":true,"href":"https:\/\/www.europesays.com\/pl\/wp-json\/wp\/v2\/categories?post=112848"},{"taxonomy":"post_tag","embeddable":true,"href":"https:\/\/www.europesays.com\/pl\/wp-json\/wp\/v2\/tags?post=112848"}],"curies":[{"name":"wp","href":"https:\/\/api.w.org\/{rel}","templated":true}]}}