{"id":112854,"date":"2025-11-22T07:28:09","date_gmt":"2025-11-22T07:28:09","guid":{"rendered":"https:\/\/www.europesays.com\/pl\/112854\/"},"modified":"2025-11-22T07:28:09","modified_gmt":"2025-11-22T07:28:09","slug":"ambasador-usa-stanal-w-obronie-polski-groteskowe-falszowanie-historii","status":"publish","type":"post","link":"https:\/\/www.europesays.com\/pl\/112854\/","title":{"rendered":"Ambasador USA stan\u0105\u0142 w obronie Polski. &#8222;Groteskowe fa\u0142szowanie historii&#8221;"},"content":{"rendered":"<p class=\"ods-c-paragraph \">Thomas Rose opublikowa\u0142 na swoim profilu w serwisie X nagranie z wyst\u0105pienia, w kt\u00f3rym wyrazi\u0142 nadziej\u0119, \u017ce rozpocz\u0119ta przez niego debata przyczyni si\u0119 do zmiany krzywdz\u0105cej narracji na temat Polski.<\/p>\n<p>Dalszy ci\u0105g artyku\u0142u pod materia\u0142em wideo<\/p>\n<p> Co powiedzia\u0142 ambasador USA o Polsce? <\/p>\n<p> Jakie s\u0105 g\u0142\u00f3wne tezy wyst\u0105pienia Thomasa Rose&#8217;a? <\/p>\n<p> Co ambasador Rose my\u015bli o historii Polski? <\/p>\n<p> Jakie zmiany ma nadziej\u0119 wprowadzi\u0107 debata rozpocz\u0119ta przez Rose&#8217;a? <\/p>\n<p class=\"ods-c-paragraph \">\u2014 Zbyt d\u0142ugo ten nar\u00f3d by\u0142 obci\u0105\u017cany moraln\u0105 skaz\u0105, kt\u00f3ra nigdy nie by\u0142a jego: oszczerstwem, \u017ce Polska w jakikolwiek spos\u00f3b ponosi odpowiedzialno\u015b\u0107 za zbrodnie pope\u0142nione przez innych \u2014 m\u00f3wi\u0142 ameryka\u0144ski dyplomata do zebranych.<\/p>\n<p> Thomas Rose o &#8222;groteskowym fa\u0142szowaniu historii&#8221;<\/p>\n<p class=\"ods-c-paragraph \">Ambasador USA zaznaczy\u0142 jednocze\u015bnie, \u017ce &#8222;przez dekady Polska do\u015bwiadcza\u0142a g\u0142\u0119bokiej niesprawiedliwo\u015bci historycznej&#8221;. <\/p>\n<p class=\"ods-c-paragraph \">\u2014 Przekonanie, \u017ce Polska wsp\u00f3\u0142dzieli win\u0119 za barbarzy\u0144skie czyny dokonane przeciwko niej, jest groteskowym fa\u0142szowaniem historii i w gruncie rzeczy form\u0105 &#8222;oszczerstwa krwi&#8221; wymierzonego w Polak\u00f3w i w Polsk\u0119 \u2014 wskaza\u0142 Rose.<\/p>\n<p class=\"ods-c-paragraph \">W jego opinii &#8222;\u017caden kraj nie walczy\u0142 d\u0142u\u017cej ani nie wycierpia\u0142 wi\u0119cej, dlatego traktowanie relacji Polski ze \u015bwiatem jak uk\u0142adu d\u0142u\u017cnika i wierzyciela za ludob\u00f3jstwo dokonane przez innych na jej terytorium, jest nie tylko historycznie fa\u0142szywe, ale i moralnie skandaliczne&#8221;. \u2014 To stawianie ofiary w roli odpowiedzialnej za czyny sprawcy \u2014 doda\u0142.<\/p>\n","protected":false},"excerpt":{"rendered":"Thomas Rose opublikowa\u0142 na swoim profilu w serwisie X nagranie z wyst\u0105pienia, w kt\u00f3rym wyrazi\u0142 nadziej\u0119, \u017ce rozpocz\u0119ta&hellip;\n","protected":false},"author":2,"featured_media":112855,"comment_status":"","ping_status":"","sticky":false,"template":"","format":"standard","meta":{"footnotes":""},"categories":[12],"tags":[32,33,36,37,27,6979,49,34,35,28,31,48,25,46,42,38,40,39,41,47,12392,29,30,71,26],"class_list":{"0":"post-112854","1":"post","2":"type-post","3":"status-publish","4":"format-standard","5":"has-post-thumbnail","7":"category-polska","8":"tag-breaking-news","9":"tag-breakingnews","10":"tag-featured-news","11":"tag-featurednews","12":"tag-headlines","13":"tag-ii_wojna_swiatowa","14":"tag-kraj","15":"tag-latest-news","16":"tag-latestnews","17":"tag-naglowki","18":"tag-najwazniejsze-artykuly","19":"tag-nat_styl","20":"tag-news","21":"tag-omp","22":"tag-pl","23":"tag-poland","24":"tag-polish","25":"tag-polska","26":"tag-polski","27":"tag-screening_general","28":"tag-thomas_rose","29":"tag-top-stories","30":"tag-topstories","31":"tag-usa","32":"tag-wiadomosci"},"share_on_mastodon":{"url":"https:\/\/pubeurope.com\/@pl\/115592174202848701","error":""},"_links":{"self":[{"href":"https:\/\/www.europesays.com\/pl\/wp-json\/wp\/v2\/posts\/112854","targetHints":{"allow":["GET"]}}],"collection":[{"href":"https:\/\/www.europesays.com\/pl\/wp-json\/wp\/v2\/posts"}],"about":[{"href":"https:\/\/www.europesays.com\/pl\/wp-json\/wp\/v2\/types\/post"}],"author":[{"embeddable":true,"href":"https:\/\/www.europesays.com\/pl\/wp-json\/wp\/v2\/users\/2"}],"replies":[{"embeddable":true,"href":"https:\/\/www.europesays.com\/pl\/wp-json\/wp\/v2\/comments?post=112854"}],"version-history":[{"count":0,"href":"https:\/\/www.europesays.com\/pl\/wp-json\/wp\/v2\/posts\/112854\/revisions"}],"wp:featuredmedia":[{"embeddable":true,"href":"https:\/\/www.europesays.com\/pl\/wp-json\/wp\/v2\/media\/112855"}],"wp:attachment":[{"href":"https:\/\/www.europesays.com\/pl\/wp-json\/wp\/v2\/media?parent=112854"}],"wp:term":[{"taxonomy":"category","embeddable":true,"href":"https:\/\/www.europesays.com\/pl\/wp-json\/wp\/v2\/categories?post=112854"},{"taxonomy":"post_tag","embeddable":true,"href":"https:\/\/www.europesays.com\/pl\/wp-json\/wp\/v2\/tags?post=112854"}],"curies":[{"name":"wp","href":"https:\/\/api.w.org\/{rel}","templated":true}]}}