{"id":113021,"date":"2025-11-22T09:33:08","date_gmt":"2025-11-22T09:33:08","guid":{"rendered":"https:\/\/www.europesays.com\/pl\/113021\/"},"modified":"2025-11-22T09:33:08","modified_gmt":"2025-11-22T09:33:08","slug":"on-potrzebuje-psychiatry-bruksela-kipi-ze-zlosci-po-ujawnieniu-planu-ludzi-trumpa","status":"publish","type":"post","link":"https:\/\/www.europesays.com\/pl\/113021\/","title":{"rendered":"&#8222;On potrzebuje psychiatry&#8221;. Bruksela kipi ze z\u0142o\u015bci po ujawnieniu planu ludzi Trumpa"},"content":{"rendered":"<p>Rozmowy w Brukseli wisz\u0105 na w\u0142osku. Sprawa jest niezwykle delikatna i wywo\u0142uje skrajne emocje, przekonuj\u0105 anonimowo dyplomaci, z kt\u00f3rymi rozmawiali dziennikarze serwisu. Na europejskich urz\u0119dnik\u00f3w, kt\u00f3rzy dopracowuj\u0105 dokument umo\u017cliwiaj\u0105cy wykorzystanie zamro\u017conych \u015brodk\u00f3w na po\u017cyczk\u0119 dla rz\u0105du ukrai\u0144skiego, nowy 28-punktowy plan maj\u0105cy zako\u0144czy\u0107 rosyjsk\u0105 wojn\u0119 w Ukrainie, spad\u0142 jak grom z jasnego nieba.<\/p>\n<p>Ameryka\u0144ska propozycja zawiera konkurencyjny pomys\u0142 wykorzystania tych samych aktyw\u00f3w do prowadzonych przez USA dzia\u0142a\u0144 na rzecz odbudowy Ukrainy ju\u017c po zawarciu rozejmu. Wed\u0142ug tre\u015bci dokumentu Stany Zjednoczone otrzyma\u0142yby &#8222;50 proc.&#8221; zysk\u00f3w z tej dzia\u0142alno\u015bci.<\/p>\n<p>Na korytarzach w Brukseli w\u015bciek\u0142o\u015b\u0107 miesza si\u0119 z rozczarowaniem i obawami, \u017ce plan forsowany przez przyw\u00f3dc\u0119 USA i jego ludzi zniweczy wielomiesi\u0119czne starania Europy, by przycisn\u0105\u0107 Putina do \u015bciany.<\/p>\n<p class=\"ods-c-paragraph \">Europejscy przyw\u00f3dcy 27 kraj\u00f3w mieli nadziej\u0119 sfinalizowa\u0107 umow\u0119 dotycz\u0105c\u0105 tzw. &#8222;po\u017cyczki reparacyjnej&#8221; podczas kluczowego szczytu w przysz\u0142ym miesi\u0105cu. By\u0142y francuski urz\u0119dnik m\u00f3wi anonimowo, \u017ce pomys\u0142 Witkoffa &#8222;jest oczywi\u015bcie skandaliczny&#8221;.<\/p>\n<blockquote class=\"ods-o-quota\">\n<p class=\"ods-o-quota__paragraph\">Europejczycy pr\u00f3buj\u0105 znale\u017a\u0107 realne rozwi\u0105zanie, kt\u00f3re pozwoli\u0142oby wykorzysta\u0107 aktywa z korzy\u015bci\u0105 dla Ukrai\u0144c\u00f3w, a Trump chce na nich zarobi\u0107. Ta propozycja prawdopodobnie zostanie odrzucona przez wszystkich<\/p>\n<\/blockquote>\n<p class=\"ods-c-paragraph \">\u2014 oburza si\u0119 rozm\u00f3wca POLITICO.<\/p>\n<p>   &#8222;Id\u017a do psychiatry&#8221;<\/p>\n<p class=\"ods-c-paragraph \">Jeden z wysokich rang\u0105 urz\u0119dnik\u00f3w UE w Brukseli wy\u015bmiewa pomys\u0142 Amerykan\u00f3w i podkre\u015bla, \u017ce niezale\u017cnie od tego, czego Trump chce, nie ma on uprawnie\u0144 do odmro\u017cenia aktyw\u00f3w przechowywanych w Europie. \u2014 [Steve] Witkoff powinien uda\u0107 si\u0119 do psychiatry \u2014 grzmi.<\/p>\n<p>Dalszy ci\u0105g artyku\u0142u pod materia\u0142em wideo<\/p>\n<p class=\"ods-c-paragraph \">Kwestia wykorzystania zamro\u017conych aktyw\u00f3w Rosji to jedno z najwi\u0119kszych wyzwa\u0144 dla sojusznik\u00f3w Ukrainy. <a href=\"https:\/\/wiadomosci.onet.pl\/swiat\/jak-mamy-to-zrobic-to-niemozliwe-awantura-w-brukseli\/kcr5kvy\" id=\"85cfaecd-950e-4b9e-9570-cf1bcd5db97e\" rel=\"nofollow noopener\" target=\"_blank\">Wiele obaw budz\u0105 potencjalne konsekwencje prawne, polityczne, gospodarcze i te dotycz\u0105ce bezpiecze\u0144stwa<\/a>. Najtrudniejsz\u0105 kwesti\u0105 jest to, \u017ce aktywa te s\u0105 w wi\u0119kszo\u015bci przechowywane w belgijskiej instytucji Euroclear, co nara\u017ca Belg\u00f3w na nieproporcjonalne ryzyko odwetu ze strony Rosji.<\/p>\n<blockquote class=\"ods-o-quota\">\n<p class=\"ods-o-quota__paragraph\">Pomys\u0142 UE polega na wykorzystaniu tych aktyw\u00f3w do udzielenia Ukrainie po\u017cyczki, kt\u00f3ra musia\u0142aby zosta\u0107 sp\u0142acona tylko wtedy, gdyby Rosja zgodzi\u0142a si\u0119 zap\u0142aci\u0107 Kijowowi reparacje wojenne po podpisaniu porozumienia pokojowego.<\/p>\n<\/blockquote>\n<p class=\"ods-c-paragraph \">Belgia jednak waha si\u0119 przed zatwierdzeniem tego planu, poniewa\u017c obawia si\u0119, \u017ce zostanie poci\u0105gni\u0119ta do odpowiedzialno\u015bci finansowej, je\u015bli Rosja spr\u00f3buje odzyska\u0107 te \u015brodki. W\u0142a\u015bnie dlatego Belgowie nie zgadzaj\u0105 si\u0119 z pozosta\u0142ymi cz\u0142onkami UE, kt\u00f3rzy naciskaj\u0105 na szybsze dzia\u0142ania na rzecz wsparcia Ukrainy.<\/p>\n<p>To brzmi jak &#8222;klasyczny Trump&#8221;<\/p>\n<p class=\"ods-c-paragraph \">Dyplomaci i urz\u0119dnicy UE obawiaj\u0105 si\u0119, \u017ce nowa propozycja Trumpa jeszcze bardziej utrudni przekonanie Belgii do przy\u0142\u0105czenia si\u0119 do planu. Jeden z urz\u0119dnik\u00f3w rz\u0105du UE twierdzi, \u017ce plan USA stanowi argument przeciwko kontynuowaniu dyskusji na temat po\u017cyczki reparacyjnej. UE b\u0119dzie bowiem pod presj\u0105 Trumpa, aby odmrozi\u0107 aktywa w ramach powojennego porozumienia, pozostawiaj\u0105c europejskim podatnikom obowi\u0105zek sp\u0142aty Rosji.<\/p>\n<p class=\"ods-c-paragraph \">Dyplomata dodaje, \u017ce pomys\u0142 Ameryki, aby czerpa\u0107 zyski z aktyw\u00f3w przechowywanych w Europie, brzmi jak &#8222;klasyczny Trump&#8221;.<\/p>\n<p class=\"ods-c-paragraph \">Szczeg\u00f3\u0142y ameryka\u0144skiego planu s\u0105 dalekie od jasno\u015bci. Jednak <a href=\"https:\/\/wiadomosci.onet.pl\/swiat\/28-punktowy-plan-pokojowy-dla-ukrainy-jeden-z-zapisow-dotyczy-polski\/lys4hb6\" id=\"fc7347a2-a212-4abf-ab26-552a9f3af622\" rel=\"nofollow noopener\" target=\"_blank\">pe\u0142ny tekst z\u0142o\u017cony z 28 punkt\u00f3w<\/a> jasno pokazuje, \u017ce Bia\u0142y Dom ma plany dotycz\u0105ce zamro\u017conych funduszy, z kt\u00f3rych 100 mld dol. [368 mld z\u0142, po obecnym kursie] ma zosta\u0107 &#8222;zainwestowanych w kierowane przez Stany Zjednoczone dzia\u0142ania na rzecz odbudowy Ukrainy i inwestycji&#8221;. W dokumencie czytamy, \u017ce &#8222;Stany Zjednoczone otrzymaj\u0105 50 proc. zysk\u00f3w z tej dzia\u0142alno\u015bci. Europa doda kolejne 100 mld dolar\u00f3w [368 mld z\u0142], aby zwi\u0119kszy\u0107 ca\u0142kowit\u0105 kwot\u0119 inwestycji dost\u0119pnych na odbudow\u0119 Ukrainy. Zamro\u017cone rosyjskie fundusze przechowywane w Europie zostan\u0105 odblokowane&#8221;.<\/p>\n<p class=\"ods-c-paragraph \">Pozosta\u0142a cz\u0119\u015b\u0107 zamro\u017conych rosyjskich aktyw\u00f3w zostanie zainwestowana w &#8222;oddzielny instrument inwestycyjny USA-Rosja, kt\u00f3ry zostanie wykorzystany do wsp\u00f3lnych ameryka\u0144sko-rosyjskich projekt\u00f3w inwestycyjnych w sektorach wzmacniaj\u0105cych globaln\u0105 stabilno\u015b\u0107 i wzajemne interesy gospodarcze&#8221;.<\/p>\n<p class=\"ods-c-paragraph \"><a href=\"https:\/\/www.onet.pl\/informacje\/onetwiadomosci\/witold-jurasz-skandaliczny-plan-pokojowy-usa-i-rosji-amerykanie-zgodzili-sie-na\/k71rbzw,79cfc278\" id=\"7ea910fc-c7ec-40a7-a764-413d006debab\" rel=\"nofollow noopener\" target=\"_blank\">28-punktowy plan wywo\u0142a\u0142 w tym tygodniu powszechne zaniepokojenie<\/a> w stolicach europejskich, \u017ce Trump przygotowuje si\u0119 do zmuszenia Ukrainy do zaakceptowania nier\u00f3wnego porozumienia pokojowego, kt\u00f3re by\u0142oby korzystne dla W\u0142adimira Putina.<\/p>\n<p class=\"ods-c-paragraph \">Prezydent Ukrainy Wo\u0142odymyr Ze\u0142enski ostrzega, \u017ce nowy plan Trumpa stawia jego kraj przed jednym z najtrudniejszych moment\u00f3w w historii: potencjalnym wyborem mi\u0119dzy utrat\u0105 &#8222;godno\u015bci&#8221; a utrat\u0105 &#8222;kluczowego partnera&#8221;.<\/p>\n<p class=\"ods-c-paragraph \">W pi\u0105tek <a href=\"https:\/\/wiadomosci.onet.pl\/swiat\/europejscy-liderzy-po-pilnej-rozmowie-z-wolodymyrem-zelenskim-jest-pierwszy-komunikat\/ft1zz3x\" id=\"03cda7ea-a0c9-42e9-8752-3291bfe7088d\" rel=\"nofollow noopener\" target=\"_blank\">Ze\u0142enski przeprowadzi\u0142 rozmowy telefoniczne z przyw\u00f3dcami Niemiec, Francji i Wielkiej Brytanii<\/a>, aby skoordynowa\u0107 kolejne dzia\u0142ania.<\/p>\n<p class=\"ods-c-paragraph \">Zgodnie z o\u015bwiadczeniem wydanym po rozmowie Europejczycy zapewnili Ze\u0142enskiego, \u017ce pozostaj\u0105 zaanga\u017cowani w &#8222;sprawiedliwy&#8221; pok\u00f3j. &#8222;Zgodzili si\u0119, \u017ce ka\u017cde porozumienie maj\u0105ce wp\u0142yw na pa\u0144stwa europejskie, Uni\u0119 Europejsk\u0105 lub NATO wymaga zgody partner\u00f3w europejskich lub konsensusu w\u015br\u00f3d sojusznik\u00f3w&#8221; \u2014 czytamy w o\u015bwiadczeniu.<\/p>\n","protected":false},"excerpt":{"rendered":"Rozmowy w Brukseli wisz\u0105 na w\u0142osku. Sprawa jest niezwykle delikatna i wywo\u0142uje skrajne emocje, przekonuj\u0105 anonimowo dyplomaci, z&hellip;\n","protected":false},"author":2,"featured_media":113022,"comment_status":"","ping_status":"","sticky":false,"template":"","format":"standard","meta":{"footnotes":""},"categories":[14],"tags":[56,32,33,2761,44,27,76,34,35,28,31,48,25,46,13037,40,1314,41,87,47,80,29,30,415,86,71,26,408,309,82,83,84],"class_list":{"0":"post-113021","1":"post","2":"type-post","3":"status-publish","4":"format-standard","5":"has-post-thumbnail","7":"category-swiat","8":"tag-article_premium","9":"tag-breaking-news","10":"tag-breakingnews","11":"tag-bruksela","12":"tag-donald_trump","13":"tag-headlines","14":"tag-inwazja_rosji_na_ukraine","15":"tag-latest-news","16":"tag-latestnews","17":"tag-naglowki","18":"tag-najwazniejsze-artykuly","19":"tag-nat_styl","20":"tag-news","21":"tag-omp","22":"tag-plan_pokojowy","23":"tag-polish","24":"tag-politico","25":"tag-polski","26":"tag-rosja","27":"tag-screening_general","28":"tag-swiat","29":"tag-top-stories","30":"tag-topstories","31":"tag-ukraina","32":"tag-unia_europejska","33":"tag-usa","34":"tag-wiadomosci","35":"tag-wladimir_putin","36":"tag-wolodymyr_zelenski","37":"tag-world","38":"tag-world-news","39":"tag-worldnews"},"share_on_mastodon":{"url":"https:\/\/pubeurope.com\/@pl\/115592665965777253","error":""},"_links":{"self":[{"href":"https:\/\/www.europesays.com\/pl\/wp-json\/wp\/v2\/posts\/113021","targetHints":{"allow":["GET"]}}],"collection":[{"href":"https:\/\/www.europesays.com\/pl\/wp-json\/wp\/v2\/posts"}],"about":[{"href":"https:\/\/www.europesays.com\/pl\/wp-json\/wp\/v2\/types\/post"}],"author":[{"embeddable":true,"href":"https:\/\/www.europesays.com\/pl\/wp-json\/wp\/v2\/users\/2"}],"replies":[{"embeddable":true,"href":"https:\/\/www.europesays.com\/pl\/wp-json\/wp\/v2\/comments?post=113021"}],"version-history":[{"count":0,"href":"https:\/\/www.europesays.com\/pl\/wp-json\/wp\/v2\/posts\/113021\/revisions"}],"wp:featuredmedia":[{"embeddable":true,"href":"https:\/\/www.europesays.com\/pl\/wp-json\/wp\/v2\/media\/113022"}],"wp:attachment":[{"href":"https:\/\/www.europesays.com\/pl\/wp-json\/wp\/v2\/media?parent=113021"}],"wp:term":[{"taxonomy":"category","embeddable":true,"href":"https:\/\/www.europesays.com\/pl\/wp-json\/wp\/v2\/categories?post=113021"},{"taxonomy":"post_tag","embeddable":true,"href":"https:\/\/www.europesays.com\/pl\/wp-json\/wp\/v2\/tags?post=113021"}],"curies":[{"name":"wp","href":"https:\/\/api.w.org\/{rel}","templated":true}]}}