{"id":113023,"date":"2025-11-22T09:34:25","date_gmt":"2025-11-22T09:34:25","guid":{"rendered":"https:\/\/www.europesays.com\/pl\/113023\/"},"modified":"2025-11-22T09:34:25","modified_gmt":"2025-11-22T09:34:25","slug":"operacja-horyzont-w-toku-wojsko-szykuje-aplikacje-dla-obywateli-2","status":"publish","type":"post","link":"https:\/\/www.europesays.com\/pl\/113023\/","title":{"rendered":"Operacja &#8222;Horyzont&#8221; w toku. Wojsko szykuje aplikacj\u0119 dla obywateli"},"content":{"rendered":"<p class=\"ods-c-paragraph \">O p\u00f3\u0142nocy <a href=\"https:\/\/wiadomosci.onet.pl\/kraj\/rusza-operacja-horyzont-zolnierze-i-drony-na-kolei\/f0ffy3w\" id=\"51b1f437-300d-4d7a-a83d-7307a6e92898\" rel=\"nofollow noopener\" target=\"_blank\">ruszy\u0142a wojskowa operacja &#8222;Horyzont&#8221;<\/a>, kt\u00f3ra ma zwi\u0119kszy\u0107 bezpiecze\u0144stwo linii kolejowych i w\u0119z\u0142\u00f3w komunikacyjnych oraz odstraszy\u0107 ewentualnych terroryst\u00f3w. To efekt <a href=\"https:\/\/wiadomosci.onet.pl\/kraj\/jacek-dobrzynski-dochodzi-do-pierwszych-zatrzyman-w-sprawie-dywersji\/2z1330j\" id=\"13333f03-9e9b-45b0-a5b4-ba24514fe126\" rel=\"nofollow noopener\" target=\"_blank\">ostatnich akt\u00f3w dywersji, do kt\u00f3rych dosz\u0142o na liniach kolejowych<\/a> w miejscowo\u015bci Mika na Mazowszu i niedaleko stacji kolejowej Go\u0142\u0105b na Lubelszczy\u017anie.<\/p>\n<p>Dalszy ci\u0105g artyku\u0142u pod materia\u0142em wideo<\/p>\n<p> Kiedy rozpocznie si\u0119 testowa wersja aplikacji? <\/p>\n<p> Jakie s\u0105 cele operacji 'Horyzont&#8217;? <\/p>\n<p> Kto zarz\u0105dza operacj\u0105 'Horyzont&#8217;? <\/p>\n<p> Jakie funkcje b\u0119dzie mia\u0142a nowa aplikacja? <\/p>\n<p>  Operacja &#8222;Horyzont&#8221; w toku. \u017bo\u0142nierze wspomog\u0105 ochron\u0119 kolei<\/p>\n<p class=\"ods-c-paragraph \">Celem operacji jest przede wszystkim wsparcie s\u0142u\u017cb odpowiedzialnych na co dzie\u0144 za bezpiecze\u0144stwo infrastruktury krytycznej przez Wojsko Polskie. &#8222;Oczekiwanymi efektami operacji \u00bbHoryzont\u00ab b\u0119dzie wzmocnienie zdolno\u015bci s\u0142u\u017cb podleg\u0142ych MSWiA, ograniczenie liczby akt\u00f3w dywersji i sabota\u017cu wymierzonych w infrastruktur\u0119 krytyczn\u0105, ze szczeg\u00f3lnym uwzgl\u0119dnieniem szlak\u00f3w komunikacyjnych, a tak\u017ce wyposa\u017cenie spo\u0142ecze\u0144stwa w narz\u0119dzia do raportowania potencjalnych zagro\u017ce\u0144&#8221; \u2014 czytamy w komunikacie Wojsk Obrony Terytorialnej.<\/p>\n<p class=\"ods-c-paragraph \">Operacj\u0105 zarz\u0105dza\u0107 b\u0119dzie Dow\u00f3dztwo Operacyjne Rodzaj\u00f3w Si\u0142 Zbrojnych (DORSZ), kt\u00f3re do dyspozycji b\u0119dzie mia\u0142o maksymalnie 10 tys. \u017co\u0142nierzy z r\u00f3\u017cnych rodzaj\u00f3w wojsk \u2014 w tym Wojsk Obrony Terytorialnej, Wojsk Specjalnych, Wojsk Obrony Cyberprzestrzeni, a tak\u017ce wojsk in\u017cynieryjnych czy dronowych. W zale\u017cno\u015bci od sytuacji to Dow\u00f3dztwo Operacyjne b\u0119dzie decydowa\u0107, gdzie i jakie si\u0142y rozmie\u015bci\u0107.<\/p>\n<p class=\"ods-c-paragraph \">Jak w rozmowie z PAP przekaza\u0142 gen. Krzysztof Kr\u00f3l ze Sztabu Generalnego Wojska Polskiego, wojsko b\u0119dzie si\u0119 skupia\u0107 na zaznaczeniu swojej obecno\u015bci w kluczowych miejscach \u2014 np. na najwa\u017cniejszych w\u0119z\u0142ach komunikacyjnych, kt\u00f3rych monitorowanie b\u0119dzie priorytetem.<\/p>\n<p class=\"ods-c-paragraph \">\u2014 Musimy by\u0107 po prostu widoczni. Ta widoczno\u015b\u0107 jest tak\u017ce bardzo elementem ca\u0142ej tej operacji, poniewa\u017c jej celem jest przede wszystkim zapobieganie i odstraszanie ewentualnych terroryst\u00f3w finansowanych i motywowanych przez naszych adwersarzy ze wschodu, \u017ceby nie dopuszcza\u0107 do jakichkolwiek atak\u00f3w na nasz\u0105 infrastruktur\u0119 \u2014 powiedzia\u0142 gen. Kr\u00f3l.<\/p>\n<p>   Wojsko udost\u0119pni specjaln\u0105 aplikacj\u0119. Ma pom\u00f3c zg\u0142asza\u0107 akty dywersji<\/p>\n<p class=\"ods-c-paragraph \">Jednym z element\u00f3w operacji &#8222;Horyzont&#8221; ma by\u0107 udost\u0119pnienie obywatelom specjalnej aplikacji, umo\u017cliwiaj\u0105cej zg\u0142aszanie r\u00f3\u017cnych podejrzanych sytuacji. Uruchomienie dla w\u0105skiej grupy u\u017cytkownik\u00f3w jej wersji testowej planowane jest na prze\u0142omie listopada i grudnia. W po\u0142owie grudnia ma zosta\u0107 udost\u0119pniona wersja ko\u0144cowa aplikacji.<\/p>\n<p class=\"ods-c-paragraph \">Aplikacja ma pom\u00f3c w rozwi\u0105zaniu takich problem\u00f3w ze zg\u0142aszaniem incydent\u00f3w, jak m.in. wskazanie dok\u0142adnego miejsca zaj\u015bcia. Za jej pomoc\u0105 b\u0119dzie mo\u017cna przes\u0142a\u0107 nie tylko zdj\u0119cie, ale i dane geolokacyjne.<\/p>\n<p class=\"ods-c-paragraph \">\u2014 Bardzo si\u0119 ciesz\u0119, \u017ce w operacji Horyzont, w operacji wsparcia przeciwko aktom dywersji b\u0119dziemy mogli wykorzysta\u0107 dzia\u0142ania cyberwojska, po to, \u017ceby szybko i skutecznie raportowa\u0107 i pokazywa\u0107 \u2014 m\u00f3wi\u0142 w \u015brod\u0119 na konferencji prasowej wicepremier W\u0142adys\u0142aw Kosiniak-Kamysz. \u2014 To jest te\u017c budowa silnego spo\u0142ecze\u0144stwa, kt\u00f3re widzi zagro\u017cenie, informuje \u2014 doda\u0142.<\/p>\n<p class=\"ods-c-paragraph \">Aplikacja nie b\u0119dzie cz\u0119\u015bci\u0105 rz\u0105dowej aplikacji mObywatel, kt\u00f3ra s\u0142u\u017cy do innych cel\u00f3w.<\/p>\n<p class=\"ods-c-paragraph \">Aplikacja jeszcze nie wesz\u0142a do u\u017cytku, ale szczeg\u00f3ln\u0105 czujno\u015b\u0107 nale\u017cy zachowywa\u0107 ju\u017c teraz. Eksperci podkre\u015blaj\u0105, \u017ce czujno\u015b\u0107 spo\u0142ecze\u0144stwa jest kluczowa w zapobieganiu mo\u017cliwym aktom dywersji. Na co warto zwraca\u0107 uwag\u0119 i jak najlepiej zg\u0142asza\u0107 swoje podejrzenia?<\/p>\n<p class=\"ods-c-paragraph \">Dok\u0142adne wskaz\u00f3wki na ten temat zawarto <a href=\"https:\/\/wiadomosci.onet.pl\/kraj\/eksperci-ostrzegaja-przed-dywersjami-jak-rozpoznac-zagrozenie-i-co-robic\/tvd6lwb?utm_source=livebar&amp;utm_campaign=newsy_sg\" id=\"2b9752f6-9ef7-419b-98d0-271b8676633d\" rel=\"nofollow noopener\" target=\"_blank\">w opublikowanym w sierpniu 2025 r. rz\u0105dowym &#8222;Poradniku bezpiecze\u0144stwa&#8221;<\/a>.<\/p>\n<p> Galeria zdj\u0119\u0107    Wojsko rozpocz\u0119\u0142o operacj\u0119 &#8222;Horyzont&#8221;    <img src=\"https:\/\/www.europesays.com\/pl\/wp-content\/uploads\/2025\/11\/j_ik9lBaHR0cHM6Ly9vY2RuLmV1L3B1bHNjbXMvTURBXy9lODc1NWI4NDczZDQ0YjFiODZiYTMyNTQ0MjA0NzBkMy5qcGeRlQLNB.jpeg\" height=\"627\" width=\"940\" alt=\"Wojsko rozpocz\u0119\u0142o operacj\u0119 &quot;Horyzont&quot;\" loading=\"lazy\" decoding=\"async\" class=\"ods-c-image__img ods-c-image__img--placeholder\"\/>     1\/9   <\/p>\n<p>DWOT<\/p>\n<p>        Wojsko rozpocz\u0119\u0142o operacj\u0119 &#8222;Horyzont&#8221;    <img src=\"https:\/\/www.europesays.com\/pl\/wp-content\/uploads\/2025\/11\/MWUk9lBaHR0cHM6Ly9vY2RuLmV1L3B1bHNjbXMvTURBXy9hNGM3NWU5M2VhZTJiMzEyMjUyMDgzZTJiNWY2YjVlMi5qcGeRlQLNB.jpeg\" height=\"627\" width=\"940\" alt=\"Wojsko rozpocz\u0119\u0142o operacj\u0119 &quot;Horyzont&quot;\" loading=\"lazy\" decoding=\"async\" class=\"ods-c-image__img ods-c-image__img--placeholder\"\/>     2\/9   <\/p>\n<p>DWOT<\/p>\n<p>           Wojsko rozpocz\u0119\u0142o operacj\u0119 &#8222;Horyzont&#8221;    <img src=\"https:\/\/www.europesays.com\/pl\/wp-content\/uploads\/2025\/11\/HCPk9lBaHR0cHM6Ly9vY2RuLmV1L3B1bHNjbXMvTURBXy82OWEwN2YxMTFkOWI2MmEyODQ0MmRkZTNmNzA3MDk4Ny5qcGeRlQLNB.jpeg\" height=\"627\" width=\"940\" alt=\"Wojsko rozpocz\u0119\u0142o operacj\u0119 &quot;Horyzont&quot;\" loading=\"lazy\" decoding=\"async\" class=\"ods-c-image__img ods-c-image__img--placeholder\"\/>     3\/9   <\/p>\n<p>DWOT<\/p>\n<p>        Wojsko rozpocz\u0119\u0142o operacj\u0119 &#8222;Horyzont&#8221;    <img src=\"https:\/\/www.europesays.com\/pl\/wp-content\/uploads\/2025\/11\/rqRk9lBaHR0cHM6Ly9vY2RuLmV1L3B1bHNjbXMvTURBXy82MjFjZWYxNjhlMTg2NzU5OTMwOTFlNjI3Y2IxZmNkNy5qcGeRlQLNB.jpeg\" height=\"627\" width=\"940\" alt=\"Wojsko rozpocz\u0119\u0142o operacj\u0119 &quot;Horyzont&quot;\" loading=\"lazy\" decoding=\"async\" class=\"ods-c-image__img ods-c-image__img--placeholder\"\/>     4\/9   <\/p>\n<p>DWOT<\/p>\n<p>           Wojsko rozpocz\u0119\u0142o operacj\u0119 &#8222;Horyzont&#8221;    <img src=\"https:\/\/www.europesays.com\/pl\/wp-content\/uploads\/2025\/11\/40qk9lBaHR0cHM6Ly9vY2RuLmV1L3B1bHNjbXMvTURBXy9kM2M4ZDJjMTFlM2IzYzIwNDM3MzMxZjg4MGI4ZTM3YS5qcGeRlQLNB.jpeg\" height=\"627\" width=\"940\" alt=\"Wojsko rozpocz\u0119\u0142o operacj\u0119 &quot;Horyzont&quot;\" loading=\"lazy\" decoding=\"async\" class=\"ods-c-image__img ods-c-image__img--placeholder\"\/>     5\/9   <\/p>\n<p>DWOT<\/p>\n<p>        Wojsko rozpocz\u0119\u0142o operacj\u0119 &#8222;Horyzont&#8221;    <img src=\"https:\/\/www.europesays.com\/pl\/wp-content\/uploads\/2025\/11\/-vlk9lBaHR0cHM6Ly9vY2RuLmV1L3B1bHNjbXMvTURBXy9kZjgyZGE3ZWRhZGY2ZWM3MjZlZjBmOGQ1OGI4MWM3Ni5qcGeRlQLNB.jpeg\" height=\"627\" width=\"940\" alt=\"Wojsko rozpocz\u0119\u0142o operacj\u0119 &quot;Horyzont&quot;\" loading=\"lazy\" decoding=\"async\" class=\"ods-c-image__img ods-c-image__img--placeholder\"\/>     6\/9   <\/p>\n<p>DWOT<\/p>\n<p>           Wojsko rozpocz\u0119\u0142o operacj\u0119 &#8222;Horyzont&#8221;    <img src=\"https:\/\/www.europesays.com\/pl\/wp-content\/uploads\/2025\/11\/W40k9lBaHR0cHM6Ly9vY2RuLmV1L3B1bHNjbXMvTURBXy82MDQyMTZhMGYxZGY5MmEzYjc2MmMxYjIxMzk0N2E5My5qcGeRlQLNB.jpeg\" height=\"627\" width=\"940\" alt=\"Wojsko rozpocz\u0119\u0142o operacj\u0119 &quot;Horyzont&quot;\" loading=\"lazy\" decoding=\"async\" class=\"ods-c-image__img ods-c-image__img--placeholder\"\/>     7\/9   <\/p>\n<p>DWOT<\/p>\n<p>        Wojsko rozpocz\u0119\u0142o operacj\u0119 &#8222;Horyzont&#8221;    <img src=\"https:\/\/www.europesays.com\/pl\/wp-content\/uploads\/2025\/11\/Eldk9lBaHR0cHM6Ly9vY2RuLmV1L3B1bHNjbXMvTURBXy84MTljMjhlNzRkMjdmMWY3ODI4MTc4N2VlYTI1YzExYS5qcGeRlQLNB.jpeg\" height=\"627\" width=\"940\" alt=\"Wojsko rozpocz\u0119\u0142o operacj\u0119 &quot;Horyzont&quot;\" loading=\"lazy\" decoding=\"async\" class=\"ods-c-image__img ods-c-image__img--placeholder\"\/>     8\/9   <\/p>\n<p>DWOT<\/p>\n<p>           Wojsko rozpocz\u0119\u0142o operacj\u0119 &#8222;Horyzont&#8221;    <img src=\"https:\/\/www.europesays.com\/pl\/wp-content\/uploads\/2025\/11\/eQ3k9lBaHR0cHM6Ly9vY2RuLmV1L3B1bHNjbXMvTURBXy82NmVmZTE5NDhiZGUwYzJmNGVhZTA0NmQyYjI0ZjIxMC5qcGeRlQLNB.jpeg\" height=\"627\" width=\"940\" alt=\"Wojsko rozpocz\u0119\u0142o operacj\u0119 &quot;Horyzont&quot;\" loading=\"lazy\" decoding=\"async\" class=\"ods-c-image__img ods-c-image__img--placeholder\"\/>     9\/9   <\/p>\n<p>DWOT<\/p>\n","protected":false},"excerpt":{"rendered":"O p\u00f3\u0142nocy ruszy\u0142a wojskowa operacja &#8222;Horyzont&#8221;, kt\u00f3ra ma zwi\u0119kszy\u0107 bezpiecze\u0144stwo linii kolejowych i w\u0119z\u0142\u00f3w komunikacyjnych oraz odstraszy\u0107 ewentualnych&hellip;\n","protected":false},"author":2,"featured_media":113024,"comment_status":"","ping_status":"","sticky":false,"template":"","format":"standard","meta":{"footnotes":""},"categories":[12],"tags":[32,33,4096,36,37,27,363,49,34,35,28,31,48,25,46,42,38,40,39,41,47,29,30,26,161],"class_list":{"0":"post-113023","1":"post","2":"type-post","3":"status-publish","4":"format-standard","5":"has-post-thumbnail","7":"category-polska","8":"tag-breaking-news","9":"tag-breakingnews","10":"tag-dywersja","11":"tag-featured-news","12":"tag-featurednews","13":"tag-headlines","14":"tag-kolej_pociagi_transport_kolejowy","15":"tag-kraj","16":"tag-latest-news","17":"tag-latestnews","18":"tag-naglowki","19":"tag-najwazniejsze-artykuly","20":"tag-nat_styl","21":"tag-news","22":"tag-omp","23":"tag-pl","24":"tag-poland","25":"tag-polish","26":"tag-polska","27":"tag-polski","28":"tag-screening_general","29":"tag-top-stories","30":"tag-topstories","31":"tag-wiadomosci","32":"tag-wojsko"},"share_on_mastodon":{"url":"https:\/\/pubeurope.com\/@pl\/115592670047406694","error":""},"_links":{"self":[{"href":"https:\/\/www.europesays.com\/pl\/wp-json\/wp\/v2\/posts\/113023","targetHints":{"allow":["GET"]}}],"collection":[{"href":"https:\/\/www.europesays.com\/pl\/wp-json\/wp\/v2\/posts"}],"about":[{"href":"https:\/\/www.europesays.com\/pl\/wp-json\/wp\/v2\/types\/post"}],"author":[{"embeddable":true,"href":"https:\/\/www.europesays.com\/pl\/wp-json\/wp\/v2\/users\/2"}],"replies":[{"embeddable":true,"href":"https:\/\/www.europesays.com\/pl\/wp-json\/wp\/v2\/comments?post=113023"}],"version-history":[{"count":0,"href":"https:\/\/www.europesays.com\/pl\/wp-json\/wp\/v2\/posts\/113023\/revisions"}],"wp:featuredmedia":[{"embeddable":true,"href":"https:\/\/www.europesays.com\/pl\/wp-json\/wp\/v2\/media\/113024"}],"wp:attachment":[{"href":"https:\/\/www.europesays.com\/pl\/wp-json\/wp\/v2\/media?parent=113023"}],"wp:term":[{"taxonomy":"category","embeddable":true,"href":"https:\/\/www.europesays.com\/pl\/wp-json\/wp\/v2\/categories?post=113023"},{"taxonomy":"post_tag","embeddable":true,"href":"https:\/\/www.europesays.com\/pl\/wp-json\/wp\/v2\/tags?post=113023"}],"curies":[{"name":"wp","href":"https:\/\/api.w.org\/{rel}","templated":true}]}}