{"id":113056,"date":"2025-11-22T09:55:08","date_gmt":"2025-11-22T09:55:08","guid":{"rendered":"https:\/\/www.europesays.com\/pl\/113056\/"},"modified":"2025-11-22T09:55:08","modified_gmt":"2025-11-22T09:55:08","slug":"awaryjne-ladowanie-na-okeciu-zadymienie-na-pokladzie","status":"publish","type":"post","link":"https:\/\/www.europesays.com\/pl\/113056\/","title":{"rendered":"Awaryjne l\u0105dowanie na Ok\u0119ciu. Zadymienie na pok\u0142adzie"},"content":{"rendered":"<p>Pasa\u017cerski rejs z\u00a0Warszawy do Stambu\u0142u zosta\u0142 przerwany po tym, jak za\u0142oga wykry\u0142a zadymienia na pok\u0142adzie. Jak przekaza\u0142o RMF24, kapitan zdecydowa\u0142 o\u00a0zawr\u00f3ceniu maszyny na sto\u0142eczne lotnisko.<\/p>\n<p>Jak informuje serwis miejskireporter.pl  na terenie portu uruchomiono procedur\u0119 alarmow\u0105 &#8211;\u00a0wezwano dodatkowe si\u0142y z\u00a0miasta: zast\u0119py stra\u017cy po\u017carnej oraz zespo\u0142y ratownictwa medycznego.<\/p>\n<p>Okaza\u0142o si\u0119 jednak, \u017ce gdy s\u0142u\u017cby przyby\u0142y na lotnisko, alarm zosta\u0142 odwo\u0142any. Za\u0142oga samolotu przekaza\u0142a, \u017ce sytuacja na pok\u0142adzie zosta\u0142a opanowana<\/p>\n<p>Wed\u0142ug informacji reportera RMF FM powodem alarmu by\u0142a rozszczelniona bateria w\u00a0prywatnym urz\u0105dzeniu elektronicznym jednego z\u00a0pasa\u017cer\u00f3w. To zdarzenie spowodowa\u0142o zadymienie w\u00a0kabinie i\u00a0wymusi\u0142o przerwanie rejsu. <\/p>\n<p>Maszyna bezpiecznie wyl\u0105dowa\u0142a na p\u0142ycie lotniska na Ok\u0119ciu. Nikomu nic si\u0119 nie sta\u0142o.<\/p>\n<p>Zgodnie z\u00a0procedurami przewo\u017anik podstawi\u0142 drugi samolot, kt\u00f3rym pasa\u017cerowie b\u0119d\u0105 kontynuowa\u0107 podr\u00f3\u017c do Stambu\u0142u.<\/p>\n<p>\u0179r\u00f3d\u0142o: rmf24.pl, miejskireporter.pl<\/p>\n","protected":false},"excerpt":{"rendered":"Pasa\u017cerski rejs z\u00a0Warszawy do Stambu\u0142u zosta\u0142 przerwany po tym, jak za\u0142oga wykry\u0142a zadymienia na pok\u0142adzie. Jak przekaza\u0142o RMF24,&hellip;\n","protected":false},"author":2,"featured_media":113057,"comment_status":"","ping_status":"","sticky":false,"template":"","format":"standard","meta":{"footnotes":""},"categories":[12],"tags":[32,33,36,37,27,34,35,28,31,25,42,38,40,39,41,29,30,26],"class_list":{"0":"post-113056","1":"post","2":"type-post","3":"status-publish","4":"format-standard","5":"has-post-thumbnail","7":"category-polska","8":"tag-breaking-news","9":"tag-breakingnews","10":"tag-featured-news","11":"tag-featurednews","12":"tag-headlines","13":"tag-latest-news","14":"tag-latestnews","15":"tag-naglowki","16":"tag-najwazniejsze-artykuly","17":"tag-news","18":"tag-pl","19":"tag-poland","20":"tag-polish","21":"tag-polska","22":"tag-polski","23":"tag-top-stories","24":"tag-topstories","25":"tag-wiadomosci"},"share_on_mastodon":{"url":"https:\/\/pubeurope.com\/@pl\/115592752357306162","error":""},"_links":{"self":[{"href":"https:\/\/www.europesays.com\/pl\/wp-json\/wp\/v2\/posts\/113056","targetHints":{"allow":["GET"]}}],"collection":[{"href":"https:\/\/www.europesays.com\/pl\/wp-json\/wp\/v2\/posts"}],"about":[{"href":"https:\/\/www.europesays.com\/pl\/wp-json\/wp\/v2\/types\/post"}],"author":[{"embeddable":true,"href":"https:\/\/www.europesays.com\/pl\/wp-json\/wp\/v2\/users\/2"}],"replies":[{"embeddable":true,"href":"https:\/\/www.europesays.com\/pl\/wp-json\/wp\/v2\/comments?post=113056"}],"version-history":[{"count":0,"href":"https:\/\/www.europesays.com\/pl\/wp-json\/wp\/v2\/posts\/113056\/revisions"}],"wp:featuredmedia":[{"embeddable":true,"href":"https:\/\/www.europesays.com\/pl\/wp-json\/wp\/v2\/media\/113057"}],"wp:attachment":[{"href":"https:\/\/www.europesays.com\/pl\/wp-json\/wp\/v2\/media?parent=113056"}],"wp:term":[{"taxonomy":"category","embeddable":true,"href":"https:\/\/www.europesays.com\/pl\/wp-json\/wp\/v2\/categories?post=113056"},{"taxonomy":"post_tag","embeddable":true,"href":"https:\/\/www.europesays.com\/pl\/wp-json\/wp\/v2\/tags?post=113056"}],"curies":[{"name":"wp","href":"https:\/\/api.w.org\/{rel}","templated":true}]}}