{"id":113058,"date":"2025-11-22T09:56:13","date_gmt":"2025-11-22T09:56:13","guid":{"rendered":"https:\/\/www.europesays.com\/pl\/113058\/"},"modified":"2025-11-22T09:56:13","modified_gmt":"2025-11-22T09:56:13","slug":"podkarpacie-malopolska-atak-zimy-dziesiatki-tysiecy-osob-bez-pradu","status":"publish","type":"post","link":"https:\/\/www.europesays.com\/pl\/113058\/","title":{"rendered":"Podkarpacie, Ma\u0142opolska. Atak zimy. Dziesi\u0105tki tysi\u0119cy os\u00f3b bez pr\u0105du"},"content":{"rendered":"<p>Agnieszka Prasek, synoptyczka i rzeczniczka IMGW, poinformowa\u0142a, \u017ce obecnie strefa intensywnych opad\u00f3w \u015bniegu obejmuje Ma\u0142opolsk\u0119 i Podkarpacie. &#8211; W niedziel\u0119 \u015bnieg przesunie si\u0119 do centrum i na wsch\u00f3d kraju. Na zachodzie nadal pogodnie, cho\u0107 z g\u0119stymi zamgleniami i mg\u0142ami osadzaj\u0105cymi szad\u017a &#8211; przekaza\u0142a na antenie Polsat News.<\/p>\n<p>\u00a0<\/p>\n<p>ZOBACZ: <a href=\"https:\/\/www.polsatnews.pl\/wiadomosc\/2025-11-20\/na-polske-spadna-masy-sniegu-zrobi-sie-niebezpiecznie-w-kilku-regionach\/\" target=\"_blank\" rel=\"noopener noreferrer nofollow\">Na Polsk\u0119 spadn\u0105 masy \u015bniegu. Zrobi si\u0119 niebezpiecznie w kilku regionach<\/a><\/p>\n<p>\u00a0<\/p>\n<p>Na po\u0142udniu kraju obowi\u0105zuje drugi stopie\u0144 ostrze\u017ce\u0144, m.in. w powiatach nowos\u0105deckim, gorlickim i kro\u015bnie\u0144skim. &#8211; Prognozowana pokrywa \u015bnie\u017cna mo\u017ce si\u0119ga\u0107 nawet 50 cm, a w strefie pierwszego stopnia lokalnie do 35 cm &#8211; dodaje rzecznik IMGW.<\/p>\n<p>&#13;<br \/>\n<img loading=\"lazy\" decoding=\"async\" title=\"Pokrywa \u015bnie\u017cna w Kro\u015bnie\" src=\"https:\/\/www.europesays.com\/pl\/wp-content\/uploads\/2025\/11\/a96y6bmsd24w2z94jgz2hgvc7wd63byw.jpg\" alt=\"Synoptyczka IMGW Agnieszka Prasek o prognozach pogody\" width=\"1200\" height=\"675\"\/>Polsat News&#13;<\/p>\n<p>Wysoko\u015b\u0107 pokrywy \u015bnie\u017cnej w Kro\u015bnie<\/p>\n<p>&#13;<\/p>\n<p>\u00a0Noc z soboty na niedziel\u0119 przyniesie wyra\u017ane och\u0142odzenie. Temperatury spadn\u0105 do -8 st. C, a w g\u00f3rach nawet do -10 st. C. Synoptycy przewiduj\u0105 oblodzenia, intensywne mg\u0142y i marzn\u0105ce opady. &#8211; Najbli\u017cszy tydzie\u0144 b\u0119dzie pogodow\u0105 przeplatank\u0105 &#8211; od \u015bniegu, przez deszcz ze \u015bniegiem, po deszcz marzn\u0105cy &#8211; zapowiada Prasek.<\/p>\n<p>Podkarpacie. Atak zimy, 80 tysi\u0119cy odbiorc\u00f3w bez pr\u0105du<\/p>\n<p>Najtrudniejsza sytuacja panuje na Podkarpaciu. Jak poinformowa\u0142 dy\u017curny Wojew\u00f3dzkiego Centrum Zarz\u0105dzania Kryzysowego w Rzeszowie, Wojciech Czanerle, liczba odbiorc\u00f3w pozbawionych energii ro\u015bnie.\u00a0 -Jeszcze rano by\u0142o ich 60 tys., teraz ju\u017c 80 tys. To efekt intensywnych opad\u00f3w \u015bniegu i deszczu &#8211; powiedzia\u0142.<\/p>\n<p>\u00a0<\/p>\n<p>&#13;<br \/>\n<img loading=\"lazy\" decoding=\"async\" src=\"https:\/\/www.europesays.com\/pl\/wp-content\/uploads\/2025\/11\/rzn4rzt43ykvjimivyysy5qfp4bxuokw.jpg\" alt=\"Krosno\" width=\"1200\" height=\"675\"\/>Polsat News&#13;<br \/>\nKrosno&#13;<\/p>\n<p>Najwi\u0119cej awarii wyst\u0119puje w powiatach: kro\u015bnie\u0144skim (37 tys. odbiorc\u00f3w), sanockim (13 tys.) i mieleckim (11 tys.). &#8211; W 90 proc. przypadk\u00f3w chodzi o ga\u0142\u0119zie, kt\u00f3re pod naporem \u015bniegu spadaj\u0105 na linie energetyczne i je uszkadzaj\u0105 &#8211; poinformowa\u0142 Czanerle.<\/p>\n<p>\u00a0<\/p>\n<p>Opady \u015bniegu w po\u0142udniowej cz\u0119\u015bci wojew\u00f3dztwa maj\u0105 potrwa\u0107 do godz. 20. &#8211; Front przesuwa si\u0119 stopniowo na wsch\u00f3d, cz\u0119\u015b\u0107 regionu jest ju\u017c wolna od opad\u00f3w &#8211; przekaza\u0142 dy\u017curny.<\/p>\n<p>Nadchodz\u0105ce dni: wsz\u0119dzie bia\u0142o, potem odwil\u017c<\/p>\n<p>W niedziel\u0119 \u015bnieg pojawi si\u0119 w centrum kraju, miejscami na po\u0142udniowym wschodzie. W poniedzia\u0142ek popr\u00f3szy r\u00f3wnie\u017c na p\u00f3\u0142nocy &#8211; bia\u0142o powinno zrobi\u0107 si\u0119 niemal wsz\u0119dzie. Jednak \u015bnieg za d\u0142ugo si\u0119 nie utrzyma &#8211; we wtorek, \u015brod\u0119 i czwartek prognozowane s\u0105 opady deszczu.<\/p>\n<p>\u00a0<\/p>\n<p>&#13;<br \/>\n<img loading=\"lazy\" decoding=\"async\" src=\"https:\/\/www.europesays.com\/pl\/wp-content\/uploads\/2025\/11\/zf81xpvfkts4oz1x731de1zfe7h1isaw.jpg\" alt=\"\u0141awka przed blokiem w Kro\u015bnie\" width=\"1200\" height=\"675\"\/>Polsat News&#13;<br \/>\n\u0141awka przed blokiem w Kro\u015bnie&#13;<\/p>\n<p>Synoptycy przypominaj\u0105 o konieczno\u015bci dostosowania jazdy do trudnych warunk\u00f3w oraz wymianie opon na zimowe. &#8211; Drogi b\u0119d\u0105 mokre i \u015bliskie, miejscami oblodzone. Nale\u017cy zachowa\u0107 szczeg\u00f3ln\u0105 ostro\u017cno\u015b\u0107 &#8211; podkre\u015bli\u0142a Agnieszka Prasek.<\/p>\n<p>\u00a0<\/p>\n<p>Widzia\u0142e\u015b co\u015b wa\u017cnego? Przy\u015blij zdj\u0119cie, film lub napisz, co si\u0119 sta\u0142o. Skorzystaj z naszej <a href=\"https:\/\/www.polsatnews.pl\/platforma-widzow\/\" target=\"_blank\" rel=\"noopener noreferrer nofollow\">Wrzutni<\/a><\/p>\n<p>                <img decoding=\"async\" src=\"https:\/\/www.europesays.com\/pl\/wp-content\/uploads\/2025\/11\/b1a25zibqbx4qtyj421b1xennj3qvduf.jpg\" alt=\"\" itemprop=\"contentUrl\" style=\"position:absolute; width: 100%; max-height: 100%;\"\/><video controls=\"\" controlslist=\"nodownload\" poster=\"https:\/\/www.europesays.com\/pl\/wp-content\/uploads\/2025\/11\/b1a25zibqbx4qtyj421b1xennj3qvduf.jpg\" class=\"videoPlayer player6854797 news__video\" data-id=\"6854797\">Twoja przegl\u0105darka nie wspiera odtwarzacza wideo&#8230;<\/video><\/p>\n<p>                <a class=\"news__read-more-button\" href=\"https:\/\/www.polsatnews.pl\/\" rel=\"nofollow noopener\" target=\"_blank\">Czytaj wi\u0119cej<\/a><\/p>\n","protected":false},"excerpt":{"rendered":"Agnieszka Prasek, synoptyczka i rzeczniczka IMGW, poinformowa\u0142a, \u017ce obecnie strefa intensywnych opad\u00f3w \u015bniegu obejmuje Ma\u0142opolsk\u0119 i Podkarpacie. &#8211;&hellip;\n","protected":false},"author":2,"featured_media":113059,"comment_status":"","ping_status":"","sticky":false,"template":"","format":"standard","meta":{"footnotes":""},"categories":[5],"tags":[32,33,36,37,27,34,35,28,31,25,42,38,40,39,41,29,30,26],"class_list":{"0":"post-113058","1":"post","2":"type-post","3":"status-publish","4":"format-standard","5":"has-post-thumbnail","7":"category-naglowki","8":"tag-breaking-news","9":"tag-breakingnews","10":"tag-featured-news","11":"tag-featurednews","12":"tag-headlines","13":"tag-latest-news","14":"tag-latestnews","15":"tag-naglowki","16":"tag-najwazniejsze-artykuly","17":"tag-news","18":"tag-pl","19":"tag-poland","20":"tag-polish","21":"tag-polska","22":"tag-polski","23":"tag-top-stories","24":"tag-topstories","25":"tag-wiadomosci"},"share_on_mastodon":{"url":"https:\/\/pubeurope.com\/@pl\/115592756599819500","error":""},"_links":{"self":[{"href":"https:\/\/www.europesays.com\/pl\/wp-json\/wp\/v2\/posts\/113058","targetHints":{"allow":["GET"]}}],"collection":[{"href":"https:\/\/www.europesays.com\/pl\/wp-json\/wp\/v2\/posts"}],"about":[{"href":"https:\/\/www.europesays.com\/pl\/wp-json\/wp\/v2\/types\/post"}],"author":[{"embeddable":true,"href":"https:\/\/www.europesays.com\/pl\/wp-json\/wp\/v2\/users\/2"}],"replies":[{"embeddable":true,"href":"https:\/\/www.europesays.com\/pl\/wp-json\/wp\/v2\/comments?post=113058"}],"version-history":[{"count":0,"href":"https:\/\/www.europesays.com\/pl\/wp-json\/wp\/v2\/posts\/113058\/revisions"}],"wp:featuredmedia":[{"embeddable":true,"href":"https:\/\/www.europesays.com\/pl\/wp-json\/wp\/v2\/media\/113059"}],"wp:attachment":[{"href":"https:\/\/www.europesays.com\/pl\/wp-json\/wp\/v2\/media?parent=113058"}],"wp:term":[{"taxonomy":"category","embeddable":true,"href":"https:\/\/www.europesays.com\/pl\/wp-json\/wp\/v2\/categories?post=113058"},{"taxonomy":"post_tag","embeddable":true,"href":"https:\/\/www.europesays.com\/pl\/wp-json\/wp\/v2\/tags?post=113058"}],"curies":[{"name":"wp","href":"https:\/\/api.w.org\/{rel}","templated":true}]}}