{"id":113060,"date":"2025-11-22T09:57:09","date_gmt":"2025-11-22T09:57:09","guid":{"rendered":"https:\/\/www.europesays.com\/pl\/113060\/"},"modified":"2025-11-22T09:57:09","modified_gmt":"2025-11-22T09:57:09","slug":"sedzia-bartosz-frankowski-wrocil-i-znowu-afera-prowokowal-nas","status":"publish","type":"post","link":"https:\/\/www.europesays.com\/pl\/113060\/","title":{"rendered":"S\u0119dzia Bartosz Frankowski wr\u00f3ci\u0142 i znowu afera. &#8222;Prowokowa\u0142 nas&#8221;"},"content":{"rendered":"<p>W\u00a0drugim pi\u0105tkowym meczu 17. kolejki Betclic 1. Ligi Pogo\u0144 Grodzisk Mazowiecki zmierzy\u0142a si\u0119 w\u00a0Pruszkowie ze\u00a0\u015al\u0105skiem Wroc\u0142aw. Beniaminkowi uda\u0142o si\u0119 w\u00a0ko\u0144c\u00f3wce wyrwa\u0107 remis, natomiast po\u00a0ostatnim gwizdku arbitra dosz\u0142o do\u00a0konfrontacji szkoleniowc\u00f3w obu dru\u017cyn. Trener \u015al\u0105ska po\u00a0spotkaniu skrytykowa\u0142 s\u0119dzi\u00f3w, zw\u0142aszcza g\u0142\u00f3wnego arbitra Bartosza Frankowskiego, kt\u00f3ry\u00a0wr\u00f3ci\u0142 do\u00a0prowadzenia mecz\u00f3w po\u00a0wielkim b\u0142\u0119dzie ze\u00a0spotkania G\u00f3rnik Zabrze \u2013 Jagiellonia Bia\u0142ystok (2:1). I\u00a0zn\u00f3w, jak wynika ze\u00a0s\u0142\u00f3w S\u0142owe\u0144ca, si\u0119 nie\u00a0popisa\u0142.\u00a0<\/p>\n<p>Hit Betclic 1. Ligi w\u00a0Pruszkowie na\u00a0remis<\/p>\n<p>Przed\u00a0rozpocz\u0119ciem spotkania Pogo\u0144 zajmowa\u0142a drugie miejsce w\u00a0tabeli i\u00a0mia\u0142a 31 punkt\u00f3w po\u00a016 meczach. \u015al\u0105sk traci\u0142 do\u00a0niej cztery oczka, wi\u0119c\u00a0spotkanie w\u00a0Pruszkowie by\u0142o idealn\u0105 szans\u0105, by\u00a0zbli\u017cy\u0107 si\u0119 do\u00a0TOP 2, tym bardziej, \u017ce\u00a0hitowe starcie u\u0142o\u017cy\u0142o si\u0119 idealnie dla wroc\u0142awian. Ju\u017c w\u00a03. minucie Micha\u0142 Rosiak da\u0142 prowadzenie go\u015bciom.<\/p>\n<p>Nied\u0142ugo p\u00f3\u017aniej wyr\u00f3wna\u0142 Rafa\u0142 Adamski, dla kt\u00f3rego\u00a0to\u00a0by\u0142 trzeci mecz z\u00a0rz\u0119du ze\u00a0zdobyt\u0105 bramk\u0105. Trzeba te\u017c jasno powiedzie\u0107, \u017ce\u00a0defensywa \u015al\u0105ska nie\u00a0utrudni\u0142a zbytnio zadania napastnikowi Pogoni.<\/p>\n<blockquote class=\"twitter-tweet\">\n<p dir=\"ltr\" lang=\"pl\"><a href=\"https:\/\/twitter.com\/hashtag\/PGM%C5%9AL%C4%84?src=hash&amp;ref_src=twsrc%5Etfw\" target=\"_blank\" rel=\"noopener noreferrer nofollow\">#PGM\u015aL\u0104<\/a> To, co\u00a0w\u00a0tym sezonie I\u00a0ligi wyprawia obrona \u015al\u0105ska Wroc\u0142aw po\u00a0prostu przechodzi ludzkie poj\u0119cie. <a href=\"https:\/\/t.co\/E42T4qe2yf\" target=\"_blank\" rel=\"noopener noreferrer nofollow\">pic.twitter.com\/E42T4qe2yf<\/a><\/p>\n<p>\u2014\u00a0Filip Macuda (@f_macuda) <a href=\"https:\/\/twitter.com\/f_macuda\/status\/1991959457593692338?ref_src=twsrc%5Etfw\" target=\"_blank\" rel=\"noopener noreferrer nofollow\">November 21, 2025<\/a><\/p>\n<\/blockquote>\n<p>Tu\u017c przed\u00a0przerw\u0105 \u015al\u0105sk ponownie obj\u0105\u0142 prowadzenie \u2013 tym razem do\u00a0siatki trafi\u0142 Przemys\u0142aw Banaszak. I\u00a0gdy\u00a0wydawa\u0142o si\u0119, \u017ce\u00a0trzy punkty padn\u0105 \u0142upem go\u015bci, s\u0119dzia Bartosz Frankowski podj\u0105\u0142 decyzj\u0119 o\u00a0przyznaniu rzutu karnego gospodarzom. P\u00f3\u017aniej arbiter musia\u0142 sam odmierzy\u0107 11 metr\u00f3w od\u00a0bramki wroc\u0142awian, bo\u00a0na\u00a0boisku\u2026 nie\u00a0by\u0142o wida\u0107 punktu, z\u00a0kt\u00f3rego\u00a0strzela si\u0119 jedenastki.<\/p>\n<p>Ostatecznie Damian Jaro\u0144 nie\u00a0pomyli\u0142 si\u0119, strzelaj\u0105c z\u00a0\u201ewapna\u201d, cho\u0107 w\u00a0tym przypadku nale\u017ca\u0142oby u\u017cy\u0107 sformu\u0142owania \u201eb\u0142ota\u201d, i\u00a0mecz zako\u0144czy\u0142 si\u0119 remisem.<\/p>\n<p>Po\u00a0ostatnim gwizdku emocje udzieli\u0142y si\u0119 tak\u017ce trenerom. Ante Simundza oraz\u00a0Piotr Stokowiec wdali si\u0119 w\u00a0konfrontacj\u0119 s\u0142own\u0105 \u2013 rozdziela\u0107 ich musia\u0142 s\u0119dzia techniczny. Zaraz potem do\u00a0dw\u00f3ch szkoleniowc\u00f3w do\u0142\u0105czyli pi\u0142karze oraz\u00a0sztaby szkoleniowe.<\/p>\n<blockquote class=\"twitter-tweet\">\n<p dir=\"ltr\" lang=\"pl\">Temperatura po\u00a0meczu Pogo\u0144 Grodzisk Mazowiecki \ud83c\udd9a \u015al\u0105sk Wroc\u0142aw by\u0142a bardzo gor\u0105ca\u2026<\/p>\n<p>Cho\u0107 przecie\u017c pogoda zimowa! \u2744\ufe0f <a href=\"https:\/\/t.co\/2sfjIDUpo4\" target=\"_blank\" rel=\"noopener noreferrer nofollow\">pic.twitter.com\/2sfjIDUpo4<\/a><\/p>\n<p>\u2014\u00a0TVP SPORT (@sport_tvppl) <a href=\"https:\/\/twitter.com\/sport_tvppl\/status\/1991989463778558103?ref_src=twsrc%5Etfw\" target=\"_blank\" rel=\"noopener noreferrer nofollow\">November 21, 2025<\/a><\/p>\n<\/blockquote>\n<p>Na\u00a0konferencji pomeczowej s\u0142owe\u0144ski trener skrytykowa\u0142 zesp\u00f3\u0142 s\u0119dziowski.<\/p>\n<p>\u2013 Zas\u0142ugiwali\u015bmy na\u00a0wi\u0119cej ni\u017c jeden punkt, ale\u00a0nie\u00a0sta\u0142o si\u0119 tak\u00a0przez\u00a0cztery osoby, kt\u00f3re zamiast pi\u0142karzy chcia\u0142y by\u0107 w\u00a0centrum wydarze\u0144. Dlatego trudno jest mi\u00a0podsumowa\u0107 to\u00a0spotkanie. Byli\u015bmy znacznie lepsi od\u00a0naszych rywali, kt\u00f3rzy\u00a0w\u00a0drugiej po\u0142owie nie\u00a0oddali \u017cadnego strza\u0142u na\u00a0bramk\u0119 \u2013 powiedzia\u0142 Simundza.<\/p>\n<p>\u2013 Arbiter prowokowa\u0142 nas przez\u00a0ca\u0142e spotkanie, m\u00f3j\u00a0asystent otrzyma\u0142 czerwon\u0105 kartk\u0119. Rozumiem emocje, nie\u00a0pochwalam tego zachowania. Je\u015bli kto\u015b prowokuje Ci\u0119 przez\u00a095 minut, trudno zachowa\u0107 spok\u00f3j \u2013 doda\u0142 szkoleniowiec \u015al\u0105ska.<\/p>\n<p>Dodajmy, \u017ce\u00a0Bartosz Frankowski powr\u00f3ci\u0142 tym meczem do\u00a0s\u0119dziowania po\u00a0bardzo powa\u017cnym b\u0142\u0119dzie w\u00a0spotkaniu G\u00f3rnik \u2013 Jagiellonia (2:1), o\u00a0kt\u00f3rym\u00a0m\u00f3wili wszyscy. Wtedy zamiast podyktowa\u0107 rzut wolny dla go\u015bci i\u00a0wyrzuci\u0107 z\u00a0boiska Josem\u0119, obro\u0144c\u0119 G\u00f3rnika, w\u00a0og\u00f3le nie\u00a0dostrzeg\u0142 jego faulu. To\u00a0zdarzenie mia\u0142o bardzo du\u017cy wp\u0142yw na\u00a0ko\u0144cowy wynik, bo\u00a0do\u00a0sytuacji dosz\u0142o przy stanie 1:1.<\/p>\n<p>Teraz Frankowski wr\u00f3ci\u0142 i\u00a0co? Znowu dymy.<\/p>\n<p>CZYTAJ WI\u0118CEJ NEWS\u00d3W NA\u00a0TEMAT BETCLIC 1. LIGI NA\u00a0WESZ\u0141O:<\/p>\n<p>Fot.\u00a0Screen TVP Sport<\/p>\n<p>                    <script async src=\"https:\/\/platform.twitter.com\/widgets.js\" charset=\"utf-8\"><\/script><\/p>\n","protected":false},"excerpt":{"rendered":"W\u00a0drugim pi\u0105tkowym meczu 17. kolejki Betclic 1. Ligi Pogo\u0144 Grodzisk Mazowiecki zmierzy\u0142a si\u0119 w\u00a0Pruszkowie ze\u00a0\u015al\u0105skiem Wroc\u0142aw. Beniaminkowi uda\u0142o&hellip;\n","protected":false},"author":2,"featured_media":113061,"comment_status":"","ping_status":"","sticky":false,"template":"","format":"standard","meta":{"footnotes":""},"categories":[24],"tags":[22070,14467,42,12048,38,40,39,41,697,127,126],"class_list":{"0":"post-113060","1":"post","2":"type-post","3":"status-publish","4":"format-standard","5":"has-post-thumbnail","7":"category-sport","8":"tag-ante-simundza","9":"tag-piotr-stokowiec","10":"tag-pl","11":"tag-pogon-grodzisk-mazowiecki","12":"tag-poland","13":"tag-polish","14":"tag-polska","15":"tag-polski","16":"tag-slask-wroclaw","17":"tag-sport","18":"tag-sports"},"share_on_mastodon":{"url":"https:\/\/pubeurope.com\/@pl\/115592760235052025","error":""},"_links":{"self":[{"href":"https:\/\/www.europesays.com\/pl\/wp-json\/wp\/v2\/posts\/113060","targetHints":{"allow":["GET"]}}],"collection":[{"href":"https:\/\/www.europesays.com\/pl\/wp-json\/wp\/v2\/posts"}],"about":[{"href":"https:\/\/www.europesays.com\/pl\/wp-json\/wp\/v2\/types\/post"}],"author":[{"embeddable":true,"href":"https:\/\/www.europesays.com\/pl\/wp-json\/wp\/v2\/users\/2"}],"replies":[{"embeddable":true,"href":"https:\/\/www.europesays.com\/pl\/wp-json\/wp\/v2\/comments?post=113060"}],"version-history":[{"count":0,"href":"https:\/\/www.europesays.com\/pl\/wp-json\/wp\/v2\/posts\/113060\/revisions"}],"wp:featuredmedia":[{"embeddable":true,"href":"https:\/\/www.europesays.com\/pl\/wp-json\/wp\/v2\/media\/113061"}],"wp:attachment":[{"href":"https:\/\/www.europesays.com\/pl\/wp-json\/wp\/v2\/media?parent=113060"}],"wp:term":[{"taxonomy":"category","embeddable":true,"href":"https:\/\/www.europesays.com\/pl\/wp-json\/wp\/v2\/categories?post=113060"},{"taxonomy":"post_tag","embeddable":true,"href":"https:\/\/www.europesays.com\/pl\/wp-json\/wp\/v2\/tags?post=113060"}],"curies":[{"name":"wp","href":"https:\/\/api.w.org\/{rel}","templated":true}]}}