{"id":113078,"date":"2025-11-22T10:09:21","date_gmt":"2025-11-22T10:09:21","guid":{"rendered":"https:\/\/www.europesays.com\/pl\/113078\/"},"modified":"2025-11-22T10:09:21","modified_gmt":"2025-11-22T10:09:21","slug":"ogromne-zainteresowanie-kursami-obronnymi-blisko-polowa-uczestnikow-to-kobiety","status":"publish","type":"post","link":"https:\/\/www.europesays.com\/pl\/113078\/","title":{"rendered":"Ogromne zainteresowanie kursami obronnymi. Blisko po\u0142owa uczestnik\u00f3w to kobiety"},"content":{"rendered":"\n<p>Jak poinformowa\u0142 pp\u0142k Marek Pietrzak, rzecznik Sztabu Generalnego, tylko w\u00a01. Brygadzie Pancernej (woj. mazowieckie) na 100 dost\u0119pnych miejsc zg\u0142osi\u0142o si\u0119 ponad 300 os\u00f3b. W\u00a0183. batalionie lekkiej piechoty w\u00a0Borz\u0119cinie Du\u017cym (ko\u0142o Warszawy) wszystkie typy kurs\u00f3w &#8211;\u00a0podstawowy kurs bezpiecze\u0144stwa, szkolenie medyczne oraz kurs cyberhigieny &#8211;\u00a0zosta\u0142y wype\u0142nione w\u00a0100 proc., a\u00a0na swoj\u0105 szans\u0119 czeka jeszcze 250 os\u00f3b. P\u0142k Pietrzak zapewnia, \u017ce ch\u0119tni otrzymaj\u0105 propozycj\u0119 udzia\u0142u w\u00a0innym terminie lub w\u00a0innej lokalizacji.<\/p>\n<p>R\u00f3wnie\u017c wszystkie miejsca s\u0105 zaj\u0119te na rozpoczynaj\u0105cy si\u0119 29 listopad grudnia kurs przetrwania, organizowany przez 1. Batalion Kawalerii Powietrznej w\u00a0Le\u017anicy Wielkiej ko\u0142o \u0141odzi. To s\u0142ynna jednostka, znana z\u00a0emitowanego ponad 20 lat temu serialu dokumentalnego TVP pt. &#8222;Kawaleria powietrzna&#8221;. Jak s\u0142yszymy od wojskowych, wielu ch\u0119tnych zg\u0142asza si\u0119 w\u0142a\u015bnie tam z\u00a0sentymentu do formacji i\u00a0nadal ch\u0119tnie ogl\u0105danego programu, kt\u00f3rego urywki wiralowo kr\u0105\u017c\u0105 w\u00a0mediach spo\u0142eczno\u015bciowych.<\/p>\n<p>&#8211; Jeste\u015bmy gotowi i\u00a0czekamy na \u015bmia\u0142k\u00f3w &#8211;\u00a0m\u00f3wi Wirtualnej Polsce ppor. Agnieszka P\u0142achecka, oficer prasowa 25. Brygady Kawalerii Powietrznej. &#8211;\u00a0By\u0142o 300 zg\u0142osze\u0144, co znacznie przekracza\u0142o liczb\u0119 dost\u0119pnych miejsc. Podczas o\u015bmiogodzinnego szkolenia b\u0119dziemy uczy\u0107 podstaw przetrwania w\u00a0lesie: poka\u017cemy, jak rozpali\u0107 ognisko, zbudowa\u0107 dora\u017ane schronienie, ale wprowadzimy te\u017c elementy dotycz\u0105ce rozpoznawania i\u00a0reagowania na zagro\u017cenia warunkach miejskich &#8211;\u00a0dodaje. Szkolenia poprowadzi oko\u0142o 20 instruktor\u00f3w, a\u00a0kursant\u00f3w powita osobi\u015bcie dow\u00f3dca jednostki.<\/p>\n<p> <img role=\"presentation\" class=\"absolute left-1\/2 top-1\/2 max-h-[80%] max-w-[100px] -translate-x-1\/2 -translate-y-1\/2\" src=\"https:\/\/v.wpimg.pl\/ZXJfd3AudTkrBBIAbg54LGhcRlAxHQUrPgJGH2MAeGJoSQ1eIBI_K2UHAEVuBTY5KQMMXC0RPyoVERQdMgM9ejc\" loading=\"lazy\" decoding=\"async\"\/><\/p>\n<p>Napi\u0119cie na\u00a0polskiej prawicy. Cz\u0142owiek Nawrockiego uderza w\u00a0Brauna <\/p>\n<p>Zaczynaj\u0105 si\u0119 powszechne szkolenia obronne <\/p>\n<p><a href=\"https:\/\/wiadomosci.wp.pl\/powszechne-szkolenia-obronne-program-ruszyl-z-impetem-7219035083897664a\" rel=\"noopener noreferrer nofollow\" target=\"_blank\">Pierwsze szkolenia obronne dla Polak\u00f3w zaplanowane s\u0105 na 22 listopada i\u00a0obejmuj\u0105 cztery typy o\u015bmiogodzinnych kurs\u00f3w:<\/a> bezpiecze\u0144stwa, przetrwania, medyczny oraz tzw. cyberhigieny. Uczestnicy maj\u0105 nauczy\u0107 si\u0119, jak przygotowa\u0107 siebie i\u00a0dom na sytuacje kryzysowe, jak udzieli\u0107 pierwszej pomocy, jak reagowa\u0107 na realne zagro\u017cenia oraz jak chroni\u0107 dane i\u00a0to\u017csamo\u015b\u0107 w\u00a0sieci. Zapisu mo\u017cna dokona\u0107 przez internetowy formularz lub aplikacj\u0119 mObywatel.<\/p>\n<p>     <img decoding=\"async\" src=\"https:\/\/www.europesays.com\/pl\/wp-content\/uploads\/2025\/11\/Mjg4ODY0YgsGVjl3dktvHkUObS0wEmFIEhZ1ZnZTYl1UATdxbgRiDA5YKjY8QCJEAEY6NDhHPUQXWGAlKVliHFYbKy0qQCELHhsq.jpeg\" width=\"735\" height=\"574\" loading=\"lazy\" class=\"wp-media-image\" alt=\"Zainteresowanie szkoleniami obronnym. Na czerwono zaznaczono\" data-lightbox=\"true\"\/> Zainteresowanie szkoleniami obronnymi. Na czerwono zaznaczono kursy ju\u017c zaj\u0119te, kolor niebieski to kursy zape\u0142nienie do 33 proc. miejsc, a kolor \u017c\u00f3\u0142ty i pomara\u0144czowy to 33-66 proc. zaj\u0119tych miejsc \u00a9 wojsko-polskie.pl | wGotowo\u015bci <img role=\"presentation\" class=\"absolute left-1\/2 top-1\/2 max-h-[80%] max-w-[100px] -translate-x-1\/2 -translate-y-1\/2\" src=\"https:\/\/v.wpimg.pl\/ZXJfd3AudTkrBBIAbg54LGhcRlAxHQUrPgJGH2MAeGJoSQ1eIBI_K2UHAEVuBTY5KQMMXC0RPyoVERQdMgM9ejc\" loading=\"lazy\" decoding=\"async\"\/><\/p>\n<p>Efekt ostatnich wydarze\u0144 <\/p>\n<p>Najwi\u0119ksze zainteresowanie i\u00a0zazwyczaj pe\u0142ne zape\u0142nienie miejsc odnotowuje si\u0119 na pierwszych kursach organizowanych w\u00a0du\u017cych miastach, takich jak Warszawa, Krak\u00f3w, Pozna\u0144, Wroc\u0142aw i\u00a0Gdynia, ale te\u017c okolicach \u0141odzi,\u00a0w Tomaszowie Mazowieckim czy \u0141asku  (baza lotnicza).<\/p>\n<blockquote><p>&#8211; Pozytywnie zaskoczy\u0142o nas, \u017ce ju\u017c po tygodniu naboru mieli\u015bmy 18 tys. zg\u0142osze\u0144. S\u0105dz\u0119, \u017ce to, co dzieje si\u0119 wok\u00f3\u0142 nas, wyzwala w\u00a0ludziach potrzeb\u0119 bycia w\u00a0gotowo\u015bci &#8211;\u00a0m\u00f3wi pp\u0142k Pietrzak.<\/p><\/blockquote>\n<p>&#8211;\u00a0Na gotowo\u015b\u0107 sk\u0142ada si\u0119 nie tylko si\u0142a armii, ale tak\u017ce odpowiednio przygotowane spo\u0142ecze\u0144stwo. Jako wojskowi cieszyliby\u015bmy si\u0119, gdyby jak najwi\u0119cej os\u00f3b przesz\u0142o takie szkolenia. Przeszkolone spo\u0142ecze\u0144stwo nie wpada w\u00a0panik\u0119, nie przeszkadza wojsku w\u00a0dzia\u0142aniach, dlatego \u015bwiadomi Polacy maj\u0105 dla nas ogromne znaczenie &#8211;\u00a0komentuje wojskowy ze Sztabu Generalnego. <\/p>\n<p> <img role=\"presentation\" class=\"absolute left-1\/2 top-1\/2 max-h-[80%] max-w-[100px] -translate-x-1\/2 -translate-y-1\/2\" src=\"https:\/\/v.wpimg.pl\/ZXJfd3AudTkrBBIAbg54LGhcRlAxHQUrPgJGH2MAeGJoSQ1eIBI_K2UHAEVuBTY5KQMMXC0RPyoVERQdMgM9ejc\" loading=\"lazy\" decoding=\"async\"\/> <\/p>\n<p>Wed\u0142ug danych pp\u0142k. Pietrzaka, w\u015br\u00f3d zg\u0142oszonych na szkolenia 59 proc stanowi\u0105 m\u0119\u017cczy\u017ani, a\u00a041 proc. kobiety.<\/p>\n<p> <a href=\"https:\/\/wiadomosci.wp.pl\/komu-potrzebne-szkolenia-obronne-wystarczy-wylaczyc-polakom-prad-i-mielibysmy-wojne-domowa-7218950069144352a\" class=\"teaser-inline\" rel=\"nofollow noopener\" target=\"_blank\">  <img decoding=\"async\" src=\"https:\/\/www.europesays.com\/pl\/wp-content\/uploads\/2025\/11\/OTE5OWVmYDUkVzlkeRZtIGcPbT4_T2N2MBd1dXlcfWx1TWAxPwEqJiBFIHkxHzokJEI_eSYBYDU1XGAhZ0IrPTZFIzYvQio5J1Ar.jpeg\" width=\"0\" height=\"0\" loading=\"lazy\" class=\"wp-media-image cropped\" alt=\"Komu potrzebne szkolenia obronne? &quot;Wystarczy wy\u0142\u0105czy\u0107 Polakom pr\u0105d i mieliby\u015bmy wojn\u0119 domow\u0105&quot;\"\/><\/p>\n<p>Komu potrzebne szkolenia obronne? &#8222;Wystarczy wy\u0142\u0105czy\u0107 Polakom pr\u0105d i mieliby\u015bmy wojn\u0119 domow\u0105&#8221;<\/p>\n<p><\/a><\/p>\n<p>Szturm na\u00a0szkolenia obronne w\u00a0Polsce <\/p>\n<p><a href=\"https:\/\/wiadomosci.wp.pl\/wgotowosci-rusza-program-dobrowolnych-szkolen-wojskowych-7218850184031008a\" rel=\"noopener noreferrer nofollow\" target=\"_blank\">Program jednodniowych szkole\u0144 obronnych og\u0142oszono 6\u00a0listopada podczas konferencji szef\u00f3w MON oraz szefa Sztabu Generalnego gen. Wies\u0142awa Kuku\u0142y.<\/a> Podkre\u015blano w\u00f3wczas, \u017ce takie zaj\u0119cia s\u0105 dzi\u015b &#8222;bardzo potrzebne&#8221;, a\u00a0zainteresowanie pojawi\u0142o si\u0119 natychmiast. <\/p>\n<p> <img role=\"presentation\" class=\"absolute left-1\/2 top-1\/2 max-h-[80%] max-w-[100px] -translate-x-1\/2 -translate-y-1\/2\" src=\"https:\/\/v.wpimg.pl\/ZXJfd3AudTkrBBIAbg54LGhcRlAxHQUrPgJGH2MAeGJoSQ1eIBI_K2UHAEVuBTY5KQMMXC0RPyoVERQdMgM9ejc\" loading=\"lazy\" decoding=\"async\"\/> <\/p>\n<p>Jak ustali\u0142a WP, ju\u017c kilka godzin po wyst\u0105pieniu genera\u0142a na szkolenia zapisa\u0142o si\u0119 ponad 1200 os\u00f3b. W\u00a0pilota\u017cowej edycji przygotowano ponad 25 tys. miejsc. W 2024 r. MON chce przeszkoli\u0107 100 tys. os\u00f3b, a\u00a0w\u00a02025 r. &#8211;\u00a0400 tys.<\/p>\n<p> <a href=\"https:\/\/wiadomosci.wp.pl\/putin-oglasza-mobilizacje-rezerwistow-skazuje-ich-na-pewna-smierc-6814696858699393v\" class=\"teaser-inline\" rel=\"nofollow noopener\" target=\"_blank\">  <img decoding=\"async\" src=\"https:\/\/www.europesays.com\/pl\/wp-content\/uploads\/2025\/11\/NmFiZjYuYQwnCyxZdg5sGWRTeAMwV2JPM0tgSHZEfFV2EXUdKQE4QDMZNgU4EWMMNgB0HSkWKgNoGTZFOkAtDnIMalh0ECxedURu.jpeg\" width=\"0\" height=\"0\" loading=\"lazy\" class=\"wp-media-image cropped\" alt=\"Putin og\u0142asza mobilizacj\u0119 rezerwist\u00f3w. &quot;Skazuje ich na pewn\u0105 \u015bmier\u0107&quot;\"\/><\/p>\n<p>Putin og\u0142asza mobilizacj\u0119 rezerwist\u00f3w. &#8222;Skazuje ich na pewn\u0105 \u015bmier\u0107&#8221;<\/p>\n<p><\/a><\/p>\n<p>Luka w\u00a0powszechnym szkoleniu <\/p>\n<p>Ostatni pob\u00f3r do wojska w\u00a0Polsce odby\u0142 si\u0119 w\u00a02008 r. P\u00f3\u017aniej zasadnicza s\u0142u\u017cba wojskowa zosta\u0142a zawieszona w\u00a0zwi\u0105zku z\u00a0przej\u015bciem na armi\u0119 w\u00a0pe\u0142ni zawodow\u0105. Od tego momentu wi\u0119kszo\u015b\u0107 Polak\u00f3w nie mia\u0142a \u017cadnej realnej styczno\u015bci z\u00a0wojskiem, jego procedurami ani podstawowym szkoleniem, co &#8211;\u00a0jak podkre\u015blaj\u0105 eksperci &#8211;\u00a0dodatkowo pog\u0142\u0119bia luk\u0119 w\u00a0umiej\u0119tno\u015bciach potrzebnych w\u00a0sytuacjach kryzysowych.<\/p>\n<p> <img role=\"presentation\" class=\"absolute left-1\/2 top-1\/2 max-h-[80%] max-w-[100px] -translate-x-1\/2 -translate-y-1\/2\" src=\"https:\/\/v.wpimg.pl\/ZXJfd3AudTkrBBIAbg54LGhcRlAxHQUrPgJGH2MAeGJoSQ1eIBI_K2UHAEVuBTY5KQMMXC0RPyoVERQdMgM9ejc\" loading=\"lazy\" decoding=\"async\"\/> <\/p>\n<p>Zdaniem Paw\u0142a Szlendaka, instruktora survivalu i\u00a0tw\u00f3rcy serwisu Partyzanci Lubelszczyzny, inicjatywa wojska jest jedn\u0105 z\u00a0nielicznych okazji, by w\u00a0praktyce u\u015bwiadomi\u0107 sobie, jak kruche bywa nasze poczucie bezpiecze\u0144stwa.<\/p>\n<blockquote><p>&#8211;\u00a0Wi\u0119kszo\u015b\u0107 doros\u0142ych nie potrafi rozpali\u0107 ogniska ani zdoby\u0107 wody spoza wodoci\u0105gu. Nie ma zapas\u00f3w w\u00a0domu, auta tankuj\u0105 dopiero wtedy, gdy \u015bwieci si\u0119 rezerwa. Ludzie nie wiedz\u0105, jak reagowa\u0107, gdy zawiedzie system. Polacy nie s\u0105 przygotowani do \u017cadnego dzia\u0142ania kryzysowego. To nie brak si\u0142y, tylko brak wiedzy i\u00a0nawyk\u00f3w &#8211;\u00a0podkre\u015bla\u0142 Szlendak w\u00a0rozmowie z\u00a0WP.<\/p><\/blockquote>\n<p>Ekspert doda\u0142, \u017ce <a href=\"https:\/\/wiadomosci.wp.pl\/komu-potrzebne-szkolenia-obronne-wystarczy-wylaczyc-polakom-prad-i-mielibysmy-wojne-domowa-7218950069144352a\" rel=\"noopener noreferrer nofollow\" target=\"_blank\">szkolenia obronne promowane przez wojsko to nie pokaz si\u0142y, lecz konieczno\u015b\u0107.<\/a> Uwa\u017ca, \u017ce polskie spo\u0142ecze\u0144stwo jest dramatycznie nieprzygotowane do sytuacji kryzysowych. <\/p>\n<p> <img role=\"presentation\" class=\"absolute left-1\/2 top-1\/2 max-h-[80%] max-w-[100px] -translate-x-1\/2 -translate-y-1\/2\" src=\"https:\/\/v.wpimg.pl\/ZXJfd3AudTkrBBIAbg54LGhcRlAxHQUrPgJGH2MAeGJoSQ1eIBI_K2UHAEVuBTY5KQMMXC0RPyoVERQdMgM9ejc\" loading=\"lazy\" decoding=\"async\"\/> <\/p>\n<p>&#8211;\u00a0I\u00a0wcale nie chodzi o\u00a0wizj\u0119 wojny &#8211;\u00a0wystarczy zwyk\u0142a awaria pr\u0105du, brak wody czy chwilowy parali\u017c transportu, by pokaza\u0107, jak bardzo przyda\u0142yby si\u0119 podstawowe umiej\u0119tno\u015bci przetrwania i\u00a0\u015bwiadomo\u015b\u0107 zagro\u017ce\u0144 &#8211;\u00a0wskaza\u0142.<\/p>\n<p>Tomasz Molga, dziennikarz Wirtualnej Polski<\/p>\n","protected":false},"excerpt":{"rendered":"Jak poinformowa\u0142 pp\u0142k Marek Pietrzak, rzecznik Sztabu Generalnego, tylko w\u00a01. Brygadzie Pancernej (woj. mazowieckie) na 100 dost\u0119pnych miejsc&hellip;\n","protected":false},"author":2,"featured_media":113079,"comment_status":"","ping_status":"","sticky":false,"template":"","format":"standard","meta":{"footnotes":""},"categories":[12],"tags":[32,33,36,37,27,34,35,28,31,25,42,38,40,39,41,29,30,26],"class_list":{"0":"post-113078","1":"post","2":"type-post","3":"status-publish","4":"format-standard","5":"has-post-thumbnail","7":"category-polska","8":"tag-breaking-news","9":"tag-breakingnews","10":"tag-featured-news","11":"tag-featurednews","12":"tag-headlines","13":"tag-latest-news","14":"tag-latestnews","15":"tag-naglowki","16":"tag-najwazniejsze-artykuly","17":"tag-news","18":"tag-pl","19":"tag-poland","20":"tag-polish","21":"tag-polska","22":"tag-polski","23":"tag-top-stories","24":"tag-topstories","25":"tag-wiadomosci"},"share_on_mastodon":{"url":"https:\/\/pubeurope.com\/@pl\/115592807511749012","error":""},"_links":{"self":[{"href":"https:\/\/www.europesays.com\/pl\/wp-json\/wp\/v2\/posts\/113078","targetHints":{"allow":["GET"]}}],"collection":[{"href":"https:\/\/www.europesays.com\/pl\/wp-json\/wp\/v2\/posts"}],"about":[{"href":"https:\/\/www.europesays.com\/pl\/wp-json\/wp\/v2\/types\/post"}],"author":[{"embeddable":true,"href":"https:\/\/www.europesays.com\/pl\/wp-json\/wp\/v2\/users\/2"}],"replies":[{"embeddable":true,"href":"https:\/\/www.europesays.com\/pl\/wp-json\/wp\/v2\/comments?post=113078"}],"version-history":[{"count":0,"href":"https:\/\/www.europesays.com\/pl\/wp-json\/wp\/v2\/posts\/113078\/revisions"}],"wp:featuredmedia":[{"embeddable":true,"href":"https:\/\/www.europesays.com\/pl\/wp-json\/wp\/v2\/media\/113079"}],"wp:attachment":[{"href":"https:\/\/www.europesays.com\/pl\/wp-json\/wp\/v2\/media?parent=113078"}],"wp:term":[{"taxonomy":"category","embeddable":true,"href":"https:\/\/www.europesays.com\/pl\/wp-json\/wp\/v2\/categories?post=113078"},{"taxonomy":"post_tag","embeddable":true,"href":"https:\/\/www.europesays.com\/pl\/wp-json\/wp\/v2\/tags?post=113078"}],"curies":[{"name":"wp","href":"https:\/\/api.w.org\/{rel}","templated":true}]}}