{"id":113132,"date":"2025-11-22T11:27:07","date_gmt":"2025-11-22T11:27:07","guid":{"rendered":"https:\/\/www.europesays.com\/pl\/113132\/"},"modified":"2025-11-22T11:27:07","modified_gmt":"2025-11-22T11:27:07","slug":"powazny-wypadek-na-a2-w-kierunku-warszawy-ladowal-smiglowiec-lpr-duze-utrudnienia","status":"publish","type":"post","link":"https:\/\/www.europesays.com\/pl\/113132\/","title":{"rendered":"Powa\u017cny wypadek na A2 w kierunku Warszawy. L\u0105dowa\u0142 \u015bmig\u0142owiec LPR, du\u017ce utrudnienia"},"content":{"rendered":"<p class=\"ods-c-paragraph \">Do wypadku na autostradzie A2 w kierunku Warszawy dosz\u0142o chwil\u0119 po godz. 8.00 na wysoko\u015bci 425.8 km mi\u0119dzy w\u0119z\u0142ami Wiskitki i Grodzisk Mazowiecki. To rejon miejscowo\u015bci Holendry Baranowskie w gminie Baran\u00f3w.<\/p>\n<p> Gdzie dosz\u0142o do wypadku? <\/p>\n<p> Ile os\u00f3b zosta\u0142o poszkodowanych? <\/p>\n<p> Czy autostrada A2 jest zablokowana? <\/p>\n<p> Jakie trasy s\u0105 rekomendowane jako objazdy? <\/p>\n<p>  Powa\u017cny wypadek na A2 w kierunku Warszawy. L\u0105dowa\u0142 \u015bmig\u0142owiec LPR<\/p>\n<p class=\"ods-c-paragraph \">&#8222;Jedna osoba poszkodowana. Droga zablokowana. Apelujemy o korzystanie z alternatywnych dr\u00f3g&#8221; \u2014 poinformowa\u0142a na Facebooku Komenda Powiatowa Policji w \u017byrardowie. &#8222;Ze wst\u0119pnych ustale\u0144 wynika, \u017ce kieruj\u0105cy lawet\u0105 najecha\u0142 na stoj\u0105cy samoch\u00f3d ci\u0119\u017carowy&#8221; \u2014 podaj\u0105 funkcjonariusze.<\/p>\n<p class=\"ods-c-paragraph \">Jak informuje TVN24, najpierw zderzy\u0142y si\u0119 dwie ci\u0119\u017car\u00f3wki, a nast\u0119pnie w naczep\u0119 jednej z nich uderzy\u0142a laweta przewo\u017c\u0105ca busa.<\/p>\n<p class=\"ods-c-paragraph \">Na miejscu l\u0105dowa\u0142 \u015bmig\u0142owiec Lotniczego Pogotowia Ratunkowego, kt\u00f3ry zabra\u0142 do szpitala kierowc\u0119 lawety.<\/p>\n<p class=\"ods-c-paragraph \">Na miejscu wci\u0105\u017c pracuj\u0105 s\u0142u\u017cby. Na pewien czas autostrada by\u0142a zablokowana w obu kierunkach. Tu\u017c przed godzin\u0105 11.00 GDDKiA przekaza\u0142a, \u017ce uda\u0142o si\u0119 udro\u017cni\u0107 jezdni\u0119 w kierunku Warszawy na tyle, \u017ceby ruch m\u00f3g\u0142 odbywa\u0107 si\u0119 pasem awaryjnym.<\/p>\n","protected":false},"excerpt":{"rendered":"Do wypadku na autostradzie A2 w kierunku Warszawy dosz\u0142o chwil\u0119 po godz. 8.00 na wysoko\u015bci 425.8 km mi\u0119dzy&hellip;\n","protected":false},"author":2,"featured_media":113133,"comment_status":"","ping_status":"","sticky":false,"template":"","format":"standard","meta":{"footnotes":""},"categories":[5],"tags":[13376,32,33,36,37,27,34,35,28,31,48,25,46,42,38,40,39,41,47,29,30,435,26,12435],"class_list":{"0":"post-113132","1":"post","2":"type-post","3":"status-publish","4":"format-standard","5":"has-post-thumbnail","7":"category-naglowki","8":"tag-autostrada_a2","9":"tag-breaking-news","10":"tag-breakingnews","11":"tag-featured-news","12":"tag-featurednews","13":"tag-headlines","14":"tag-latest-news","15":"tag-latestnews","16":"tag-naglowki","17":"tag-najwazniejsze-artykuly","18":"tag-nat_styl","19":"tag-news","20":"tag-omp","21":"tag-pl","22":"tag-poland","23":"tag-polish","24":"tag-polska","25":"tag-polski","26":"tag-screening_general","27":"tag-top-stories","28":"tag-topstories","29":"tag-warszawa","30":"tag-wiadomosci","31":"tag-zdarzenie_drogowe"},"share_on_mastodon":{"url":"https:\/\/pubeurope.com\/@pl\/115593114061109042","error":""},"_links":{"self":[{"href":"https:\/\/www.europesays.com\/pl\/wp-json\/wp\/v2\/posts\/113132","targetHints":{"allow":["GET"]}}],"collection":[{"href":"https:\/\/www.europesays.com\/pl\/wp-json\/wp\/v2\/posts"}],"about":[{"href":"https:\/\/www.europesays.com\/pl\/wp-json\/wp\/v2\/types\/post"}],"author":[{"embeddable":true,"href":"https:\/\/www.europesays.com\/pl\/wp-json\/wp\/v2\/users\/2"}],"replies":[{"embeddable":true,"href":"https:\/\/www.europesays.com\/pl\/wp-json\/wp\/v2\/comments?post=113132"}],"version-history":[{"count":0,"href":"https:\/\/www.europesays.com\/pl\/wp-json\/wp\/v2\/posts\/113132\/revisions"}],"wp:featuredmedia":[{"embeddable":true,"href":"https:\/\/www.europesays.com\/pl\/wp-json\/wp\/v2\/media\/113133"}],"wp:attachment":[{"href":"https:\/\/www.europesays.com\/pl\/wp-json\/wp\/v2\/media?parent=113132"}],"wp:term":[{"taxonomy":"category","embeddable":true,"href":"https:\/\/www.europesays.com\/pl\/wp-json\/wp\/v2\/categories?post=113132"},{"taxonomy":"post_tag","embeddable":true,"href":"https:\/\/www.europesays.com\/pl\/wp-json\/wp\/v2\/tags?post=113132"}],"curies":[{"name":"wp","href":"https:\/\/api.w.org\/{rel}","templated":true}]}}