{"id":113212,"date":"2025-11-22T12:46:13","date_gmt":"2025-11-22T12:46:13","guid":{"rendered":"https:\/\/www.europesays.com\/pl\/113212\/"},"modified":"2025-11-22T12:46:13","modified_gmt":"2025-11-22T12:46:13","slug":"ewa-kasprzyk-trafila-do-szpitala-w-tybecie-moglam-ze-trzy-razy-odejsc","status":"publish","type":"post","link":"https:\/\/www.europesays.com\/pl\/113212\/","title":{"rendered":"Ewa Kasprzyk trafi\u0142a do szpitala w Tybecie. &#8222;Mog\u0142am ze trzy razy odej\u015b\u0107&#8221;"},"content":{"rendered":"<p class=\"Paragraph_desktopParagraph__U31Gm\"><a href=\"https:\/\/plejada.pl\/ewa-kasprzyk-aktorka\" id=\"9e826d3b-7d88-48d6-8f46-dd8d5d5120a4\" rel=\"nofollow noopener\" target=\"_blank\">Ewa Kasprzyk<\/a>, znana z odwagi i zami\u0142owania do wyzwa\u0144, jaki\u015b czas temu zmierzy\u0142a si\u0119 z ekstremalnymi warunkami w Tybecie. W podca\u015bcie &#8222;Z\u0142otej Sceny&#8221; aktorka w rozmowie z Ann\u0105 Jurksztowicz podzieli\u0142a si\u0119 dramatycznymi szczeg\u00f3\u0142ami swojej wyprawy, kt\u00f3ra niemal zako\u0144czy\u0142a si\u0119 tragicznie. Podczas podr\u00f3\u017cy jej organizm nie wytrzyma\u0142 wysoko\u015bci, co doprowadzi\u0142o do powa\u017cnego zagro\u017cenia \u017cycia.<\/p>\n<ul class=\"OchatFollowUps_wrapper__1ry7X\">\n<li class=\"OchatFollowUps_item__Dhyly OchatFollowUps_itemDesktop__R6aBv\">Co si\u0119 sta\u0142o z Ew\u0105 Kasprzyk w Tybecie?<\/li>\n<li class=\"OchatFollowUps_item__Dhyly OchatFollowUps_itemDesktop__R6aBv\">Jakie objawy mia\u0142a Ewa Kasprzyk?<\/li>\n<li class=\"OchatFollowUps_item__Dhyly OchatFollowUps_itemDesktop__R6aBv\">Co wykaza\u0142y badania po przyj\u0119ciu do szpitala?<\/li>\n<li class=\"OchatFollowUps_item__Dhyly OchatFollowUps_itemDesktop__R6aBv\">Jakie wra\u017cenia mia\u0142a Ewa Kasprzyk z podr\u00f3\u017cy do Tybetu?<\/li>\n<\/ul>\n<p>Wysoko\u015b\u0107 pokona\u0142a Ew\u0119 Kasprzyk w Tybecie. Trafi\u0142a do szpitala <\/p>\n<p class=\"Paragraph_desktopParagraph__U31Gm\">Podczas wyprawy Kasprzyk odwiedzi\u0142a baz\u0119 pod Mount Everestem, po\u0142o\u017con\u0105 na wysoko\u015bci ponad 5500 m n.p.m. To miejsce, kt\u00f3re nawet dla do\u015bwiadczonych podr\u00f3\u017cnik\u00f3w mo\u017ce by\u0107 wyzwaniem. Aktorka przyzna\u0142a, \u017ce ju\u017c sama wysoko\u015b\u0107 sprawia\u0142a, i\u017c &#8222;cz\u0142owiek chodzi jak marynarz na bujaj\u0105cym statku&#8221;. Po zej\u015bciu na nieco ni\u017cszy poziom poczu\u0142a ulg\u0119, jednak chwil\u0119 p\u00f3\u017aniej sytuacja niespodziewanie si\u0119 pogorszy\u0142a.<\/p>\n<blockquote>\n<p class=\"Paragraph_desktopParagraph__U31Gm\">Mia\u0142am odjazd, totalne spl\u0105tanie. Ja, kt\u00f3ra mam niskie ci\u015bnienie, nagle mia\u0142am 200. Zabrali mnie do szpitala, a zanim przet\u0142umaczyli na angielski moje objawy, mog\u0142am ze trzy razy odej\u015b\u0107<\/p>\n<\/blockquote>\n<p class=\"Paragraph_desktopParagraph__U31Gm\">\u2014 wspomina\u0142a aktorka.<\/p>\n<p class=\"Paragraph_desktopParagraph__U31Gm\">Po przewiezieniu do szpitala aktorka zosta\u0142a poddana pilnym badaniom, w tym dw\u00f3m rezonansom magnetycznym. By\u0142o to dla niej dodatkowym \u017ar\u00f3d\u0142em stresu, poniewa\u017c, jak przyznaje, czuje si\u0119 w takim urz\u0105dzeniu &#8222;jak w trumnie&#8221;. Na szcz\u0119\u015bcie badania nie wykaza\u0142y \u017cadnych uszkodze\u0144 w m\u00f3zgu, a Kasprzyk mog\u0142a odetchn\u0105\u0107 z ulg\u0105. <\/p>\n<p class=\"Paragraph_desktopParagraph__U31Gm\">Mimo dramatycznych wydarze\u0144 Ewa Kasprzyk nie ukrywa swojego zachwytu nad Tybetem. Podr\u00f3\u017c przez ten kraj, obejmuj\u0105ca m.in. kilkudziesi\u0119ciogodzinn\u0105 podr\u00f3\u017c poci\u0105giem, by\u0142a dla niej trudnym, ale niezwykle pi\u0119knym do\u015bwiadczeniem.<\/p>\n<p class=\"Paragraph_desktopParagraph__U31Gm\">&#8222;Przejecha\u0142am go poci\u0105giem, 20\u201340 godzin, ca\u0142y kraj. To by\u0142 hardcore, ale pi\u0119kny&#8221; \u2014 m\u00f3wi\u0142a, podkre\u015blaj\u0105c, \u017ce w podr\u00f3\u017cach najbardziej fascynuje j\u0105 przenikanie do obcej kultury. Przez sztuk\u0119, teatr, muzyk\u0119. &#8222;Teatr to pigu\u0142ka wszystkiego. A muzyki nawet nie trzeba rozumie\u0107. To mnie tam ci\u0105gnie&#8221; \u2014 doda\u0142a.<\/p>\n<p class=\"Paragraph_desktopParagraph__U31Gm\">Dzi\u0119kujemy, \u017ce przeczyta\u0142a\u015b\/e\u015b nasz artyku\u0142 do ko\u0144ca. W serwisie Plejada.pl ka\u017cdego dnia piszemy o najwa\u017cniejszych wydarzeniach show-biznesowych. B\u0105d\u017a na bie\u017c\u0105co! <a rel=\"nofollow noopener\" href=\"https:\/\/profile.google.com\/cp\/Cg0vZy8xMWJ6X19wdHBx\" id=\"e6a275a1-5da4-4cf8-a461-ef35d9692696\" target=\"_blank\">Obserwuj<\/a> Plejad\u0119 w Google. Odwied\u017a nas tak\u017ce na <a rel=\"nofollow noopener\" href=\"https:\/\/www.facebook.com\/plejadapl\" id=\"ec3d2e83-29a5-48be-91da-59b8107fe19c\" target=\"_blank\">Facebooku<\/a>, <a rel=\"nofollow noopener\" href=\"https:\/\/www.instagram.com\/plejadapl\/\" id=\"5dd7a009-7644-4a3d-af0d-8465b29e0522\" target=\"_blank\">Instagramie<\/a>, <a rel=\"nofollow noopener\" href=\"https:\/\/www.youtube.com\/c\/plejada\" id=\"b0e3a427-11bf-4687-a690-e9fe465eaf69\" target=\"_blank\">YouTubie<\/a> oraz <a rel=\"nofollow noopener\" href=\"https:\/\/www.tiktok.com\/@plejada_pl\" id=\"364d7a92-39a6-4709-9c86-94a18fc110c3\" target=\"_blank\">TikToku<\/a>.<\/p>\n<p class=\"Paragraph_desktopParagraph__U31Gm\">Chcesz podzieli\u0107 si\u0119 ciekawym newsem lub zaproponowa\u0107 temat? Skontaktuj si\u0119 z nami, pisz\u0105c maila na adres: <a href=\"https:\/\/www.onet.pl\/styl-zycia\/plejada\/ewa-kasprzyk-trafila-do-szpitala-w-tybecie-moglam-ze-trzy-razy-odejsc\/mailto:plejada@redakcjaonet.pl\" id=\"5acef068-21a3-48b9-9104-f7b625b1789c\" rel=\"nofollow noopener\" target=\"_blank\">plejada@redakcjaon<\/a><a rel=\"nofollow noopener\" href=\"http:\/\/et.pl\" id=\"02c25005-2456-4557-9cc5-f9b1a1a970ef\" target=\"_blank\">et.pl<\/a>.<\/p>\n<p><script async src=\"\/\/www.instagram.com\/embed.js\"><\/script><script async src=\"\/\/www.tiktok.com\/embed.js\"><\/script><\/p>\n","protected":false},"excerpt":{"rendered":"Ewa Kasprzyk, znana z odwagi i zami\u0142owania do wyzwa\u0144, jaki\u015b czas temu zmierzy\u0142a si\u0119 z ekstremalnymi warunkami w&hellip;\n","protected":false},"author":2,"featured_media":113213,"comment_status":"","ping_status":"","sticky":false,"template":"","format":"standard","meta":{"footnotes":""},"categories":[22],"tags":[122,3912,67,261,53,52,68,51,55,42,38,40,39,41,123,47,5602,24763,65,50,253],"class_list":{"0":"post-113212","1":"post","2":"type-post","3":"status-publish","4":"format-standard","5":"has-post-thumbnail","7":"category-rozrywka","8":"tag-entertainment","9":"tag-ewa_kasprzyk_aktorka","10":"tag-intextvideo_splayer","11":"tag-kultura","12":"tag-new_header","13":"tag-onet3","14":"tag-onet3d","15":"tag-onet3d_2i","16":"tag-phx","17":"tag-pl","18":"tag-poland","19":"tag-polish","20":"tag-polska","21":"tag-polski","22":"tag-rozrywka","23":"tag-screening_general","24":"tag-szpital","25":"tag-tybet_tybetanczyk_tybetanczycy","26":"tag-update_me","27":"tag-v2021","28":"tag-zdrowie"},"share_on_mastodon":{"url":"https:\/\/pubeurope.com\/@pl\/115593424589771202","error":""},"_links":{"self":[{"href":"https:\/\/www.europesays.com\/pl\/wp-json\/wp\/v2\/posts\/113212","targetHints":{"allow":["GET"]}}],"collection":[{"href":"https:\/\/www.europesays.com\/pl\/wp-json\/wp\/v2\/posts"}],"about":[{"href":"https:\/\/www.europesays.com\/pl\/wp-json\/wp\/v2\/types\/post"}],"author":[{"embeddable":true,"href":"https:\/\/www.europesays.com\/pl\/wp-json\/wp\/v2\/users\/2"}],"replies":[{"embeddable":true,"href":"https:\/\/www.europesays.com\/pl\/wp-json\/wp\/v2\/comments?post=113212"}],"version-history":[{"count":0,"href":"https:\/\/www.europesays.com\/pl\/wp-json\/wp\/v2\/posts\/113212\/revisions"}],"wp:featuredmedia":[{"embeddable":true,"href":"https:\/\/www.europesays.com\/pl\/wp-json\/wp\/v2\/media\/113213"}],"wp:attachment":[{"href":"https:\/\/www.europesays.com\/pl\/wp-json\/wp\/v2\/media?parent=113212"}],"wp:term":[{"taxonomy":"category","embeddable":true,"href":"https:\/\/www.europesays.com\/pl\/wp-json\/wp\/v2\/categories?post=113212"},{"taxonomy":"post_tag","embeddable":true,"href":"https:\/\/www.europesays.com\/pl\/wp-json\/wp\/v2\/tags?post=113212"}],"curies":[{"name":"wp","href":"https:\/\/api.w.org\/{rel}","templated":true}]}}