{"id":113234,"date":"2025-11-22T13:13:07","date_gmt":"2025-11-22T13:13:07","guid":{"rendered":"https:\/\/www.europesays.com\/pl\/113234\/"},"modified":"2025-11-22T13:13:07","modified_gmt":"2025-11-22T13:13:07","slug":"alez-walka-polki-na-ps-w-skokach-to-niejedyna-dobra-wiadomosc-przeglad-sportowy-onet","status":"publish","type":"post","link":"https:\/\/www.europesays.com\/pl\/113234\/","title":{"rendered":"Ale\u017c walka Polki na P\u015a w skokach! To niejedyna dobra wiadomo\u015b\u0107 &#8211; Przegl\u0105d Sportowy Onet"},"content":{"rendered":"<ol>\n<li><a href=\"https:\/\/news.google.com\/rss\/articles\/CBMizwFBVV95cUxNYllTbVZmUmt5X25sbU5XakdoTjM5OUQxZlRzcThqMEVjeTNwVWstcXpzUWVQZG0yeUpwWVFQWXNRbU1EUjdTUzV4MmNKTEFWOUhoaFUzNzl1ZWMyT3JPQVVsQURSYUp3VGhZdGgtU1NIbng1MC03dV9tR2lTeGRZV003c1BZa19MT3FlNWVJRVIwbnJWeHVrTHItY1RrbHN5MXNnM085cnNKLW1RUk9OMWE2SXc3WlhjWnlhTklfck1hb3ppY3VIOVhKY29odDg?oc=5\" target=\"_blank\" rel=\"nofollow noopener\">Ale\u017c walka Polki na P\u015a w skokach! To niejedyna dobra wiadomo\u015b\u0107<\/a>&nbsp;&nbsp;Przegl\u0105d Sportowy Onet<\/li>\n<li><a href=\"https:\/\/news.google.com\/rss\/articles\/CBMitgFBVV95cUxQbEF5cURLaTVPUjlxVTd1RFV3bUI4aFFuRldhQnF2TUZIVXczN0JqSVFCRDhobHBOWHV4TXQ4WEZGV25FQUpRZ183WlhycEpvcnNRRldiQ3FJcGx5NVUyRzRZX21sSFA4VEpobnc1dUtlVGRuaEZCbVRuLWpDd1ZfQnJScXpvZVJXeUt0S3dwaWM1MWxqNU5aTEN2SE5HVDVmVjF6UHppOThaWVIyZ0JyQ1hlZlRadw?oc=5\" target=\"_blank\" rel=\"nofollow noopener\">P\u015a Lillehammer: Maruyama liderk\u0105 na p\u00f3\u0142metku, Twardosz czternasta<\/a>&nbsp;&nbsp;Skoki narciarskie<\/li>\n<li><a href=\"https:\/\/news.google.com\/rss\/articles\/CBMijgFBVV95cUxNNXpGWDA4OE45b3NaTFJnSFA2TXFJaGdibmpCTHRuYzhiTDFsZGdOY2xuZXdSZVFsOG5RSFI3UjhrMnUycGxKZTNSaFBETGROaU1GTno4WmZWLXhuWURtSnpPcWdxTTNtNTlxNVNzcmpMYWctenNXLWRXVWczNks0aGI2UEs5SW1lY0VXaE1n0gGTAUFVX3lxTE9ZNmRSWlN4Y3ZmWGRUczJINFp1d0JwWEFEMHpsSGNhYm1nOTh6TWRpNXZIY2pNYTJrdkZFZEZGM2pQSDNWZzRjWTZxQmtPT1RxeGRQbklCUkZpTDFobU5PeC11TXlMNUhDaTlHSkVldC1pNEFPdV94X1Rjbkx3T05pc3o3NG9yRzRPR0lkTVBrUVB2NA?oc=5\" target=\"_blank\" rel=\"nofollow noopener\">P\u015a Pa\u0144 w Lillehammer: Trening dla Maruyamy<\/a>&nbsp;&nbsp;Skijumping<\/li>\n<li><a href=\"https:\/\/news.google.com\/rss\/articles\/CBMivgFBVV95cUxQTGRvQl90Q1IwU05aRlcxdlVNVFpvMVdsSDZvTzhoV18yZUpib3pUaDlzUTFnTEZodm9xcUZlQ3JoR0liV1I3VXRHZGVrQmRpRWRieWdzUXloa0hpWkF6UVlxRTk5TXVfYjZXQ19LTmpCMGs4VzkycUJ1VGNxeW5mUFktb2JIaXNQSDlxbHp5T0d5aV96Um1QREx5MFI1NUdoMzBhdW9ZYzZoTy16M3FQUndEcE5fZlB1UGtRVVJ3?oc=5\" target=\"_blank\" rel=\"nofollow noopener\">Pierwsze decyzje w kadrze skok\u00f3w. Znamy po\u0142ow\u0119 sk\u0142adu na konkurs. Nie zabrak\u0142o \u0142ez<\/a>&nbsp;&nbsp;Sport w INTERIA.PL<\/li>\n<li><a href=\"https:\/\/news.google.com\/rss\/articles\/CBMixAFBVV95cUxPX2Jrb203ZE4zRzlJTVdEUk40RlprcjZUQ1gyVVM3VkwyQW1pQnlpYldTQ1M2bkQ2MEJfYS1qUG9NejJ3MUFXT0k0bWZtQjIzeGdyMFg1U2dxUEJ1b3hzeGVGX2dzbGpIb2hGS3FpSHBocFlVX2djSHVscXdITXN2YTF3QjBmazBJOGZfdzF2ZExhMTRwSTRPa2t0Z09DZzhwZ0RFb2ljc1RjeWExaTZ6U1p0bkthZHUtZ0s3RFB3M3pMNk9F?oc=5\" target=\"_blank\" rel=\"nofollow noopener\">P\u015a kobiet Lillehammer: Nozomi Maruyama wygrywa kwalifikacje, dwie Polki z awansem do konkursu<\/a>&nbsp;&nbsp;SkokiPolska.pl<\/li>\n<\/ol>\n","protected":false},"excerpt":{"rendered":"Ale\u017c walka Polki na P\u015a w skokach! To niejedyna dobra wiadomo\u015b\u0107&nbsp;&nbsp;Przegl\u0105d Sportowy Onet P\u015a Lillehammer: Maruyama liderk\u0105 na&hellip;\n","protected":false},"author":2,"featured_media":113235,"comment_status":"","ping_status":"","sticky":false,"template":"","format":"standard","meta":{"footnotes":""},"categories":[24],"tags":[17166,67,42,24764,38,40,39,41,136,128,24409,47,1874,127,135,126,130],"class_list":{"0":"post-113234","1":"post","2":"type-post","3":"status-publish","4":"format-standard","5":"has-post-thumbnail","7":"category-sport","8":"tag-anna_twardosz","9":"tag-intextvideo_splayer","10":"tag-pl","11":"tag-pola_beltowska","12":"tag-poland","13":"tag-polish","14":"tag-polska","15":"tag-polski","16":"tag-ps_detal_new","17":"tag-psv2","18":"tag-puchar_swiata","19":"tag-screening_general","20":"tag-skoki_narciarskie","21":"tag-sport","22":"tag-sport_sport","23":"tag-sports","24":"tag-wiadomosci_sportowe"},"share_on_mastodon":{"url":"https:\/\/pubeurope.com\/@pl\/115593530952722989","error":""},"_links":{"self":[{"href":"https:\/\/www.europesays.com\/pl\/wp-json\/wp\/v2\/posts\/113234","targetHints":{"allow":["GET"]}}],"collection":[{"href":"https:\/\/www.europesays.com\/pl\/wp-json\/wp\/v2\/posts"}],"about":[{"href":"https:\/\/www.europesays.com\/pl\/wp-json\/wp\/v2\/types\/post"}],"author":[{"embeddable":true,"href":"https:\/\/www.europesays.com\/pl\/wp-json\/wp\/v2\/users\/2"}],"replies":[{"embeddable":true,"href":"https:\/\/www.europesays.com\/pl\/wp-json\/wp\/v2\/comments?post=113234"}],"version-history":[{"count":0,"href":"https:\/\/www.europesays.com\/pl\/wp-json\/wp\/v2\/posts\/113234\/revisions"}],"wp:featuredmedia":[{"embeddable":true,"href":"https:\/\/www.europesays.com\/pl\/wp-json\/wp\/v2\/media\/113235"}],"wp:attachment":[{"href":"https:\/\/www.europesays.com\/pl\/wp-json\/wp\/v2\/media?parent=113234"}],"wp:term":[{"taxonomy":"category","embeddable":true,"href":"https:\/\/www.europesays.com\/pl\/wp-json\/wp\/v2\/categories?post=113234"},{"taxonomy":"post_tag","embeddable":true,"href":"https:\/\/www.europesays.com\/pl\/wp-json\/wp\/v2\/tags?post=113234"}],"curies":[{"name":"wp","href":"https:\/\/api.w.org\/{rel}","templated":true}]}}