{"id":113321,"date":"2025-11-22T14:10:08","date_gmt":"2025-11-22T14:10:08","guid":{"rendered":"https:\/\/www.europesays.com\/pl\/113321\/"},"modified":"2025-11-22T14:10:08","modified_gmt":"2025-11-22T14:10:08","slug":"magdalena-tarnowska-zostala-napadnieta-cale-zycie-stanelo-mi-przed-oczami","status":"publish","type":"post","link":"https:\/\/www.europesays.com\/pl\/113321\/","title":{"rendered":"Magdalena Tarnowska zosta\u0142a napadni\u0119ta. &#8222;Ca\u0142e \u017cycie stan\u0119\u0142o mi przed oczami&#8221;"},"content":{"rendered":"<p class=\"ods-c-paragraph \"><a href=\"https:\/\/plejada.pl\/magdalena-tarnowska\" id=\"2b2d9b7a-1235-40ad-b22d-43dd73b4211b\" rel=\"nofollow noopener\" target=\"_blank\">Magdalena Tarnowska<\/a> zyska\u0142a popularno\u015b\u0107 za spraw\u0105 udzia\u0142u w programie &#8222;Taniec z gwiazdami&#8221;. W ostatnim czasie o tancerce zrobi\u0142o si\u0119 jeszcze g\u0142o\u015bniej, dzi\u0119ki zwyci\u0119stwu w tanecznym show Polsatu, w kt\u00f3rym zata\u0144czy\u0142a w parze z Miko\u0142ajem &#8222;Bagim&#8221; Bagi\u0144skim. Po wygranej Tarnowska udzieli\u0142a licznych wywiad\u00f3w. W jednym z nich zdradzi\u0142a, \u017ce dwa lata po tym, jak przeprowadzi\u0142a si\u0119 do Warszawy, prze\u017cy\u0142a traumatyczne do\u015bwiadczenie.<\/p>\n<p>Dalszy ci\u0105g artyku\u0142u pod materia\u0142em wideo<\/p>\n<p> Kiedy dosz\u0142o do napa\u015bci na Magdalen\u0119 Tarnowsk\u0105? <\/p>\n<p> Jakie straty ponios\u0142a Magdalena Tarnowska podczas napa\u015bci? <\/p>\n<p> Czy sprawcy napa\u015bci zostali z\u0142apani? <\/p>\n<p> W jaki spos\u00f3b Magdalena Tarnowska pr\u00f3bowa\u0142a zwr\u00f3ci\u0107 na siebie uwag\u0119? <\/p>\n<p>  Magdalena Tarnowska prze\u017cy\u0142a traum\u0119. Zosta\u0142a napadni\u0119ta pod swoim domem<\/p>\n<p class=\"ods-c-paragraph \">W rozmowie z Arkadiuszem Wo\u0142kiem tancerka przyzna\u0142a, \u017ce pad\u0142a ofiar\u0105 napa\u015bci. Staj\u0105c pod bramk\u0105 bloku, w kt\u00f3rym mieszka\u0142 jej taneczny partner, zorientowa\u0142a si\u0119, \u017ce bardzo szybkim krokiem zbli\u017ca\u0142 si\u0119 do niej wysoki m\u0119\u017cczyzna.<\/p>\n<blockquote class=\"ods-o-quota\">\n<p class=\"ods-o-quota__paragraph\">My\u015bla\u0142am, \u017ce chce wpisa\u0107 kod albo klikn\u0105\u0107, \u017ceby\u015bmy mogli wej\u015b\u0107 przez bramk\u0119. On mnie powali\u0142. Gdzie\u015b tam widzia\u0142am te\u017c drugiego. Ca\u0142e \u017cycie [stan\u0119\u0142o mi] przed oczami. Oni jeszcze m\u00f3wili: &#8222;Idziesz z nami&#8221;. Zacz\u0119\u0142am krzycze\u0107: &#8222;Pali si\u0119&#8221;. Mama zawsze mi powtarza\u0142a: &#8222;Nie krzycz, pomocy, bo ludzie si\u0119 boj\u0105 pomaga\u0107&#8221;<\/p>\n<\/blockquote>\n<p class=\"ods-c-paragraph \">\u2014 wspomina\u0142a.<\/p>\n<p class=\"ods-c-paragraph \">Tancerka po chwili zdradzi\u0142a, \u017ce wyrwali jej torb\u0119. Dodatkowo m\u0119\u017cczy\u017ani ukradli Tarnowskiej samoch\u00f3d, w kt\u00f3rym mia\u0142a zapakowan\u0105 prawie ca\u0142\u0105 swoj\u0105 garderob\u0119. &#8222;Na szcz\u0119\u015bcie nic si\u0119 nie sta\u0142o, ale ukradli mi auto. Ukradli mi ca\u0142y dorobek. Wtedy nie mia\u0142am pieni\u0119dzy, nie sta\u0107 mnie by\u0142o na wiele rzeczy&#8221; \u2014 kontynuowa\u0142a.<\/p>\n<p class=\"ods-c-paragraph \">Sprawca zaj\u015bcia nie zosta\u0142 z\u0142apany, a auto Tarnowskiej zosta\u0142o znalezione w innym mie\u015bcie. By\u0142o doszcz\u0119tnie spalone. &#8222;To by\u0142a sytuacja, kt\u00f3ra do tej pory my\u015bl\u0119, nie jest przepracowana do ko\u0144ca przeze mnie&#8221; \u2014 podsumowa\u0142a.<\/p>\n<p class=\"ods-c-paragraph \">Dzi\u0119kujemy, \u017ce przeczyta\u0142a\u015b\/e\u015b nasz artyku\u0142 do ko\u0144ca. W serwisie Plejada.pl ka\u017cdego dnia piszemy o najwa\u017cniejszych wydarzeniach show-biznesowych. B\u0105d\u017a na bie\u017c\u0105co! <a rel=\"nofollow noopener\" href=\"https:\/\/profile.google.com\/cp\/Cg0vZy8xMWJ6X19wdHBx\" id=\"d8591a44-7c61-4fde-8917-19ccfb84dc70\" target=\"_blank\">Obserwuj<\/a> Plejad\u0119 w Google. Odwied\u017a nas tak\u017ce na <a rel=\"nofollow noopener\" href=\"https:\/\/www.facebook.com\/plejadapl\" id=\"171130d8-438d-4a3c-9d2b-60f51262498e\" target=\"_blank\">Facebooku<\/a>, <a rel=\"nofollow noopener\" href=\"https:\/\/www.instagram.com\/plejadapl\/\" id=\"83b865dc-b8ef-4316-b356-1024d28a396f\" target=\"_blank\">Instagramie<\/a>, <a rel=\"nofollow noopener\" href=\"https:\/\/www.youtube.com\/c\/plejada\" id=\"47c113bd-c1c3-485b-b928-316056c78be8\" target=\"_blank\">YouTubie<\/a> oraz <a rel=\"nofollow noopener\" href=\"https:\/\/www.tiktok.com\/@plejada_pl\" id=\"639ea60e-3d22-4350-8af4-1779ac02053d\" target=\"_blank\">TikToku<\/a>.<\/p>\n<p class=\"ods-c-paragraph \">Chcesz podzieli\u0107 si\u0119 ciekawym newsem lub zaproponowa\u0107 temat? Skontaktuj si\u0119 z nami, pisz\u0105c maila na adres: <a rel=\"nofollow noopener\" href=\"https:\/\/plejada.pl\/newsy\/magdalena-tarnowska-zostala-napadnieta-cale-zycie-stanelo-mi-przed-oczami\/mailto:plejada@redakcjaonet.pl\" id=\"0d9b6672-dc03-421e-b317-9caa37061615\" target=\"_blank\">plejada@redakcjaon<\/a><a href=\"https:\/\/et.pl\" id=\"e863174c-59c2-4aeb-881d-7a093c3db83d\" rel=\"nofollow noopener\" target=\"_blank\">et.pl<\/a>.<\/p>\n<p><script async src=\"\/\/www.instagram.com\/embed.js\"><\/script><script async src=\"\/\/www.tiktok.com\/embed.js\"><\/script><\/p>\n","protected":false},"excerpt":{"rendered":"Magdalena Tarnowska zyska\u0142a popularno\u015b\u0107 za spraw\u0105 udzia\u0142u w programie &#8222;Taniec z gwiazdami&#8221;. W ostatnim czasie o tancerce zrobi\u0142o&hellip;\n","protected":false},"author":2,"featured_media":113322,"comment_status":"","ping_status":"","sticky":false,"template":"","format":"standard","meta":{"footnotes":""},"categories":[22],"tags":[122,1247,24780,2241,7469,48,125,46,42,38,40,39,41,123,47],"class_list":{"0":"post-113321","1":"post","2":"type-post","3":"status-publish","4":"format-standard","5":"has-post-thumbnail","7":"category-rozrywka","8":"tag-entertainment","9":"tag-kradziez","10":"tag-magdalena_tarnowska","11":"tag-majatek","12":"tag-napasc","13":"tag-nat_styl","14":"tag-newsy","15":"tag-omp","16":"tag-pl","17":"tag-poland","18":"tag-polish","19":"tag-polska","20":"tag-polski","21":"tag-rozrywka","22":"tag-screening_general"},"share_on_mastodon":{"url":"https:\/\/pubeurope.com\/@pl\/115593754956403094","error":""},"_links":{"self":[{"href":"https:\/\/www.europesays.com\/pl\/wp-json\/wp\/v2\/posts\/113321","targetHints":{"allow":["GET"]}}],"collection":[{"href":"https:\/\/www.europesays.com\/pl\/wp-json\/wp\/v2\/posts"}],"about":[{"href":"https:\/\/www.europesays.com\/pl\/wp-json\/wp\/v2\/types\/post"}],"author":[{"embeddable":true,"href":"https:\/\/www.europesays.com\/pl\/wp-json\/wp\/v2\/users\/2"}],"replies":[{"embeddable":true,"href":"https:\/\/www.europesays.com\/pl\/wp-json\/wp\/v2\/comments?post=113321"}],"version-history":[{"count":0,"href":"https:\/\/www.europesays.com\/pl\/wp-json\/wp\/v2\/posts\/113321\/revisions"}],"wp:featuredmedia":[{"embeddable":true,"href":"https:\/\/www.europesays.com\/pl\/wp-json\/wp\/v2\/media\/113322"}],"wp:attachment":[{"href":"https:\/\/www.europesays.com\/pl\/wp-json\/wp\/v2\/media?parent=113321"}],"wp:term":[{"taxonomy":"category","embeddable":true,"href":"https:\/\/www.europesays.com\/pl\/wp-json\/wp\/v2\/categories?post=113321"},{"taxonomy":"post_tag","embeddable":true,"href":"https:\/\/www.europesays.com\/pl\/wp-json\/wp\/v2\/tags?post=113321"}],"curies":[{"name":"wp","href":"https:\/\/api.w.org\/{rel}","templated":true}]}}