{"id":113327,"date":"2025-11-22T14:14:12","date_gmt":"2025-11-22T14:14:12","guid":{"rendered":"https:\/\/www.europesays.com\/pl\/113327\/"},"modified":"2025-11-22T14:14:12","modified_gmt":"2025-11-22T14:14:12","slug":"samolot-z-warszawy-musial-zawrocic-na-okecie-zaloga-sama-ugasila-ogien","status":"publish","type":"post","link":"https:\/\/www.europesays.com\/pl\/113327\/","title":{"rendered":"Samolot z Warszawy musia\u0142 zawr\u00f3ci\u0107 na Ok\u0119cie. Za\u0142oga sama ugasi\u0142a ogie\u0144"},"content":{"rendered":"<p class=\"Paragraph_desktopParagraph__U31Gm\">Samolot zawr\u00f3ci\u0142 na Ok\u0119cie nied\u0142ugo po starcie w kierunku Stambu\u0142u (Turcja), w momencie, kiedy znajdowa\u0142 si\u0119 nad Ostrowcem \u015awi\u0119tokrzyskim. L\u0105dowanie w Warszawie nie odby\u0142o si\u0119 w trybie awaryjnym, ale normalnym. Jak poinformowa\u0142 TVN24 rzecznik Polskich Linii Lotniczych LOT Krzysztof Moczulski, &#8222;na pok\u0142adzie dosz\u0142o do zadymienia spowodowanego przez awari\u0119 baterii urz\u0105dzenia elektronicznego jednego z pasa\u017cer\u00f3w. Za\u0142oga, zgodnie z procedur\u0105, u\u017cy\u0142a ga\u015bnicy i zneutralizowa\u0142a dym&#8221;. <\/p>\n<p class=\"Paragraph_desktopParagraph__U31Gm\">Reporter stacji TVN24 Artur W\u0119grzynowicz, powo\u0142uj\u0105c si\u0119 na relacj\u0119 pasa\u017cera, opisa\u0142:<\/p>\n<p class=\"Paragraph_desktopParagraph__U31Gm\">&#8211; Uda\u0142o nam si\u0119 dotrze\u0107 do jednego z pasa\u017cer\u00f3w tego lotu. W pewnym momencie przez samolot zacz\u0105\u0142 biec m\u0119\u017cczyzna, trzyma\u0142 w r\u0119ku p\u0142on\u0105cy telefon, z kt\u00f3rego wydobywa\u0142 si\u0119 dym.<\/p>\n<p class=\"VideoPlayerText_videoPlayerText__iDwyz\">Dalszy ci\u0105g materia\u0142u pod wideo<\/p>\n<ul class=\"OchatFollowUps_wrapper__1ry7X\">\n<li class=\"OchatFollowUps_item__Dhyly OchatFollowUps_itemDesktop__R6aBv\">Co si\u0119 sta\u0142o podczas lotu z Warszawy do Stambu\u0142u?<\/li>\n<li class=\"OchatFollowUps_item__Dhyly OchatFollowUps_itemDesktop__R6aBv\">Jak zareagowa\u0142a za\u0142oga samolotu?<\/li>\n<li class=\"OchatFollowUps_item__Dhyly OchatFollowUps_itemDesktop__R6aBv\">Co si\u0119 sta\u0142o z p\u0142on\u0105cym telefonem po ugaszeniu ognia?<\/li>\n<li class=\"OchatFollowUps_item__Dhyly OchatFollowUps_itemDesktop__R6aBv\">Czy pasa\u017cerowie ucierpieli w incydencie?<\/li>\n<\/ul>\n<p>Za\u0142oga samolotu ugasi\u0142a ogie\u0144 ga\u015bnic\u0105 <\/p>\n<p class=\"Paragraph_desktopParagraph__U31Gm\">Telefon pasa\u017cera, w kt\u00f3rym zapali\u0142a si\u0119 bateria, zosta\u0142 po ugaszeniu umieszczony w pojemniku z wod\u0105, w celu sch\u0142odzenia. Nast\u0119pnie, ju\u017c po wyl\u0105dowaniu, przekazano go w r\u0119ce stra\u017cak\u00f3w, kt\u00f3rzy ju\u017c czekali na samolot w specjalnie wyznaczonym miejscu. Interwencj\u0119 stra\u017cy po\u017carnej wida\u0107 na nagraniu.<\/p>\n<p class=\"Paragraph_desktopParagraph__U31Gm\">&#8222;Ca\u0142a sytuacja zosta\u0142a opanowana przez za\u0142og\u0119 bardzo profesjonalnie&#8221; \u2014 powiedzia\u0142 TVN24 jeden z pasa\u017cer\u00f3w samolotu. Doda\u0142, \u017ce pasa\u017cerowie mieli pozosta\u0107 na miejscach do momentu przyjazdu policji. Po ok. 40 minutach zostali przetransportowani do terminala, a nast\u0119pnie polecieli do Stambu\u0142u innym samolotem. Nikt z pasa\u017cer\u00f3w nie ucierpia\u0142 w zdarzeniu.<\/p>\n","protected":false},"excerpt":{"rendered":"Samolot zawr\u00f3ci\u0142 na Ok\u0119cie nied\u0142ugo po starcie w kierunku Stambu\u0142u (Turcja), w momencie, kiedy znajdowa\u0142 si\u0119 nad Ostrowcem&hellip;\n","protected":false},"author":2,"featured_media":113328,"comment_status":"","ping_status":"","sticky":false,"template":"","format":"standard","meta":{"footnotes":""},"categories":[12],"tags":[32,33,244,36,37,27,67,34,35,2466,28,31,53,25,24781,52,68,51,55,42,38,40,39,41,4686,47,29,30,65,50,26],"class_list":{"0":"post-113327","1":"post","2":"type-post","3":"status-publish","4":"format-standard","5":"has-post-thumbnail","7":"category-polska","8":"tag-breaking-news","9":"tag-breakingnews","10":"tag-ctr_tst","11":"tag-featured-news","12":"tag-featurednews","13":"tag-headlines","14":"tag-intextvideo_splayer","15":"tag-latest-news","16":"tag-latestnews","17":"tag-lotnictwo_samoloty_samolot_przemysl_lotniczy_linie_lotnicze_lotnictwo_wojskowe_ruch_lotniczy","18":"tag-naglowki","19":"tag-najwazniejsze-artykuly","20":"tag-new_header","21":"tag-news","22":"tag-okecie","23":"tag-onet3","24":"tag-onet3d","25":"tag-onet3d_2i","26":"tag-phx","27":"tag-pl","28":"tag-poland","29":"tag-polish","30":"tag-polska","31":"tag-polski","32":"tag-pozar_pozary","33":"tag-screening_general","34":"tag-top-stories","35":"tag-topstories","36":"tag-update_me","37":"tag-v2021","38":"tag-wiadomosci"},"share_on_mastodon":{"url":"","error":"Validation failed: Text character limit of 500 exceeded"},"_links":{"self":[{"href":"https:\/\/www.europesays.com\/pl\/wp-json\/wp\/v2\/posts\/113327","targetHints":{"allow":["GET"]}}],"collection":[{"href":"https:\/\/www.europesays.com\/pl\/wp-json\/wp\/v2\/posts"}],"about":[{"href":"https:\/\/www.europesays.com\/pl\/wp-json\/wp\/v2\/types\/post"}],"author":[{"embeddable":true,"href":"https:\/\/www.europesays.com\/pl\/wp-json\/wp\/v2\/users\/2"}],"replies":[{"embeddable":true,"href":"https:\/\/www.europesays.com\/pl\/wp-json\/wp\/v2\/comments?post=113327"}],"version-history":[{"count":0,"href":"https:\/\/www.europesays.com\/pl\/wp-json\/wp\/v2\/posts\/113327\/revisions"}],"wp:featuredmedia":[{"embeddable":true,"href":"https:\/\/www.europesays.com\/pl\/wp-json\/wp\/v2\/media\/113328"}],"wp:attachment":[{"href":"https:\/\/www.europesays.com\/pl\/wp-json\/wp\/v2\/media?parent=113327"}],"wp:term":[{"taxonomy":"category","embeddable":true,"href":"https:\/\/www.europesays.com\/pl\/wp-json\/wp\/v2\/categories?post=113327"},{"taxonomy":"post_tag","embeddable":true,"href":"https:\/\/www.europesays.com\/pl\/wp-json\/wp\/v2\/tags?post=113327"}],"curies":[{"name":"wp","href":"https:\/\/api.w.org\/{rel}","templated":true}]}}