{"id":113331,"date":"2025-11-22T14:17:09","date_gmt":"2025-11-22T14:17:09","guid":{"rendered":"https:\/\/www.europesays.com\/pl\/113331\/"},"modified":"2025-11-22T14:17:09","modified_gmt":"2025-11-22T14:17:09","slug":"zona-zmarlego-tomasza-jakubiaka-nagle-zabrala-glos-wyznala-co-sadzi-o-zalobie","status":"publish","type":"post","link":"https:\/\/www.europesays.com\/pl\/113331\/","title":{"rendered":"\u017bona zmar\u0142ego Tomasza Jakubiaka nagle zabra\u0142a g\u0142os. Wyzna\u0142a, co s\u0105dzi o \u017ca\u0142obie"},"content":{"rendered":"<p>Tomasz Jakubiak zmar\u0142 po walce z chorob\u0105. Fani wci\u0105\u017c o nim pami\u0119taj\u0105<\/p>\n<p class=\"typography ids-typeset-body ids-typeset-body--preset-large link paragraph ids-paragraph ids-paragraph--default\"><a href=\"https:\/\/www.pomponik.pl\/gwiazdy-i-produkcje-tomasz-jakubiak,gsbi,6597\" rel=\"nofollow noopener\" target=\"_blank\">Tomasz Jakubiak<\/a> w 2024 roku przyzna\u0142, \u017ce zmaga si\u0119 z ci\u0119\u017ck\u0105 chorob\u0105. Znany z &#8222;Maserchefa&#8221; kucharz zaapelowa\u0142 wtedy do fan\u00f3w o pomoc w leczeniu. Internauci z uwag\u0105 \u015bledzili jego losy i czekali na informacje o stanie jego zdrowia. Wszyscy mieli nadziej\u0119 na to, \u017ce dzi\u0119ki zaawansowanemu leczeniu choroba ust\u0105pi.<\/p>\n<p class=\"typography ids-typeset-body ids-typeset-body--preset-large link paragraph ids-paragraph ids-paragraph--default\">Tak si\u0119 jednak nie sta\u0142o. 30 kwietnia do medi\u00f3w dotar\u0142a smutna informacja. Tomasz Jakubiak przegra\u0142 walk\u0119 z chorob\u0105. <a href=\"https:\/\/www.pomponik.pl\/gwiazdy-telewizji\/news-tlumy-zegnaja-tomasza-jakubiaka-ogromne-wzruszenie-podczas-o,nId,7964387\" target=\"_blank\" rel=\"nofollow noopener\">Znanego kucharza \u017cegnali bliscy, fani oraz znajomi z bran\u017cy<\/a>.<\/p>\n<p class=\"typography ids-typeset-body ids-typeset-body--preset-large link paragraph ids-paragraph ids-paragraph--default\">\u015amier\u0107 Tomasza Jakubiaka najbardziej dotkn\u0119\u0142a jego \u017con\u0119 oraz syna. Anastazja Jakubiak pogr\u0105\u017cy\u0142a si\u0119 w \u017ca\u0142obie.<\/p>\n<p class=\"typography ids-typeset-body ids-typeset-body--preset-large link paragraph ids-paragraph ids-paragraph--default\">Gdy min\u0119\u0142o troch\u0119 czasu, <a href=\"https:\/\/www.pomponik.pl\/porady-i-uroda\/news-zona-wyznala-piec-miesiecy-po-smierci-jakubiaka-potrafie-tes,nId,22451015\" target=\"_blank\" rel=\"nofollow noopener\">postanowi\u0142a co jaki\u015b czas odzywa\u0107 si\u0119 do internaut\u00f3w, by opowiada\u0107 im o nowej rzeczywisto\u015bci<\/a>, w kt\u00f3rej musi si\u0119 odnale\u017a\u0107.<\/p>\n<p>Tomek Wygoda o wygranej Bagiego. Co my\u015bli o wpisie Rogacewicza?pomponik.pl<\/p>\n<p>\u017bona Tomasza Jakubiaka odezwa\u0142a si\u0119 do fan\u00f3w. Przekaza\u0142a im wa\u017cny apel<\/p>\n<p class=\"typography ids-typeset-body ids-typeset-body--preset-large link paragraph ids-paragraph ids-paragraph--default\">Dzi\u015b, 22 listopada Anastazja Jakubiak postanowi\u0142a odezwa\u0107 si\u0119 do fan\u00f3w na Instagramie z wa\u017cnym przes\u0142aniem. Wdowa po zmar\u0142ym kucharzu opublikowa\u0142a filmik w opisie, kt\u00f3rego mo\u017cna przeczyta\u0107:<\/p>\n<blockquote role=\"blockquote\" class=\"quote ids-quote ids-quote--nosurface--short--medium\"><p>&#8222;W \u017ca\u0142obie wypada wszystko. A najbardziej to, co daje Ci ulg\u0119. Je\u017celi mierzysz si\u0119 ze strat\u0105, \u017cycz\u0119 Ci, aby\u015b czu\u0142_a si\u0119 wolny_a czu\u0107, przezywa\u0107 po swojemu, bez oceny innych&#8221;.<\/p><\/blockquote>\n<p class=\"typography ids-typeset-body ids-typeset-body--preset-large link paragraph ids-paragraph ids-paragraph--default\">Na wideo poruszona Anastazja m\u00f3wi o tym, \u017ce \u017cycie po \u015bmierci wa\u017cnej osoby wcale nie musi by\u0107 przepe\u0142nione ci\u0105g\u0142ym smutkiem\u00a0oraz odizolowaniem si\u0119 od innych. \u017bona zmar\u0142ego kucharza zach\u0119ca do tego, by cieszy\u0107 si\u0119 z codzienno\u015bci i nie patrze\u0107 na opinie innych.<\/p>\n<p class=\"typography ids-typeset-body ids-typeset-body--preset-large link paragraph ids-paragraph ids-paragraph--default\">&#8222;Je\u015bli straci\u0142e\u015b blisk\u0105 ci osob\u0119, to dzisiaj \u017cycz\u0119 ci wolno\u015bci bycia sob\u0105 bez obawy oceny innych. Jak chcesz to p\u0142acz, \u015bmiej si\u0119, baw si\u0119, krzycz, ta\u0144cz, r\u00f3b, na co tylko masz ochot\u0119, co ci pomaga w danej chwili. Wolno\u015bci od tabu, m\u00f3wienia o tym, co czujesz wtedy, kiedy chcesz i jak chcesz, bez \u017cadnych blokad. My\u015bl\u0119, \u017ce to jest moje ulubione. Wolno\u015bci w zmianie przyzwyczaje\u0144, smak\u00f3w, kulinarnych dozna\u0144 i ubior\u00f3w. Wolno\u015bci bycia sob\u0105 w nowej rzeczywisto\u015bci&#8221; &#8211; zaapelowa\u0142a.<\/p>\n<p class=\"typography ids-typeset-body ids-typeset-body--preset-large link paragraph ids-paragraph ids-paragraph--default\">Co ciekawe, komentarze pod wpisem Anastazji Jakubiak s\u0105 bardzo pozytywne. Internauci wyra\u017caj\u0105 swoje wsp\u00f3\u0142czucie wobec sytuacji \u017cony zmar\u0142ego gwiazdora &#8222;MaserChefa&#8221;. Przywo\u0142uj\u0105 tak\u017ce swoje smutne historie i opisuj\u0105, jak oni radzili sobie z \u017ca\u0142ob\u0105.<\/p>\n<p>Czytaj tak\u017ce:<a id=\"a-img\" class=\"hl-6\"><img class=\"hl-8\"\/><\/a><a id=\"a-main\" class=\"hl-9\"\/>Halo! Wejd\u017a na <a id=\"halo-text-a\" href=\"https:\/\/halotu.polsat.pl#parametr=link_halo\" rel=\"nofollow noopener\" target=\"_blank\">halotu.polsat.pl<\/a> i nie przegap naj\u015bwie\u017cszych informacji z poranka w Polsacie.<\/p>\n<ul class=\"typography ids-typeset-body ids-typeset-body--preset-small list--article-list ids-list ids-list--unordered ids-list--size-small \" datatype=\"disc\">\n<li class=\"ids-list-item ids-list-item__content brief-list-item\"><a class=\"ids-undecorated-link link ids-link \" data-spons=\"false\" href=\"https:\/\/www.pomponik.pl\/porady-i-uroda\/news-zona-wyznala-piec-miesiecy-po-smierci-jakubiaka-potrafie-tes,nId,22451015\" rel=\"nofollow noopener\" target=\"_blank\">\u017bona wyzna\u0142a pi\u0119\u0107 miesi\u0119cy po \u015bmierci Jakubiaka. &#8222;Potrafi\u0119 t\u0119skni\u0107 bez \u0142ez&#8221;<\/a><\/li>\n<li class=\"ids-list-item ids-list-item__content brief-list-item\"><a class=\"ids-undecorated-link link ids-link \" data-spons=\"false\" href=\"https:\/\/www.pomponik.pl\/gwiazdy-telewizji\/news-ledwo-zona-jakubiaka-wrocila-do-sieci-a-juz-takie-wiesci-ucz,nId,22450548\" rel=\"nofollow noopener\" target=\"_blank\">Ledwo \u017cona Jakubiaka wr\u00f3ci\u0142a do sieci, a ju\u017c takie wie\u015bci. Uczci pami\u0119\u0107 zmar\u0142ego m\u0119\u017ca w telewizji<\/a><\/li>\n<\/ul>\n","protected":false},"excerpt":{"rendered":"Tomasz Jakubiak zmar\u0142 po walce z chorob\u0105. Fani wci\u0105\u017c o nim pami\u0119taj\u0105 Tomasz Jakubiak w 2024 roku przyzna\u0142,&hellip;\n","protected":false},"author":2,"featured_media":76714,"comment_status":"","ping_status":"","sticky":false,"template":"","format":"standard","meta":{"footnotes":""},"categories":[22],"tags":[122,42,38,40,39,41,123],"class_list":{"0":"post-113331","1":"post","2":"type-post","3":"status-publish","4":"format-standard","5":"has-post-thumbnail","7":"category-rozrywka","8":"tag-entertainment","9":"tag-pl","10":"tag-poland","11":"tag-polish","12":"tag-polska","13":"tag-polski","14":"tag-rozrywka"},"share_on_mastodon":{"url":"https:\/\/pubeurope.com\/@pl\/115593782604775912","error":""},"_links":{"self":[{"href":"https:\/\/www.europesays.com\/pl\/wp-json\/wp\/v2\/posts\/113331","targetHints":{"allow":["GET"]}}],"collection":[{"href":"https:\/\/www.europesays.com\/pl\/wp-json\/wp\/v2\/posts"}],"about":[{"href":"https:\/\/www.europesays.com\/pl\/wp-json\/wp\/v2\/types\/post"}],"author":[{"embeddable":true,"href":"https:\/\/www.europesays.com\/pl\/wp-json\/wp\/v2\/users\/2"}],"replies":[{"embeddable":true,"href":"https:\/\/www.europesays.com\/pl\/wp-json\/wp\/v2\/comments?post=113331"}],"version-history":[{"count":0,"href":"https:\/\/www.europesays.com\/pl\/wp-json\/wp\/v2\/posts\/113331\/revisions"}],"wp:featuredmedia":[{"embeddable":true,"href":"https:\/\/www.europesays.com\/pl\/wp-json\/wp\/v2\/media\/76714"}],"wp:attachment":[{"href":"https:\/\/www.europesays.com\/pl\/wp-json\/wp\/v2\/media?parent=113331"}],"wp:term":[{"taxonomy":"category","embeddable":true,"href":"https:\/\/www.europesays.com\/pl\/wp-json\/wp\/v2\/categories?post=113331"},{"taxonomy":"post_tag","embeddable":true,"href":"https:\/\/www.europesays.com\/pl\/wp-json\/wp\/v2\/tags?post=113331"}],"curies":[{"name":"wp","href":"https:\/\/api.w.org\/{rel}","templated":true}]}}