{"id":113338,"date":"2025-11-22T14:22:10","date_gmt":"2025-11-22T14:22:10","guid":{"rendered":"https:\/\/www.europesays.com\/pl\/113338\/"},"modified":"2025-11-22T14:22:10","modified_gmt":"2025-11-22T14:22:10","slug":"cztery-lata-bez-polskiego-debiutanta-w-ps-i-wreszcie-koniec-nadszedl-kacper-tomasiak-sport-tvp-pl","status":"publish","type":"post","link":"https:\/\/www.europesays.com\/pl\/113338\/","title":{"rendered":"Cztery lata bez polskiego debiutanta w P\u015a. I wreszcie koniec: nadszed\u0142 Kacper Tomasiak &#8211; sport.tvp.pl"},"content":{"rendered":"<ol>\n<li><a href=\"https:\/\/news.google.com\/rss\/articles\/CBMiygFBVV95cUxPaS15ZURaY1FpcEVtd3hxVV9weTJ2bVYyTTFxZ3dfOVNydEpaY0ZlWnE4ek5IUlFKN2lRaTZaZ2hMZnk4R2VaTHZBZmV3Z1J4ekFXRlJrZmNid3MwUVFpRmRpZGo0WlBvSnA5Z2I0ZWNXZ3dyV3BNTnhtSkMxR21nQzRYbktRYkt2UVNoUkVsTmo3WG5NX3BxUXcwUUx5WWlOS01aSFp4VWhDakRZdWlxS1cxbmJrNExxWVV2dW8tVGNwajAzWi0zc2pn0gHPAUFVX3lxTE1RRFc4VllINmtOZ3hCTlAyWlBCSGFlUzlYTFAyenZLVUFVTDhkS0NZSkNaR0p5V2ZtQ01fWDVyQTdyVFFtcXpuVUJtc0U4R1FWel95cnFmWDB6M0t2aTB3cFBhYU5rZE53SWpUWUkyTUtqZ1Y0VkU3TFB4T2FhNDhkZi0xeDVVRkpzU2F3SE9iM29LRTlzTEdtZ3A5bVdFQkNhYjAtMEJoUWZaYUJYanhfZTVLck9HazBya3FodTVrSHZCUDZfWGdreHBDS2VMZw?oc=5\" target=\"_blank\" rel=\"nofollow noopener\">Cztery lata bez polskiego debiutanta w P\u015a. I wreszcie koniec: nadszed\u0142 Kacper Tomasiak<\/a>&nbsp;&nbsp;sport.tvp.pl<\/li>\n<li><a href=\"https:\/\/news.google.com\/rss\/articles\/CBMivgFBVV95cUxPZTBGdXZDNlFlN2dQcUZEMTZiQ1BUOUJxcnE3VnN6QW5OdUNmQjgzOWxCaUVOTUhPZ3RyT2JvdWg3R0l4VS1STGdzYnFvZmtpZWpaNDREaE9qLW9uUnAzNEVNTHZkTkVhNE1leEh3dEx2SllCWDE1MGp4SGl0WFhfZmctUVBhTklFcUJDRDVJbnVtdEFacVB5S2RtVjJkXzJxemlSVG1FUkt6TkRpRUtqNnhSTlJzbHI0a2pseU53?oc=5\" target=\"_blank\" rel=\"nofollow noopener\">Puchar \u015awiata w Lillehammer. Kwalifikacje i konkurs. Relacja na \u017cywo<\/a>&nbsp;&nbsp;Sport w INTERIA.PL<\/li>\n<li><a href=\"https:\/\/news.google.com\/rss\/articles\/CBMiswJBVV95cUxNVGR3Vk9LQWJZTUVGVzdJYlFvekdMWHRnbUZNZkNUb0tqdEt0enhTZzRsc3Z2VXZVZWdVZk5DV2dHNmVYdGJGV2V4TnRzZjBwbnI4RjdHWjhPYUxLVHJDODZBdUpaR0FwZE9qVDFST0FGTGpFX3JEbXcwX3J1ZjZIRFRzQ3J4RmVGM01KNDAzNkN3U1dQTmdSV2RqWTQ5c20wUDVPZXpWM0tlYTVuY2xfcnF1NHo3SnFoVFRjM2MwOHRXeDZwakczMnFUNklCLTJoWXB4RC1QQ1JpaEp4VGY2dTB0Qi1rYzdGeFQwc0FEU1pqZVVFaE9DOENVNm56RDA2aFZLQk1qVGdmT1pNazdOTTZ4ME45UHhLcmR0MEtqdE5PdmJhOUlLQWlZRURlaXJ5X3lj?oc=5\" target=\"_blank\" rel=\"nofollow noopener\">Kwalifikacje i konkurs. Sobotnie skoki w Lillehammer na \u017cywo<\/a>&nbsp;&nbsp;Eurosport Polska<\/li>\n<li><a href=\"https:\/\/news.google.com\/rss\/articles\/CBMipgFBVV95cUxQSWZEekw1NU5xNWlMYzlqdU5CYTJXc0VfdFJRZjBWcXRQRXRBaUxtclotWFo5N2d6aV9zTlQzbFdXX29CWGd6VGFsckFsMEVwR1NDTzREV29YcEdaQXlXQ25yV1NEU3Y1Qm1GOFpLRjZUMk95Q0F0TF9RbWM1OFBvd0JxMDVBTFlCYnVtOVFMVWo4YjVDcjRKRXBSRnpQbi1JSXMwOE5B?oc=5\" target=\"_blank\" rel=\"nofollow noopener\">Stoch w czo\u0142\u00f3wce. Zobacz klasyfikacj\u0119 indywidualn\u0105<\/a>&nbsp;&nbsp;SportoweFakty<\/li>\n<li><a href=\"https:\/\/news.google.com\/rss\/articles\/CBMi7gFBVV95cUxQM2Z3bG5Xcy1hMlFwTGZBcy1mWV80dTdHY05xYm43MmgxRkd2dUN0LVFKOExWd1B3MGRzQXVQM3lZb0Y3Y3h6LWJfTmlYS1hkM0pfTll6M0M1ZzBaNlhRUnZCWlQzVEx1b2QzS0NoQ2JpOHFmdFNHYS1mUmpqaVRaR2YwLVgzbXZvaGZNYnNXbmxNRm0zbFB1UlRDZ3NYSEV2RndkV2ZZTUtmcjlSZUU4Wk43cjRHX3hEQlB2aDRjMWlXT2JYUkVCekVJUjVDaVNMVG8zdlBrLWJrOUlfUGp3bk1KRzhXbGZadmZ6QmxB?oc=5\" target=\"_blank\" rel=\"nofollow noopener\">Polacy rywalizuj\u0105 w Lillehammer! \u015aled\u017a sobotnie skoki [NA \u017bYWO]<\/a>&nbsp;&nbsp;sport.tvp.pl<\/li>\n<\/ol>\n","protected":false},"excerpt":{"rendered":"Cztery lata bez polskiego debiutanta w P\u015a. I wreszcie koniec: nadszed\u0142 Kacper Tomasiak&nbsp;&nbsp;sport.tvp.pl Puchar \u015awiata w Lillehammer. Kwalifikacje&hellip;\n","protected":false},"author":2,"featured_media":113339,"comment_status":"","ping_status":"","sticky":false,"template":"","format":"standard","meta":{"footnotes":""},"categories":[5],"tags":[32,33,36,37,27,6799,34,35,22693,16929,28,31,25,42,38,40,39,41,17495,24782,1538,334,29,30,26],"class_list":{"0":"post-113338","1":"post","2":"type-post","3":"status-publish","4":"format-standard","5":"has-post-thumbnail","7":"category-naglowki","8":"tag-breaking-news","9":"tag-breakingnews","10":"tag-featured-news","11":"tag-featurednews","12":"tag-headlines","13":"tag-kacper-tomasiak","14":"tag-latest-news","15":"tag-latestnews","16":"tag-lillehammer","17":"tag-maciej-maciusiak","18":"tag-naglowki","19":"tag-najwazniejsze-artykuly","20":"tag-news","21":"tag-pl","22":"tag-poland","23":"tag-polish","24":"tag-polska","25":"tag-polski","26":"tag-puchar-swiata-w-skokach-narciarskich","27":"tag-pzn","28":"tag-skoki-narciarskie","29":"tag-sport-tvp-pl","30":"tag-top-stories","31":"tag-topstories","32":"tag-wiadomosci"},"share_on_mastodon":{"url":"https:\/\/pubeurope.com\/@pl\/115593802072544723","error":""},"_links":{"self":[{"href":"https:\/\/www.europesays.com\/pl\/wp-json\/wp\/v2\/posts\/113338","targetHints":{"allow":["GET"]}}],"collection":[{"href":"https:\/\/www.europesays.com\/pl\/wp-json\/wp\/v2\/posts"}],"about":[{"href":"https:\/\/www.europesays.com\/pl\/wp-json\/wp\/v2\/types\/post"}],"author":[{"embeddable":true,"href":"https:\/\/www.europesays.com\/pl\/wp-json\/wp\/v2\/users\/2"}],"replies":[{"embeddable":true,"href":"https:\/\/www.europesays.com\/pl\/wp-json\/wp\/v2\/comments?post=113338"}],"version-history":[{"count":0,"href":"https:\/\/www.europesays.com\/pl\/wp-json\/wp\/v2\/posts\/113338\/revisions"}],"wp:featuredmedia":[{"embeddable":true,"href":"https:\/\/www.europesays.com\/pl\/wp-json\/wp\/v2\/media\/113339"}],"wp:attachment":[{"href":"https:\/\/www.europesays.com\/pl\/wp-json\/wp\/v2\/media?parent=113338"}],"wp:term":[{"taxonomy":"category","embeddable":true,"href":"https:\/\/www.europesays.com\/pl\/wp-json\/wp\/v2\/categories?post=113338"},{"taxonomy":"post_tag","embeddable":true,"href":"https:\/\/www.europesays.com\/pl\/wp-json\/wp\/v2\/tags?post=113338"}],"curies":[{"name":"wp","href":"https:\/\/api.w.org\/{rel}","templated":true}]}}