{"id":113354,"date":"2025-11-22T14:33:19","date_gmt":"2025-11-22T14:33:19","guid":{"rendered":"https:\/\/www.europesays.com\/pl\/113354\/"},"modified":"2025-11-22T14:33:19","modified_gmt":"2025-11-22T14:33:19","slug":"pkp-plk-inwestuja-w-wyzszy-poziom-bezpieczenstwa-na-przejazdach-kolejowo-drogowych","status":"publish","type":"post","link":"https:\/\/www.europesays.com\/pl\/113354\/","title":{"rendered":"PKP PLK inwestuj\u0105 w wy\u017cszy poziom bezpiecze\u0144stwa na przejazdach kolejowo-drogowych"},"content":{"rendered":"<p>PKP Polskie Linie Kolejowe podpisa\u0142y umow\u0119 z firm\u0105 Trans-Tel na modernizacj\u0119 13 przejazd\u00f3w kolejowo-drogowych. Nowoczesne systemy sterowania ruchem podnios\u0105 poziom bezpiecze\u0144stwa na skrzy\u017cowaniach tor\u00f3w z drogami i usprawni\u0105 przejazd przez lini\u0119 kolejow\u0105.<\/p>\n<p>Dotychczasowe urz\u0105dzenia przejazdowe zostan\u0105 wymienione na nowoczesne systemy sterowania ruchem i zabezpiecze\u0144, co zwi\u0119kszy bezpiecze\u0144stwo i umo\u017cliwi sprawne pokonanie tor\u00f3w. Redukcja awaryjno\u015bci oznacza wi\u0119ksz\u0105 ochron\u0119 dla wszystkich u\u017cytkownik\u00f3w przejazd\u00f3w \u2013 pasa\u017cer\u00f3w, poci\u0105g\u00f3w, kierowc\u00f3w, rowerzyst\u00f3w i pieszych.<\/p>\n<p>W ramach wcze\u015bniejszych dzia\u0142a\u0144 w projekcie modernizowane b\u0119d\u0105 przejazdy w wojew\u00f3dztwach:<\/p>\n<ul>\n<li>kujawsko-pomorskim \u2013 5 przejazd\u00f3w: Lubie\u0144 Kujawski, W\u0142oc\u0142awek, Sadki (dwa przejazdy) oraz Nowa Wie\u015b Wielka,<\/li>\n<li>\u0142\u00f3dzkim \u2013 2 przejazdy: Rokiciny, Koluszki,<\/li>\n<li>lubuskim \u2013 3 przejazdy: \u017bary, Szprotawa (dwa przejazdy),<\/li>\n<li>wielkopolskim \u2013 3 przejazdy: Rakoniewice, Raszk\u00f3w, Nowe Skalmierzyce.<\/li>\n<\/ul>\n<p>Prace obejm\u0105 m.in. likwidacj\u0119 posterunk\u00f3w dr\u00f3\u017cnika przejazdowego, a w miejsce likwidowanych posterunk\u00f3w zostan\u0105 zabudowane samoczynne systemy przejazdowe, urz\u0105dze\u0144 sterowania ruchem kolejowym oraz sygnalizacji \u015bwietlno-d\u017awi\u0119kowej i p\u00f3\u0142rogatek. Dzi\u0119ki tym dzia\u0142aniom podniesiony zostanie standard bezpiecze\u0144stwa na skrzy\u017cowaniach tor\u00f3w z drogami, a przejazdy b\u0119d\u0105 bardziej niezawodne i sprawne.<\/p>\n<p>Umowa o warto\u015bci 24,2 mln z\u0142otych jest ju\u017c drug\u0105, w ramach projektu \u201ePoprawa bezpiecze\u0144stwa na przejazdach kolejowych \u2013 Etap VII\u201d.<\/p>\n<p>Ca\u0142kowita warto\u015b\u0107 przedsi\u0119wzi\u0119cia, w ramach kt\u00f3rego planowana jest modernizacja 59 przejazd\u00f3w kolejowo-drogowych w ca\u0142ej Polsce, wynosi ponad 188 mln z\u0142otych. Dzia\u0142ania s\u0105 finansowane ze \u015brodk\u00f3w Krajowego Planu Odbudowy i Zwi\u0119kszenia Odporno\u015bci (KPO) i maj\u0105 na celu zwi\u0119kszenie bezpiecze\u0144stwa oraz sprawno\u015bci prowadzenia ruchu kolejowego w ca\u0142ym kraju.<\/p>\n","protected":false},"excerpt":{"rendered":"PKP Polskie Linie Kolejowe podpisa\u0142y umow\u0119 z firm\u0105 Trans-Tel na modernizacj\u0119 13 przejazd\u00f3w kolejowo-drogowych. Nowoczesne systemy sterowania ruchem&hellip;\n","protected":false},"author":2,"featured_media":113355,"comment_status":"","ping_status":"","sticky":false,"template":"","format":"standard","meta":{"footnotes":""},"categories":[16],"tags":[113,112,2801,42,38,40,39,41,24783],"class_list":{"0":"post-113354","1":"post","2":"type-post","3":"status-publish","4":"format-standard","5":"has-post-thumbnail","7":"category-biznes","8":"tag-biznes","9":"tag-business","10":"tag-pkp-plk","11":"tag-pl","12":"tag-poland","13":"tag-polish","14":"tag-polska","15":"tag-polski","16":"tag-przejazd-kolejowo-drogowy"},"share_on_mastodon":{"url":"https:\/\/pubeurope.com\/@pl\/115593845313852313","error":""},"_links":{"self":[{"href":"https:\/\/www.europesays.com\/pl\/wp-json\/wp\/v2\/posts\/113354","targetHints":{"allow":["GET"]}}],"collection":[{"href":"https:\/\/www.europesays.com\/pl\/wp-json\/wp\/v2\/posts"}],"about":[{"href":"https:\/\/www.europesays.com\/pl\/wp-json\/wp\/v2\/types\/post"}],"author":[{"embeddable":true,"href":"https:\/\/www.europesays.com\/pl\/wp-json\/wp\/v2\/users\/2"}],"replies":[{"embeddable":true,"href":"https:\/\/www.europesays.com\/pl\/wp-json\/wp\/v2\/comments?post=113354"}],"version-history":[{"count":0,"href":"https:\/\/www.europesays.com\/pl\/wp-json\/wp\/v2\/posts\/113354\/revisions"}],"wp:featuredmedia":[{"embeddable":true,"href":"https:\/\/www.europesays.com\/pl\/wp-json\/wp\/v2\/media\/113355"}],"wp:attachment":[{"href":"https:\/\/www.europesays.com\/pl\/wp-json\/wp\/v2\/media?parent=113354"}],"wp:term":[{"taxonomy":"category","embeddable":true,"href":"https:\/\/www.europesays.com\/pl\/wp-json\/wp\/v2\/categories?post=113354"},{"taxonomy":"post_tag","embeddable":true,"href":"https:\/\/www.europesays.com\/pl\/wp-json\/wp\/v2\/tags?post=113354"}],"curies":[{"name":"wp","href":"https:\/\/api.w.org\/{rel}","templated":true}]}}