{"id":1134,"date":"2025-09-17T16:49:09","date_gmt":"2025-09-17T16:49:09","guid":{"rendered":"https:\/\/www.europesays.com\/pl\/1134\/"},"modified":"2025-09-17T16:49:09","modified_gmt":"2025-09-17T16:49:09","slug":"kowal-w-tok-fm-wytyka-pis-serie-bledow-wtedy-zaczely-sie-dziac-cuda","status":"publish","type":"post","link":"https:\/\/www.europesays.com\/pl\/1134\/","title":{"rendered":"Kowal w TOK FM wytyka PiS seri\u0119 b\u0142\u0119d\u00f3w. &#8222;Wtedy zacz\u0119\u0142y si\u0119 dzia\u0107 cuda&#8221;"},"content":{"rendered":"<ul>\n<li>Karol Nawrocki zako\u0144czy\u0142 we wtorek wizyt\u0119 w Niemczech, podczas kt\u00f3rej poruszy\u0142 w\u0105tek reparacji dla Polski;<\/li>\n<li>Strona niemiecka jasno da\u0142a do zrozumienia, \u017ce temat jest zamkni\u0119ty;\u00a0<\/li>\n<li>W ocenie prof. Paw\u0142a Kowala PiS celowo deklaruje publicznie, \u017ce chce spraw\u0119 wyja\u015bni\u0107 i dopi\u0105\u0107 do ko\u0144ca, a tak naprawd\u0119, robi wszystko, \u017ceby zaszkodzi\u0107;<\/li>\n<li>&#8211;\u00a0PiS wprowadza regularne zamieszanie i chcia\u0142bym wiedzie\u0107 dlaczego &#8211; stwierdzi\u0142 Kowal w &#8222;Poranku TOK FM&#8221;.\u00a0<\/li>\n<\/ul>\n<p>Prezydent Karol Nawrocki odby\u0142 we wtorek pierwsz\u0105 wizyt\u0119 w Niemczech i we Francji.<br \/>\n<a href=\"https:\/\/www.tokfm.pl\/polityka\/nawrocki-spotyka-sie-z-prezydentem-niemiec-o-tym-beda-rozmawiac\" target=\"_self\" rel=\"dofollow noopener\">W Berlinie spotka\u0142 si\u0119\u00a0<\/a><br \/>\n<a href=\"https:\/\/www.tokfm.pl\/swiat\/co-przyniesie-wizyta-nawrockiego-w-berlinie-reparacji-nie-ma-i-nie-bedzie\" target=\"_self\" rel=\"dofollow noopener\">z prezydentem oraz kanclerzem Niemiec. Dyskusja skupia\u0142a si\u0119 na kwestiach bezpiecze\u0144stwa, ale poruszony zosta\u0142 te\u017c w\u0105tek reparacji wojennych.<\/a><br \/>\n<a href=\"https:\/\/www.tokfm.pl\/swiat\/co-przyniesie-wizyta-nawrockiego-w-berlinie-reparacji-nie-ma-i-nie-bedzie\" target=\"_self\" rel=\"dofollow noopener\">Strona niemiecka ma jasne zdanie w tej kwestii: wszystko, co mia\u0142o by\u0107 za\u0142atwione, ju\u017c zosta\u0142o i temat jest zamkni\u0119ty<\/a>.\u00a0<\/p>\n<p>Jak m\u00f3wi\u0142 w TOK FM prof. Pawe\u0142 Kowal,\u00a0przewodnicz\u0105cy sejmowej Komisji Spraw Zagranicznych, pe\u0142nomocnik rz\u0105du ds. odbudowy Ukrainy, po stronie PiS od lat trwa \u017conglowanie tematem reparacji. Jak doda\u0142, ju\u017c w 2022 roku by\u0142o jasne stanowisko pos\u0142\u00f3w i \u00f3wczesnego lidera opozycji Donalda Tuska, \u017ce kwesti\u0119 reparacji trzeba wyja\u015bni\u0107.\u00a0<\/p>\n<p>&#8211; My\u015bmy postawili spraw\u0119 jasno. M\u00f3wili\u015bmy, \u017ce trzeba powt\u00f3rzy\u0107 to, co by\u0142o we wcze\u015bniejszych uchwa\u0142ach Sejmu, czyli m\u00f3wimy o tym, \u017ce Polska ma prawo liczy\u0107 straty i ma prawo oczekiwa\u0107 reparacji. To by\u0142o og\u00f3lne stanowisko Sejmu i wtedy zacz\u0119\u0142y dzia\u0107 si\u0119 cuda &#8211; wyja\u015bni\u0142 go\u015b\u0107 &#8222;Poranka TOK FM&#8221;. Jak doprecyzowa\u0142, w\u00f3wczas politycy PiS, kt\u00f3rzy sprawowali w\u0142adz\u0119, wykre\u015blili s\u0142owo reparacje z dw\u00f3ch g\u0142\u00f3wnych dokument\u00f3w: noty dyplomatycznej, kt\u00f3r\u0105 przekazali do\u00a0Ministerstwa Spraw Zagranicznych Niemiec i wykre\u015blili je tak\u017ce z uchwa\u0142y sejmowej. Tylko w jednym miejscu, jak doda\u0142 Kowal, nie uda\u0142o si\u0119 s\u0142owa reparacje wykre\u015bli\u0107, dlatego \u017ce ta uchwa\u0142a przywo\u0142ywa\u0142a wcze\u015bniejsz\u0105 uchwa\u0142\u0119 Sejmu i tam by\u0142o s\u0142owo reparacje.<\/p>\n<p>&#8211;\u00a0My\u015bmy nie rozumieli, o co chodzi, wi\u0119c poszli\u015bmy na specjaln\u0105 kontrol\u0119 poselsk\u0105 do Ministerstwa Spraw Zagranicznych. Okaza\u0142o si\u0119, \u017ce oni nie chc\u0105 nam pokaza\u0107 noty, kt\u00f3ra zosta\u0142a przekazana stronie niemieckiej i wtedy zrozumieli\u015bmy, \u017ce sprawa z reparacjami po stronie PiS-owskiej jest jedn\u0105 wielk\u0105 gr\u0105, kt\u00f3ra tylko utrudnia rozmowy z Niemcami o czymkolwiek &#8211; stwierdzi\u0142 Kowal.<\/p>\n<p>Zapytany przez prowadz\u0105cego audycj\u0119 Macieja G\u0142ogowskiego, czy to by\u0142a wielka wewn\u0119trzna gra polityczna, Kowal stwierdzi\u0142, \u017ce nie tylko.<\/p>\n<p>&#8211; Jak teraz patrz\u0119 na to, co dzia\u0142o si\u0119 podczas obecnej wizyty prezydenta w Niemczech, to znowu wida\u0107, \u017ce politycy PiS raz u\u017cywaj\u0105 s\u0142owa zado\u015b\u0107uczynienie, a raz odszkodowanie. PiS-owcy \u017ceruj\u0105 na tym, \u017ceby celowo pomiesza\u0107 te poj\u0119cia prawne, \u017ceby nie by\u0142o wiadomo, o co chodzi. Tymczasem to s\u0105 dwa r\u00f3\u017cne poj\u0119cia i maj\u0105 r\u00f3\u017cne znaczenie, a politycy PiS specjalnie stosuj\u0105 je wymiennie, bo wiedz\u0105, \u017ce ludzie pomy\u015bl\u0105, \u017ce to synonimy. Prezydent i jego otoczenie robi\u0105 to celowo, \u017ceby nie by\u0142o wiadomo, czego oni tak naprawd\u0119 od Niemiec chc\u0105. I w mojej ocenie w kwestii reparacji jeste\u015bmy dalej ni\u017c kiedykolwiek. PiS wprowadza regularne zamieszanie i chcia\u0142bym wiedzie\u0107 dlaczego &#8211; zastanawia\u0142 si\u0119 prof. Kowal.<\/p>\n<p>Go\u015b\u0107 TOK FM zwr\u00f3ci\u0142 si\u0119 tak\u017ce do prowadz\u0105cego audycj\u0119. &#8211; Widz\u0119 zaskoczenie na pana twarzy, ale czasami prawda zaskakuje, a od PiS-owc\u00f3w si\u0119 pan tego nie dowie &#8211; doda\u0142 Kowal.<\/p>\n<p>&#8211; Ja si\u0119 dziwi\u0119, \u017ce pan si\u0119 dziwi, bo tak do\u015bwiadczony polityk powinien wiedzie\u0107, dlaczego takie rzeczy maj\u0105 miejsce &#8211; odpar\u0142 Maciej G\u0142ogowski.\u00a0<\/p>\n<p>Prof. Kowal odpowiadaj\u0105c G\u0142ogowskiemu, stwierdzi\u0142, \u017ce PiS o co\u015b chodzi i musz\u0105 mie\u0107 cel we wprowadzaniu zamieszania.<\/p>\n<p>&#8211; Faktem jest, \u017ce kwestie dotycz\u0105ce skutk\u00f3w wojny w pracach polsko-niemieckich nie zosta\u0142y zamkni\u0119te. Tego nikt nie neguje. Je\u015bli si\u0119 zatem wprowadza zamieszanie i chaos w rozmowach polsko-niemieckich, to sprawie si\u0119 nie pomaga, tylko szkodzi. I dochodzimy do tego, \u017ce politycy PiS im bardziej udaj\u0105, \u017ce pomagaj\u0105, im bardziej deklaruj\u0105 wobec opinii publicznej w Polsce, \u017ce chc\u0105 zrobi\u0107 co\u015b dobrego, tym bardziej szkodz\u0105 i tak jest w\u0142a\u015bciwie w ka\u017cdej ze spraw, w kt\u00f3rych ostatnio si\u0119 poruszamy &#8211; skwitowa\u0142 Kowal.\u00a0<\/p>\n<p>\u0179r\u00f3d\u0142o: TOK FM<\/p>\n","protected":false},"excerpt":{"rendered":"Karol Nawrocki zako\u0144czy\u0142 we wtorek wizyt\u0119 w Niemczech, podczas kt\u00f3rej poruszy\u0142 w\u0105tek reparacji dla Polski; Strona niemiecka jasno&hellip;\n","protected":false},"author":2,"featured_media":1135,"comment_status":"","ping_status":"","sticky":false,"template":"","format":"standard","meta":{"footnotes":""},"categories":[12],"tags":[32,33,36,37,27,690,34,35,28,31,25,295,688,42,38,40,39,41,689,29,30,26],"class_list":{"0":"post-1134","1":"post","2":"type-post","3":"status-publish","4":"format-standard","5":"has-post-thumbnail","7":"category-polska","8":"tag-breaking-news","9":"tag-breakingnews","10":"tag-featured-news","11":"tag-featurednews","12":"tag-headlines","13":"tag-karol-nawrocki","14":"tag-latest-news","15":"tag-latestnews","16":"tag-naglowki","17":"tag-najwazniejsze-artykuly","18":"tag-news","19":"tag-niemcy","20":"tag-pawel-kowal","21":"tag-pl","22":"tag-poland","23":"tag-polish","24":"tag-polska","25":"tag-polski","26":"tag-reparacje-wojenne","27":"tag-top-stories","28":"tag-topstories","29":"tag-wiadomosci"},"share_on_mastodon":{"url":"","error":""},"_links":{"self":[{"href":"https:\/\/www.europesays.com\/pl\/wp-json\/wp\/v2\/posts\/1134","targetHints":{"allow":["GET"]}}],"collection":[{"href":"https:\/\/www.europesays.com\/pl\/wp-json\/wp\/v2\/posts"}],"about":[{"href":"https:\/\/www.europesays.com\/pl\/wp-json\/wp\/v2\/types\/post"}],"author":[{"embeddable":true,"href":"https:\/\/www.europesays.com\/pl\/wp-json\/wp\/v2\/users\/2"}],"replies":[{"embeddable":true,"href":"https:\/\/www.europesays.com\/pl\/wp-json\/wp\/v2\/comments?post=1134"}],"version-history":[{"count":0,"href":"https:\/\/www.europesays.com\/pl\/wp-json\/wp\/v2\/posts\/1134\/revisions"}],"wp:featuredmedia":[{"embeddable":true,"href":"https:\/\/www.europesays.com\/pl\/wp-json\/wp\/v2\/media\/1135"}],"wp:attachment":[{"href":"https:\/\/www.europesays.com\/pl\/wp-json\/wp\/v2\/media?parent=1134"}],"wp:term":[{"taxonomy":"category","embeddable":true,"href":"https:\/\/www.europesays.com\/pl\/wp-json\/wp\/v2\/categories?post=1134"},{"taxonomy":"post_tag","embeddable":true,"href":"https:\/\/www.europesays.com\/pl\/wp-json\/wp\/v2\/tags?post=1134"}],"curies":[{"name":"wp","href":"https:\/\/api.w.org\/{rel}","templated":true}]}}