{"id":113410,"date":"2025-11-22T15:25:16","date_gmt":"2025-11-22T15:25:16","guid":{"rendered":"https:\/\/www.europesays.com\/pl\/113410\/"},"modified":"2025-11-22T15:25:16","modified_gmt":"2025-11-22T15:25:16","slug":"w-katowicach-policja-zatrzymala-40-latka-odczepil-wagon-od-pociagu","status":"publish","type":"post","link":"https:\/\/www.europesays.com\/pl\/113410\/","title":{"rendered":"W Katowicach policja zatrzyma\u0142a 40-latka. Odczepi\u0142 wagon od poci\u0105gu"},"content":{"rendered":"<p class=\"ods-c-paragraph \">Nad t\u0105 spraw\u0105 policjanci z Katowic pracowali od wrze\u015bnia. Wtedy to m\u0119\u017cczyzna zatrzyma\u0142 poci\u0105g towarowy znajduj\u0105cy si\u0119 na szlaku kolejowym, ingeruj\u0105c w jego uk\u0142ady techniczne. Po tym odczepi\u0142 jeszcze ostatni wagon sk\u0142adu, pozostawiaj\u0105c go na trasie kolejowej. Spraw\u0105 zajmowali si\u0119 policjanci z Wydzia\u0142u do Walki z Przest\u0119pczo\u015bci\u0105 Przeciwko Mieniu Komendy Miejskiej Policji w Katowicach, a tak\u017ce kryminalni z Komendy Wojew\u00f3dzkiej Policji, kt\u00f3rzy pracowali pod nadzorem prokuratora.<\/p>\n<p>Dalszy ci\u0105g artyku\u0142u pod materia\u0142em wideo<\/p>\n<p> Dlaczego policja zatrzyma\u0142a 40-latka? <\/p>\n<p> Jakie przest\u0119pstwa pope\u0142ni\u0142 m\u0119\u017cczyzna? <\/p>\n<p> Co dok\u0142adnie zrobi\u0142 m\u0119\u017cczyzna z poci\u0105giem? <\/p>\n<p> Jakie \u015brodki zapobiegawcze zastosowano wobec zatrzymanego? <\/p>\n<p>  W Katowicach 40-latek nagle zatrzyma\u0142 poci\u0105g. Odczepi\u0142 od niego wagon<\/p>\n<p class=\"ods-c-paragraph \">Ta sama osoba mia\u0142a si\u0119 r\u00f3wnie\u017c dopu\u015bci\u0107 kradzie\u017cy z w\u0142amaniem do wie\u017cy obserwacyjnej przy ul. Hetma\u0144skiej w Katowicach, w kt\u00f3rej znajdowa\u0142y si\u0119 urz\u0105dzenia zasilaj\u0105ce monitoring wizyjny.<\/p>\n<p class=\"ods-c-paragraph \">W ostatni wtorek na policj\u0119 wp\u0142yn\u0119\u0142y dwa kolejne podobne zawiadomienia. Kto\u015b dokona\u0142 kradzie\u017cy z w\u0142amaniem do skrzynek zasilaj\u0105cych kamery monitoringu kolejowego przy ul. 73 Pu\u0142ku Piechoty oraz przy ul. Rolnej. Komenda Miejska Policji w Katowicach zaznacza, \u017ce w obu przypadkach metoda dzia\u0142ania by\u0142a podobna: po uszkodzeniu zabezpiecze\u0144 z\u0142odziej krad\u0142 akumulatory oraz zasilacze.<\/p>\n<p class=\"ods-c-paragraph \">Okaza\u0142o si\u0119, \u017ce sprawc\u0105 tych wszystkich przest\u0119pstw jest jedna i ta sama osoba. Policja zatrzyma\u0142a ju\u017c 40-latka. Prokuratura postawi\u0142a mu kilka zarzut\u00f3w: sprowadzenia bezpo\u015bredniego niebezpiecze\u0144stwa katastrofy w ruchu kolejowym, kradzie\u017cy z w\u0142amaniem, a tak\u017ce posiadania \u015brodk\u00f3w odurzaj\u0105cych, kt\u00f3re mia\u0142 przy sobie podczas zatrzymania. Ponadto m\u0119\u017cczyzna dzia\u0142a\u0142 w warunkach recydywy.<\/p>\n<p class=\"ods-c-paragraph \">40-latek przyzna\u0142 si\u0119 do zarzucanych czyn\u00f3w. Na ten moment nie wiadomo jeszcze, jakie by\u0142y motywy jego dzia\u0142ania. S\u0105d zastosowa\u0142 wobec niego \u015brodek zapobiegawczy w postaci trzymiesi\u0119cznego aresztu tymczasowego.<\/p>\n","protected":false},"excerpt":{"rendered":"Nad t\u0105 spraw\u0105 policjanci z Katowic pracowali od wrze\u015bnia. Wtedy to m\u0119\u017cczyzna zatrzyma\u0142 poci\u0105g towarowy znajduj\u0105cy si\u0119 na&hellip;\n","protected":false},"author":2,"featured_media":113411,"comment_status":"","ping_status":"","sticky":false,"template":"","format":"standard","meta":{"footnotes":""},"categories":[5],"tags":[32,33,36,37,27,4320,363,1247,34,35,28,31,48,25,46,42,38,414,40,39,41,47,1887,29,30,6104,26,13481],"class_list":{"0":"post-113410","1":"post","2":"type-post","3":"status-publish","4":"format-standard","5":"has-post-thumbnail","7":"category-naglowki","8":"tag-breaking-news","9":"tag-breakingnews","10":"tag-featured-news","11":"tag-featurednews","12":"tag-headlines","13":"tag-katowice","14":"tag-kolej_pociagi_transport_kolejowy","15":"tag-kradziez","16":"tag-latest-news","17":"tag-latestnews","18":"tag-naglowki","19":"tag-najwazniejsze-artykuly","20":"tag-nat_styl","21":"tag-news","22":"tag-omp","23":"tag-pl","24":"tag-poland","25":"tag-policja","26":"tag-polish","27":"tag-polska","28":"tag-polski","29":"tag-screening_general","30":"tag-slask","31":"tag-top-stories","32":"tag-topstories","33":"tag-wagon","34":"tag-wiadomosci","35":"tag-zlodziej"},"share_on_mastodon":{"url":"https:\/\/pubeurope.com\/@pl\/115594049859093805","error":""},"_links":{"self":[{"href":"https:\/\/www.europesays.com\/pl\/wp-json\/wp\/v2\/posts\/113410","targetHints":{"allow":["GET"]}}],"collection":[{"href":"https:\/\/www.europesays.com\/pl\/wp-json\/wp\/v2\/posts"}],"about":[{"href":"https:\/\/www.europesays.com\/pl\/wp-json\/wp\/v2\/types\/post"}],"author":[{"embeddable":true,"href":"https:\/\/www.europesays.com\/pl\/wp-json\/wp\/v2\/users\/2"}],"replies":[{"embeddable":true,"href":"https:\/\/www.europesays.com\/pl\/wp-json\/wp\/v2\/comments?post=113410"}],"version-history":[{"count":0,"href":"https:\/\/www.europesays.com\/pl\/wp-json\/wp\/v2\/posts\/113410\/revisions"}],"wp:featuredmedia":[{"embeddable":true,"href":"https:\/\/www.europesays.com\/pl\/wp-json\/wp\/v2\/media\/113411"}],"wp:attachment":[{"href":"https:\/\/www.europesays.com\/pl\/wp-json\/wp\/v2\/media?parent=113410"}],"wp:term":[{"taxonomy":"category","embeddable":true,"href":"https:\/\/www.europesays.com\/pl\/wp-json\/wp\/v2\/categories?post=113410"},{"taxonomy":"post_tag","embeddable":true,"href":"https:\/\/www.europesays.com\/pl\/wp-json\/wp\/v2\/tags?post=113410"}],"curies":[{"name":"wp","href":"https:\/\/api.w.org\/{rel}","templated":true}]}}