{"id":113412,"date":"2025-11-22T15:26:08","date_gmt":"2025-11-22T15:26:08","guid":{"rendered":"https:\/\/www.europesays.com\/pl\/113412\/"},"modified":"2025-11-22T15:26:08","modified_gmt":"2025-11-22T15:26:08","slug":"karta-walk-gdzie-ogladac-kiedy","status":"publish","type":"post","link":"https:\/\/www.europesays.com\/pl\/113412\/","title":{"rendered":"karta walk. Gdzie ogl\u0105da\u0107? Kiedy?"},"content":{"rendered":"\n<p class=\"contentpart contentpart--default contentpart--text\" data-position=\"0\">Gala FAME 28: Armagedon zaplanowana zosta\u0142a na sobot\u0119, 22 listopada 2025 roku. Pocz\u0105tek transmisji wyznaczono na godzin\u0119 20:00.<\/p>\n<p class=\"contentpart contentpart--default contentpart--text\" data-position=\"1\">Transmisja gali b\u0119dzie dost\u0119pna wy\u0142\u0105cznie online, w systemie PPV na platformie organizatora &#8211; famemma.tv. Widzowie mog\u0105 wybiera\u0107 pomi\u0119dzy pakietami r\u00f3\u017cni\u0105cymi si\u0119 jako\u015bci\u0105 transmisji i d\u0142ugo\u015bci\u0105 dost\u0119pu do VOD. Gala nie b\u0119dzie dost\u0119pna w \u017cadnej telewizji.<\/p>\n<p> <img role=\"presentation\" src=\"https:\/\/std.wpcdn.pl\/images\/adv\/placeholder_wp.svg\" loading=\"lazy\" alt=\"\" decoding=\"async\"\/>  <\/p>\n<p class=\"contentpart contentpart--default contentpart--text\" data-position=\"2\">ZOBACZ WIDEO: Polak zdecydowany na wielki transfer. &#8222;Okre\u015bli\u0142em cele&#8221;<\/p>\n<p class=\"contentpart contentpart--default contentpart--text\" data-position=\"4\">Wiele os\u00f3b zaciera sobie r\u0119ce na konfrontacj\u0119 Bartosza \u017bukowskiego (znanego m.in. z roli Waldusia w serialu &#8222;\u015awiat wed\u0142ug Kiepskich&#8221;) z Tomaszem &#8222;Szalonym Reporterem&#8221; Matysiakiem. Do ich konfrontacji dojdzie w ramach walki wieczoru.<\/p>\n<p class=\"contentpart contentpart--default contentpart--text\" data-position=\"5\">Tak prezentuje si\u0119 karta walk:<\/p>\n<p class=\"contentpart contentpart--default contentpart--text\" data-position=\"6\">Pojedynek dodatkowy<\/p>\n<p class=\"contentpart contentpart--default contentpart--text\" data-position=\"7\">Marcin Wrzosek vs Pawe\u0142 Tyburski \u2013 Punchair, boks, du\u017ce r\u0119kawice<\/p>\n<p class=\"contentpart contentpart--default contentpart--text\" data-position=\"8\">Walka wieczoru<\/p>\n<p class=\"contentpart contentpart--default contentpart--text\" data-position=\"9\">Bartosz \u017bukowski vs Tomasz Matysiak \u2013 boks, du\u017ce r\u0119kawice<\/p>\n<p class=\"contentpart contentpart--default contentpart--text\" data-position=\"10\">Karta g\u0142\u00f3wna<\/p>\n<p class=\"contentpart contentpart--default contentpart--text\" data-position=\"11\">Natan Marco\u0144 vs Pawe\u0142 J\u00f3\u017awiak \u2013 boks, ma\u0142e r\u0119kawice<\/p>\n<p class=\"contentpart contentpart--default contentpart--text\" data-position=\"12\">Pawe\u0142 Bomba vs Marcin Najman \u2013 MMA, no time limit<\/p>\n<p class=\"contentpart contentpart--default contentpart--text\" data-position=\"13\">Szymon Besser vs Brajan Bojanko \u2013 K-1, ma\u0142e r\u0119kawice<\/p>\n<p class=\"contentpart contentpart--default contentpart--text\" data-position=\"14\">Micha\u0142 Pasternak vs Kamil Minda \u2013 MMA<\/p>\n<p class=\"contentpart contentpart--default contentpart--text\" data-position=\"15\">Katarzyna Lirsz vs Dorota Kochanek \u2013 boks, ma\u0142e r\u0119kawice<\/p>\n<p class=\"contentpart contentpart--default contentpart--text\" data-position=\"16\">Przemys\u0142aw Skulski &amp; Jaros\u0142aw Kozie\u0142 vs Patryk To\u0142kaczewski \u2013 K-1, ma\u0142e r\u0119kawice<\/p>\n<p class=\"contentpart contentpart--default contentpart--text\" data-position=\"17\">Gracjan Szadzi\u0144ski vs Piotr Bomba \u2013 MMA<\/p>\n<p class=\"contentpart contentpart--default contentpart--text\" data-position=\"18\">Krzysztof Maliszewski vs Erwin Burzy\u0144ski \u2013 K-1, ma\u0142e r\u0119kawice<\/p>\n","protected":false},"excerpt":{"rendered":"Gala FAME 28: Armagedon zaplanowana zosta\u0142a na sobot\u0119, 22 listopada 2025 roku. Pocz\u0105tek transmisji wyznaczono na godzin\u0119 20:00.&hellip;\n","protected":false},"author":2,"featured_media":66103,"comment_status":"","ping_status":"","sticky":false,"template":"","format":"standard","meta":{"footnotes":""},"categories":[24],"tags":[16772,1255,42,38,40,39,41,127,268,126,1256],"class_list":{"0":"post-113412","1":"post","2":"type-post","3":"status-publish","4":"format-standard","5":"has-post-thumbnail","7":"category-sport","8":"tag-fame-mma","9":"tag-mma","10":"tag-pl","11":"tag-poland","12":"tag-polish","13":"tag-polska","14":"tag-polski","15":"tag-sport","16":"tag-sportowybar","17":"tag-sports","18":"tag-sporty-walki"},"share_on_mastodon":{"url":"https:\/\/pubeurope.com\/@pl\/115594054188970937","error":""},"_links":{"self":[{"href":"https:\/\/www.europesays.com\/pl\/wp-json\/wp\/v2\/posts\/113412","targetHints":{"allow":["GET"]}}],"collection":[{"href":"https:\/\/www.europesays.com\/pl\/wp-json\/wp\/v2\/posts"}],"about":[{"href":"https:\/\/www.europesays.com\/pl\/wp-json\/wp\/v2\/types\/post"}],"author":[{"embeddable":true,"href":"https:\/\/www.europesays.com\/pl\/wp-json\/wp\/v2\/users\/2"}],"replies":[{"embeddable":true,"href":"https:\/\/www.europesays.com\/pl\/wp-json\/wp\/v2\/comments?post=113412"}],"version-history":[{"count":0,"href":"https:\/\/www.europesays.com\/pl\/wp-json\/wp\/v2\/posts\/113412\/revisions"}],"wp:featuredmedia":[{"embeddable":true,"href":"https:\/\/www.europesays.com\/pl\/wp-json\/wp\/v2\/media\/66103"}],"wp:attachment":[{"href":"https:\/\/www.europesays.com\/pl\/wp-json\/wp\/v2\/media?parent=113412"}],"wp:term":[{"taxonomy":"category","embeddable":true,"href":"https:\/\/www.europesays.com\/pl\/wp-json\/wp\/v2\/categories?post=113412"},{"taxonomy":"post_tag","embeddable":true,"href":"https:\/\/www.europesays.com\/pl\/wp-json\/wp\/v2\/tags?post=113412"}],"curies":[{"name":"wp","href":"https:\/\/api.w.org\/{rel}","templated":true}]}}