{"id":113417,"date":"2025-11-22T15:30:10","date_gmt":"2025-11-22T15:30:10","guid":{"rendered":"https:\/\/www.europesays.com\/pl\/113417\/"},"modified":"2025-11-22T15:30:10","modified_gmt":"2025-11-22T15:30:10","slug":"miedwiediew-kpi-z-zelenskiego-po-wyborze-delegacji-pokojowej-swietny-wybor","status":"publish","type":"post","link":"https:\/\/www.europesays.com\/pl\/113417\/","title":{"rendered":"Miedwiediew kpi z Ze\u0142enskiego po wyborze delegacji pokojowej. &#8222;\u015awietny wyb\u00f3r&#8221;"},"content":{"rendered":"<p class=\"ods-c-paragraph \">Prezydent Wo\u0142odymyr Ze\u0142enski podpisa\u0142 dekret o powo\u0142aniu delegacji Ukrainy do udzia\u0142u w procesie negocjacyjnym ze Stanami Zjednoczonymi i innymi partnerami mi\u0119dzynarodowymi, a tak\u017ce z przedstawicielami Federacji Rosyjskiej. Na jej czele ma stan\u0105\u0107 Andrij Jermak, szef administracji Ze\u0142enskiego, a jej sk\u0142adzie znale\u017ali si\u0119 opr\u00f3cz niego m.in.: Rustem Umierow (sekretarz Rady Bezpiecze\u0144stwa Narodowego i Obrony Ukrainy), Kyry\u0142o Budanow (szef Dyrekcji Wywiadu Ministerstwa Obrony Ukrainy), Andrij Hnatow (szef Sztabu Generalnego) i kilka innych os\u00f3b. &#8222;\u015awietny wyb\u00f3r&#8221; \u2014 skwitowa\u0142 ironicznie Dmitrij Miedwiediew, komentuj\u0105c wyb\u00f3r Jermaka do delegacji \u2014 informuje agencja TASS.<\/p>\n<p>Dalszy ci\u0105g artyku\u0142u pod materia\u0142em wideo<\/p>\n<p> Jakie nazwisko pojawi\u0142o si\u0119 w kontek\u015bcie afery korupcyjnej w Ukrainie? <\/p>\n<p> Kto stanie na czele ukrai\u0144skiej delegacji w negocjacjach? <\/p>\n<p> Kto jest szefem administracji prezydenta Ze\u0142enskiego? <\/p>\n<p> Kto por\u00f3wnany zosta\u0142 do Mindicza w komentarzu Miedwiediewa? <\/p>\n<p>  Miedwiediew por\u00f3wna\u0142 Jermaka do Mindicza<\/p>\n<p class=\"ods-c-paragraph \">Miedwiediew wspomnia\u0142 w swoim komentarzu posta\u0107 <a href=\"https:\/\/www.onet.pl\/informacje\/onetwiadomosci\/wielka-afera-korupcyjna-w-ukrainie-tak-glowny-bohater-uciekl-z-kraju\/de70p3t,79cfc278\" id=\"64ef49c9-02a2-4714-89c6-bb287d151888\" rel=\"nofollow noopener\" target=\"_blank\">Timura Mindicza \u2014 biznesmena powi\u0105zanego z prezydentem Ukrainy, kt\u00f3ry wyjecha\u0142 z kraju<\/a> na kilka godzin przed przeszukaniem mieszkania w zwi\u0105zku z udzia\u0142em w aferze korupcyjnej w Ukrainie. Mindicz mia\u0142 by\u0107 organizatorem ca\u0142ego procederu. Afera dotyczy sektora energetycznego, a zamieszani w ni\u0105 wysoko postawieni urz\u0119dnicy mieli systematycznie pobiera\u0107 \u0142ap\u00f3wki od kontrahent\u00f3w pa\u0144stwowego operatora elektrowni j\u0105drowych Enerhoatom. W tle afery pojawi\u0142o si\u0119 m.in. nazwisko Jermaka.<\/p>\n<p class=\"ods-c-paragraph \">17 listopada pojawi\u0142y si\u0119 informacje, \u017ce Jermak mo\u017ce pojawi\u0107 si\u0119 na nagraniach audio wykonanych w mieszkaniu Mindicza. &#8222;Ukrai\u0144ska Prawda&#8221; informowa\u0142a, \u017ce kluczowi urz\u0119dnicy z otoczenia Ze\u0142enskiego doradzaj\u0105 prezydentowi dymisj\u0119 Jermaka po zako\u0144czeniu \u015bledztwa. Ten jednak podj\u0105\u0142 inn\u0105 decyzj\u0119 i w\u0142\u0105czy\u0142 szefa swojego biura do wa\u017cnej delegacji.<\/p>\n<p class=\"ods-c-paragraph \">Dmitrij Miedwiediew w reakcji na t\u0119 decyzj\u0119 rozpocz\u0105\u0142 typow\u0105 dla siebi\u0119 tyrad\u0119. &#8222;Ten przekl\u0119ty kijowski klaun mianowa\u0142 Jermaka szefem swojej delegacji w negocjacjach ze Stanami Zjednoczonymi i innymi partnerami mi\u0119dzynarodowymi&#8221; \u2014 skomentowa\u0142, cytowany przez TASS. &#8222;Tylko Mindicz jest od niego lepszy&#8221; \u2014 zadrwi\u0142 by\u0142y prezydent Rosji.<\/p>\n","protected":false},"excerpt":{"rendered":"Prezydent Wo\u0142odymyr Ze\u0142enski podpisa\u0142 dekret o powo\u0142aniu delegacji Ukrainy do udzia\u0142u w procesie negocjacyjnym ze Stanami Zjednoczonymi i&hellip;\n","protected":false},"author":2,"featured_media":113418,"comment_status":"","ping_status":"","sticky":false,"template":"","format":"standard","meta":{"footnotes":""},"categories":[14],"tags":[32,33,5010,27,34,35,28,31,48,25,46,40,41,47,80,29,30,415,26,309,82,83,84],"class_list":{"0":"post-113417","1":"post","2":"type-post","3":"status-publish","4":"format-standard","5":"has-post-thumbnail","7":"category-swiat","8":"tag-breaking-news","9":"tag-breakingnews","10":"tag-dmitrij_miedwiediew","11":"tag-headlines","12":"tag-latest-news","13":"tag-latestnews","14":"tag-naglowki","15":"tag-najwazniejsze-artykuly","16":"tag-nat_styl","17":"tag-news","18":"tag-omp","19":"tag-polish","20":"tag-polski","21":"tag-screening_general","22":"tag-swiat","23":"tag-top-stories","24":"tag-topstories","25":"tag-ukraina","26":"tag-wiadomosci","27":"tag-wolodymyr_zelenski","28":"tag-world","29":"tag-world-news","30":"tag-worldnews"},"share_on_mastodon":{"url":"https:\/\/pubeurope.com\/@pl\/115594069567836925","error":""},"_links":{"self":[{"href":"https:\/\/www.europesays.com\/pl\/wp-json\/wp\/v2\/posts\/113417","targetHints":{"allow":["GET"]}}],"collection":[{"href":"https:\/\/www.europesays.com\/pl\/wp-json\/wp\/v2\/posts"}],"about":[{"href":"https:\/\/www.europesays.com\/pl\/wp-json\/wp\/v2\/types\/post"}],"author":[{"embeddable":true,"href":"https:\/\/www.europesays.com\/pl\/wp-json\/wp\/v2\/users\/2"}],"replies":[{"embeddable":true,"href":"https:\/\/www.europesays.com\/pl\/wp-json\/wp\/v2\/comments?post=113417"}],"version-history":[{"count":0,"href":"https:\/\/www.europesays.com\/pl\/wp-json\/wp\/v2\/posts\/113417\/revisions"}],"wp:featuredmedia":[{"embeddable":true,"href":"https:\/\/www.europesays.com\/pl\/wp-json\/wp\/v2\/media\/113418"}],"wp:attachment":[{"href":"https:\/\/www.europesays.com\/pl\/wp-json\/wp\/v2\/media?parent=113417"}],"wp:term":[{"taxonomy":"category","embeddable":true,"href":"https:\/\/www.europesays.com\/pl\/wp-json\/wp\/v2\/categories?post=113417"},{"taxonomy":"post_tag","embeddable":true,"href":"https:\/\/www.europesays.com\/pl\/wp-json\/wp\/v2\/tags?post=113417"}],"curies":[{"name":"wp","href":"https:\/\/api.w.org\/{rel}","templated":true}]}}