{"id":113419,"date":"2025-11-22T15:31:12","date_gmt":"2025-11-22T15:31:12","guid":{"rendered":"https:\/\/www.europesays.com\/pl\/113419\/"},"modified":"2025-11-22T15:31:12","modified_gmt":"2025-11-22T15:31:12","slug":"wymowna-odpowiedz-nawrockiego-na-piec-zasad-tuska","status":"publish","type":"post","link":"https:\/\/www.europesays.com\/pl\/113419\/","title":{"rendered":"Wymowna odpowied\u017a Nawrockiego na pi\u0119\u0107 zasad Tuska"},"content":{"rendered":"\n<p>&#13;<br \/>\nW \u015brod\u0119 Donald Tusk przedstawi\u0142 &#8222;pi\u0119\u0107 zasad&#8221; na\u00a02026\u00a0r., kt\u00f3re maj\u0105 &#8222;przywr\u00f3ci\u0107 elementarn\u0105 odpowiedzialno\u015b\u0107 pa\u0144stwow\u0105&#8221;. Przykaza\u0142 w\u00a0nich, \u017ce\u00a0trzeba by\u0107 za\u00a0cz\u0142onkostwem Polski w\u00a0Unii Europejskiej. &#13;\n<\/p>\n<p>&#13;<br \/>\nNie spos\u00f3b nie\u00a0odnie\u015b\u0107 wra\u017cenia, \u017ce\u00a0premier kieruje swoje zasady m.in. do\u00a0prezydenta. &#8222;Rok 2026 to\u00a0rok zawieszenia broni&#8221; \u2013\u00a0g\u0142osi tytu\u0142 ca\u0142ej rekomendacji. Jest w\u00a0nich dyrektywa skierowana bezpo\u015brednio do\u00a0prezydenta Karola Nawrockiego. Szef rz\u0105du instruuje go, \u017ce\u00a0ma zako\u0144czy\u0107 wetowanie i\u00a0&#8222;sabota\u017c legislacyjny&#8221;. Zapewne z\u00a0tego powodu g\u0142owa pa\u0144stwa ustosunkowa\u0142a si\u0119 do\u00a0dyrektyw og\u0142oszonych przez szefa rz\u0105du. &#13;\n<\/p>\n<p>Nawrocki: Pi\u0119\u0107 Prawd Polak\u00f3w <\/p>\n<p>&#13;<br \/>\n&#8222;Pi\u0119kny manifest polsko\u015bci. Manifest ludzi odwa\u017cnych, kochaj\u0105cych Polsk\u0119, kt\u00f3rzy nawet w\u00a0obliczu nadchodz\u0105cej hekatomby szukali si\u0142y narodu w\u00a0tym, co\u00a0najwa\u017cniejsze. Mo\u017cna by\u0107 uczestnikiem wydarze\u0144 historycznych, tworzy\u0107 J\u0105, ale\u00a0tam, gdzie Ona ju\u017c jest \u2013\u00a0warto albo s\u0142ucha\u0107, albo milcze\u0107. Pi\u0119\u0107 Prawd Polak\u00f3w (6 marca 1938, Berlin)&#8221; \u2013\u00a0napisa\u0142 Nawrocki. &#13;\n<\/p>\n<ol>&#13;<\/p>\n<li>&#13;<br \/>\nJeste\u015bmy Polakami. &#13;\n<\/li>\n<p>&#13;<\/p>\n<li>&#13;<br \/>\nWiara ojc\u00f3w naszych jest wiar\u0105 naszych dzieci. &#13;\n<\/li>\n<p>&#13;<\/p>\n<li>&#13;<br \/>\nPolak Polakowi bratem. &#13;\n<\/li>\n<p>&#13;<\/p>\n<li>&#13;<br \/>\nCo dzie\u0144 Polak narodowi s\u0142u\u017cy. &#13;\n<\/li>\n<p>&#13;<\/p>\n<li>&#13;<br \/>\nPolska matk\u0105 nasz\u0105 \u2013\u00a0nie\u00a0mo\u017cna o\u00a0matce m\u00f3wi\u0107 \u017ale &#13;\n<\/li>\n<p>&#13;\n<\/ol>\n<p>&#13;<br \/>\ntwitter&#13;\n<\/p>\n<p>Pi\u0119\u0107 zasad Tuska<\/p>\n<p>&#13;<br \/>\nW mijaj\u0105cym tygodniu <a href=\"https:\/\/dorzeczy.pl\/opinie\/808359\/tusk-oglosil-piec-zasad-trzeba-byc-za-ue-ukraina-i-nie-wolno-wetowac.html\" rel=\"nofollow noopener\" target=\"_blank\">premier Tusk wyznaczy\u0142 pi\u0119\u0107 zasad<\/a> na\u00a0rok 2026 wpisem na\u00a0X (\u015broda), a\u00a0nast\u0119pnie m\u00f3wi\u0142 o\u00a0nich w\u00a0czwartek Sejmie. Dowiadujemy si\u0119 z\u00a0nich, \u017ce\u00a0aby by\u0107 uznanym przez Donalda Tuska za\u00a0&#8222;odpowiedzialnego pa\u0144stwowca&#8221; nie\u00a0wolno podwa\u017ca\u0107 cz\u0142onkostwa Polski w\u00a0Unii Europejskiej i\u00a0trzeba opowiedzie\u0107 si\u0119 po\u00a0jakiej\u015b stronie w\u00a0wojnie Rosji z\u00a0Ukrain\u0105. Konkretnie nale\u017cy by\u0107 po\u00a0stronie Ukrainy, cho\u0107 nie\u00a0skonkretyzowano, co\u00a0dok\u0142adnie to\u00a0oznacza. W\u00f3wczas jest mo\u017cliwo\u015b\u0107 bycia &#8222;odpowiedzialnym pa\u0144stwowcem&#8221;, ale\u00a0nie s\u0105 to\u00a0jedyne wytyczne, jakie nale\u017cy spe\u0142nia\u0107. \u0141\u0105cznie mamy jak wspomnia\u0142 rzecznik Sz\u0142apka pi\u0119\u0107. &#13;\n<\/p>\n<p>&#13;<br \/>\nPi\u0119\u0107 punkt\u00f3w Tuska brzmi zatem brzmi nast\u0119puj\u0105co: &#13;\n<\/p>\n<ol>&#13;<\/p>\n<li>&#13;<br \/>\nNie atakuj polskich s\u0142u\u017cb i\u00a0wojska &#13;\n<\/li>\n<p>&#13;<\/p>\n<li>&#13;<br \/>\nNie powtarzaj rosyjskiej propagandy &#13;\n<\/li>\n<p>&#13;<\/p>\n<li>&#13;<br \/>\nKoniec z\u00a0wetowaniem i\u00a0sabota\u017cem legislacyjnym &#13;\n<\/li>\n<p>&#13;<\/p>\n<li>&#13;<br \/>\nJestem za\u00a0Zachodem, a\u00a0nie Wschodem; nie\u00a0podwa\u017cam cz\u0142onkostwa w\u00a0UE. &#13;\n<\/li>\n<p>&#13;<\/p>\n<li>&#13;<br \/>\nJestem po\u00a0stronie Ukrainy w\u00a0wojnie z\u00a0Rosj\u0105 &#13;\n<\/li>\n<p>&#13;\n<\/ol>\n<p>&#13;<br \/>\nW opublikowanym komunikacie nie\u00a0wyja\u015bniono, kto w\u00a0Polsce &#8222;atakuje polskie s\u0142u\u017cby i\u00a0wojsko&#8221;, ani kto decyduje, co\u00a0jest &#8222;rosyjsk\u0105 propagand\u0105&#8221; i\u00a0na czym konkretnie ma\u00a0ona polega\u0107. &#13;\n<\/p>\n<p>&#13;<br \/>\nCzytaj te\u017c:<br \/><a href=\"https:\/\/dorzeczy.pl\/opinie\/809442\/jan-pospieszalski-piec-przykazan-tuska.html\" rel=\"follow nofollow noopener\" data-schema=\"DORZECZY\" data-image=\"https:\/\/img.dorzeczy.pl\/_thumb\/75\/22\/704853dfd9b86ca99dc404efe166.jpeg\" target=\"_blank\">Pi\u0119\u0107 przykaza\u0144 Tuska<\/a>Czytaj te\u017c:<br \/><a href=\"https:\/\/dorzeczy.pl\/opinie\/809139\/tusk-grzmi-o-zdradzie-sobie-i-swoim-kolegom-to-powiedz.html\" rel=\"follow nofollow noopener\" data-schema=\"DORZECZY\" data-image=\"https:\/\/img.dorzeczy.pl\/_thumb\/2a\/38\/576944ccf0e58ab2da75a65b4f42.jpeg\" target=\"_blank\">Tusk grzmi o\u00a0&#8222;zdradzie&#8221;. &#8222;Mo\u017ce sobie i\u00a0swoim kolegom to\u00a0powiedz?&#8221;<\/a>&#13;<\/p>\n","protected":false},"excerpt":{"rendered":"&#13; W \u015brod\u0119 Donald Tusk przedstawi\u0142 &#8222;pi\u0119\u0107 zasad&#8221; na\u00a02026\u00a0r., kt\u00f3re maj\u0105 &#8222;przywr\u00f3ci\u0107 elementarn\u0105 odpowiedzialno\u015b\u0107 pa\u0144stwow\u0105&#8221;. Przykaza\u0142 w\u00a0nich, \u017ce\u00a0trzeba&hellip;\n","protected":false},"author":2,"featured_media":100067,"comment_status":"","ping_status":"","sticky":false,"template":"","format":"standard","meta":{"footnotes":""},"categories":[12],"tags":[32,33,98,36,37,27,49,34,35,28,31,24786,25,102,24787,24788,42,38,40,39,41,29,30,26],"class_list":{"0":"post-113419","1":"post","2":"type-post","3":"status-publish","4":"format-standard","5":"has-post-thumbnail","7":"category-polska","8":"tag-breaking-news","9":"tag-breakingnews","10":"tag-dorzeczy","11":"tag-featured-news","12":"tag-featurednews","13":"tag-headlines","14":"tag-kraj","15":"tag-latest-news","16":"tag-latestnews","17":"tag-naglowki","18":"tag-najwazniejsze-artykuly","19":"tag-nawrocki-tusk","20":"tag-news","21":"tag-opinie","22":"tag-piec-prawd-polakow","23":"tag-piec-zasad-tuska","24":"tag-pl","25":"tag-poland","26":"tag-polish","27":"tag-polska","28":"tag-polski","29":"tag-top-stories","30":"tag-topstories","31":"tag-wiadomosci"},"share_on_mastodon":{"url":"https:\/\/pubeurope.com\/@pl\/115594073554281284","error":""},"_links":{"self":[{"href":"https:\/\/www.europesays.com\/pl\/wp-json\/wp\/v2\/posts\/113419","targetHints":{"allow":["GET"]}}],"collection":[{"href":"https:\/\/www.europesays.com\/pl\/wp-json\/wp\/v2\/posts"}],"about":[{"href":"https:\/\/www.europesays.com\/pl\/wp-json\/wp\/v2\/types\/post"}],"author":[{"embeddable":true,"href":"https:\/\/www.europesays.com\/pl\/wp-json\/wp\/v2\/users\/2"}],"replies":[{"embeddable":true,"href":"https:\/\/www.europesays.com\/pl\/wp-json\/wp\/v2\/comments?post=113419"}],"version-history":[{"count":0,"href":"https:\/\/www.europesays.com\/pl\/wp-json\/wp\/v2\/posts\/113419\/revisions"}],"wp:featuredmedia":[{"embeddable":true,"href":"https:\/\/www.europesays.com\/pl\/wp-json\/wp\/v2\/media\/100067"}],"wp:attachment":[{"href":"https:\/\/www.europesays.com\/pl\/wp-json\/wp\/v2\/media?parent=113419"}],"wp:term":[{"taxonomy":"category","embeddable":true,"href":"https:\/\/www.europesays.com\/pl\/wp-json\/wp\/v2\/categories?post=113419"},{"taxonomy":"post_tag","embeddable":true,"href":"https:\/\/www.europesays.com\/pl\/wp-json\/wp\/v2\/tags?post=113419"}],"curies":[{"name":"wp","href":"https:\/\/api.w.org\/{rel}","templated":true}]}}