{"id":113420,"date":"2025-11-22T15:32:09","date_gmt":"2025-11-22T15:32:09","guid":{"rendered":"https:\/\/www.europesays.com\/pl\/113420\/"},"modified":"2025-11-22T15:32:09","modified_gmt":"2025-11-22T15:32:09","slug":"klub-zlozyl-oferte-lewandowskiemu-jest-odpowiedz","status":"publish","type":"post","link":"https:\/\/www.europesays.com\/pl\/113420\/","title":{"rendered":"klub z\u0142o\u017cy\u0142 ofert\u0119 Lewandowskiemu. Jest odpowied\u017a"},"content":{"rendered":"\n<p class=\"contentpart contentpart--default contentpart--text\" data-position=\"0\">&#8222;AS&#8221;, powo\u0142uj\u0105c si\u0119 na doniesienia \u017ar\u00f3d\u0142a zwi\u0105zane z otoczeniem <a href=\"https:\/\/sportowefakty.wp.pl\/pilka-nozna\/fenerbahce-stambul\" rel=\"nofollow noopener\" target=\"_blank\">Fenerbahce SK<\/a>, podaje, \u017ce dosz\u0142o ju\u017c do pierwszego kontaktu tureckiego klubu z <a href=\"https:\/\/sportowefakty.wp.pl\/pilka-nozna\/robert-lewandowski\" rel=\"nofollow noopener\" target=\"_blank\">Robertem Lewandowskim<\/a>.<\/p>\n<p class=\"contentpart contentpart--default contentpart--text\" data-position=\"1\">&#8222;FC Barcelona jest otwarta na rozwa\u017cenie ka\u017cdej propozycji za napastnika, a Fenerbahce wydaje si\u0119 by\u0107 jedynym klubem, kt\u00f3ry jak dot\u0105d podj\u0105\u0142 konkretne kroki w kierunku ewentualnego transferu Roberta Lewandowskiego&#8221; &#8211; pisze hiszpa\u0144ska prasa.<\/p>\n<p> <img role=\"presentation\" src=\"https:\/\/std.wpcdn.pl\/images\/adv\/placeholder_wp.svg\" loading=\"lazy\" alt=\"\" decoding=\"async\"\/>  <\/p>\n<p class=\"contentpart contentpart--default contentpart--text\" data-position=\"2\">ZOBACZ WIDEO: #dziejesiewsporcie: By\u0142a 10. sekunda meczu. Niebywa\u0142e, co zrobi\u0142 bramkarz<\/p>\n<p class=\"contentpart contentpart--default contentpart--text\" data-position=\"4\">Jak ujawniono, Fenerbahce rzekomo z\u0142o\u017cy\u0142o Lewandowskiemu ofert\u0119 kontraktu na p\u00f3\u0142tora roku. To jednak sta\u0142o si\u0119 podobno g\u0142\u00f3wnym punktem spornym mi\u0119dzy stronami. Lewandowski odpowiedzia\u0142, \u017ce oczekuje umowy na dwa i p\u00f3\u0142 roku, odrzucaj\u0105c pierwotn\u0105 propozycj\u0119 klubu.<\/p>\n<p class=\"contentpart contentpart--default contentpart--text\" data-position=\"5\">Turecki zesp\u00f3\u0142 zamierza zim\u0105 wzmocni\u0107 tak\u017ce \u015brodek obrony, co oznacza konieczno\u015b\u0107 po\u017cegnania si\u0119 z dwoma zawodnikami, by zrobi\u0107 miejsce zar\u00f3wno dla nowego stopera, jak i ewentualnie dla Lewandowskiego.<\/p>\n<p class=\"contentpart contentpart--default contentpart--text\" data-position=\"6\">37-letni Polak w tym sezonie rozegra\u0142 dot\u0105d 569 minut w 12 oficjalnych meczach Barcelony, zdobywaj\u0105c siedem bramek.<\/p>\n","protected":false},"excerpt":{"rendered":"&#8222;AS&#8221;, powo\u0142uj\u0105c si\u0119 na doniesienia \u017ar\u00f3d\u0142a zwi\u0105zane z otoczeniem Fenerbahce SK, podaje, \u017ce dosz\u0142o ju\u017c do pierwszego kontaktu&hellip;\n","protected":false},"author":2,"featured_media":113421,"comment_status":"","ping_status":"","sticky":false,"template":"","format":"standard","meta":{"footnotes":""},"categories":[5],"tags":[32,33,36,37,2290,27,34,35,28,31,25,269,42,38,40,39,41,273,29,30,26],"class_list":{"0":"post-113420","1":"post","2":"type-post","3":"status-publish","4":"format-standard","5":"has-post-thumbnail","7":"category-naglowki","8":"tag-breaking-news","9":"tag-breakingnews","10":"tag-featured-news","11":"tag-featurednews","12":"tag-fenerbahce-sk","13":"tag-headlines","14":"tag-latest-news","15":"tag-latestnews","16":"tag-naglowki","17":"tag-najwazniejsze-artykuly","18":"tag-news","19":"tag-pilka-nozna","20":"tag-pl","21":"tag-poland","22":"tag-polish","23":"tag-polska","24":"tag-polski","25":"tag-robert-lewandowski","26":"tag-top-stories","27":"tag-topstories","28":"tag-wiadomosci"},"share_on_mastodon":{"url":"https:\/\/pubeurope.com\/@pl\/115594077719939291","error":""},"_links":{"self":[{"href":"https:\/\/www.europesays.com\/pl\/wp-json\/wp\/v2\/posts\/113420","targetHints":{"allow":["GET"]}}],"collection":[{"href":"https:\/\/www.europesays.com\/pl\/wp-json\/wp\/v2\/posts"}],"about":[{"href":"https:\/\/www.europesays.com\/pl\/wp-json\/wp\/v2\/types\/post"}],"author":[{"embeddable":true,"href":"https:\/\/www.europesays.com\/pl\/wp-json\/wp\/v2\/users\/2"}],"replies":[{"embeddable":true,"href":"https:\/\/www.europesays.com\/pl\/wp-json\/wp\/v2\/comments?post=113420"}],"version-history":[{"count":0,"href":"https:\/\/www.europesays.com\/pl\/wp-json\/wp\/v2\/posts\/113420\/revisions"}],"wp:featuredmedia":[{"embeddable":true,"href":"https:\/\/www.europesays.com\/pl\/wp-json\/wp\/v2\/media\/113421"}],"wp:attachment":[{"href":"https:\/\/www.europesays.com\/pl\/wp-json\/wp\/v2\/media?parent=113420"}],"wp:term":[{"taxonomy":"category","embeddable":true,"href":"https:\/\/www.europesays.com\/pl\/wp-json\/wp\/v2\/categories?post=113420"},{"taxonomy":"post_tag","embeddable":true,"href":"https:\/\/www.europesays.com\/pl\/wp-json\/wp\/v2\/tags?post=113420"}],"curies":[{"name":"wp","href":"https:\/\/api.w.org\/{rel}","templated":true}]}}