{"id":113422,"date":"2025-11-22T15:33:11","date_gmt":"2025-11-22T15:33:11","guid":{"rendered":"https:\/\/www.europesays.com\/pl\/113422\/"},"modified":"2025-11-22T15:33:11","modified_gmt":"2025-11-22T15:33:11","slug":"premierowy-triumf-maruyamy-twardosz-szesnasta","status":"publish","type":"post","link":"https:\/\/www.europesays.com\/pl\/113422\/","title":{"rendered":"Premierowy triumf Maruyamy, Twardosz szesnasta"},"content":{"rendered":"<p>Nozomi Maruyama zosta\u0142a zwyci\u0119\u017cczyni\u0105 inauguracyjnego konkursu indywidualnego Pucharu \u015awiata pa\u0144 2025\/2026 na Lysgaardsbakken (HS140) w Lillehammer. Reprezentantka Japonii odnios\u0142a pierwsz\u0105 wygran\u0105 w tym cyklu w karierze po skokach na odleg\u0142o\u015b\u0107 133,5 m oraz 130,5 m. Druga by\u0142a Abigail Strate, a trzecia LIsa Eder. Szesnaste miejsce zaj\u0119\u0142a Anna Twardosz.<\/p>\n<p>                            <a class=\"fancybox\" href=\"https:\/\/www.skijumping.pl\/content\/images\/news\/powieksz\/podium_2025-11-22_14-33-10.jpg\" data-fancybox=\"gallery37454\" data-caption=\"22.11.2025 - Podium P\u015a Pa\u0144 w Lillehammer, fot. Tadeusz Mieczy\u0144ski\" rel=\"nofollow noopener\" target=\"_blank\"><img decoding=\"async\" class=\"img-responsive lazyload\" src=\"https:\/\/www.europesays.com\/pl\/wp-content\/uploads\/2025\/11\/280x190_q80_podium_2025-11-22_14-33-10.jpg\" alt=\"22.11.2025 - Podium P\u015a Pa\u0144 w Lillehammer\" title=\"22.11.2025 - Podium P\u015a Pa\u0144 w Lillehammer\"\/><\/a>22.11.2025 &#8211; Podium P\u015a Pa\u0144 w Lillehammer<a class=\"fancybox\" href=\"https:\/\/www.skijumping.pl\/content\/images\/news\/powieksz\/maruyama_2025-11-22_14-38-08.jpg\" data-fancybox=\"gallery37454\" data-caption=\"Nozomi Maruyama, fot. Tadeusz Mieczy\u0144ski\" rel=\"nofollow noopener\" target=\"_blank\"><img decoding=\"async\" class=\"img-responsive lazyload\" src=\"https:\/\/www.europesays.com\/pl\/wp-content\/uploads\/2025\/11\/280x190_q80_maruyama_2025-11-22_14-38-08.jpg\" alt=\"Nozomi Maruyama\" title=\"Nozomi Maruyama\"\/><\/a>Nozomi Maruyama<\/p>\n<p>fot. Tadeusz Mieczy\u0144ski<\/p>\n<p><a class=\"fancybox\" href=\"https:\/\/www.skijumping.pl\/content\/images\/news\/powieksz\/strate_2025-11-22_14-38-18.jpg\" data-fancybox=\"gallery37454\" data-caption=\"Abigail Strate, fot. Tadeusz Mieczy\u0144ski\" rel=\"nofollow noopener\" target=\"_blank\"><img decoding=\"async\" class=\"img-responsive lazyload\" src=\"https:\/\/www.europesays.com\/pl\/wp-content\/uploads\/2025\/11\/280x190_q80_strate_2025-11-22_14-38-18.jpg\" alt=\"Abigail Strate\" title=\"Abigail Strate\"\/><\/a>Abigail Strate<\/p>\n<p>fot. Tadeusz Mieczy\u0144ski<\/p>\n<p><a class=\"fancybox\" href=\"https:\/\/www.skijumping.pl\/content\/images\/news\/powieksz\/eder_2025-11-22_14-38-27.jpg\" data-fancybox=\"gallery37454\" data-caption=\"Lisa Eder, fot. Tadeusz Mieczy\u0144ski\" rel=\"nofollow noopener\" target=\"_blank\"><img decoding=\"async\" class=\"img-responsive lazyload\" src=\"https:\/\/www.europesays.com\/pl\/wp-content\/uploads\/2025\/11\/280x190_q80_eder_2025-11-22_14-38-27.jpg\" alt=\"Lisa Eder\" title=\"Lisa Eder\"\/><\/a>Lisa Eder<\/p>\n<p>fot. Tadeusz Mieczy\u0144ski<\/p>\n<p>Pierwsza seria konkursowa przynios\u0142a prowadzenie Nozomi Maruyamy. Japonka poszybowa\u0142a na odleg\u0142o\u015b\u0107 133,5 metra i na p\u00f3\u0142metku zmaga\u0144 w Lillehammer wyprzedza\u0142a o 7,6 punktu Abigail Strate (129 m) oraz o 14,1 pkt. Yuki Ito (125,5 m). Czwarta by\u0142a Eirin Maria Kvandal (122,5 m), pi\u0105ta Lisa Eder (121 m), a sz\u00f3sta Anna Odine Stroem (121 m).<\/p>\n<p>Kolejne miejsca zajmowa\u0142y Katharina Schmid (121 m), Ringo Miyajima (124 m) i Heidi Dyhre Traaserud (118 m). Czo\u0142ow\u0105 dziesi\u0105tk\u0119 zamyka\u0142a Nika Vodan (126 m).<\/p>\n<p>Awans do fina\u0142u wywalczy\u0142a Anna Twardosz, kt\u00f3ra po skoku na 119. metr zajmowa\u0142a czternaste miejsce, tu\u017c przed obro\u0144czyni\u0105 Kryszta\u0142owej Kuli, Nik\u0105 Prevc (124 m).<\/p>\n<p>Pola Be\u0142towska z wynikiem 100,5 metra zako\u0144czy\u0142a udzia\u0142 w zawodach na trzydziestym \u00f3smym miejscu.<\/p>\n<p>Pierwsz\u0105 seri\u0119 konkursow\u0105 rozegrano z 18. belki startowej.<\/p>\n<p>W finale Nozomi Maruyama ponownie poszybowa\u0142a najdalej. Skok na odleg\u0142o\u015b\u0107 130,5 metra pozwoli\u0142 Japonce odnie\u015b\u0107 pierwsze pucharowe zwyci\u0119stwo w karierze z przewag\u0105 25,8 punktu nad drug\u0105 Abigail Strate (121 m). Na najni\u017cszy stopie\u0144 podium wskoczy\u0142a Lisa Eder (125,5 m), kt\u00f3ra wyprzedzi\u0142a Ann\u0119 Odine Stroem (122 m), Heidi Dyhre Traaserud (124 m) i Katharin\u0119 Schmid (112 m).<\/p>\n<p>Na si\u00f3dmej pozycji rywalizacj\u0119 uko\u0144czy\u0142a Eirin Maria Kvandal (117 m). Trzecia na p\u00f3\u0142metku, Yuki Ito (116 m) spad\u0142a na \u00f3sm\u0105 pozycj\u0119. Dziewi\u0105ta by\u0142a Nika Vodan (115,5 m), za\u015b dziesi\u0105ta &#8211; Ringo Miyajima (115,5 m).<\/p>\n<p>Anna Twardosz z wynikiem 113,5 metra ostatecznie zaj\u0119\u0142a szesnaste miejsce, tu\u017c za Nik\u0105 Prevc (118 m).<\/p>\n<p>Rund\u0119 fina\u0142ow\u0105 przeprowadzono z 17. i 18. platformy.<\/p>\n<p>Dzi\u0119ki wygranej na Lysgaardsbakken, Nozomi Maruyama (100 pkt.) zosta\u0142a pierwsz\u0105 liderk\u0105 Pucharu \u015awiata pa\u0144 w sezonie 2025\/2026. Japonka wyprzedza Abigail Strate (80 pkt.) i Lis\u0119 Eder (60 pkt.). Szesnasta jest Anna Twardosz (15 pkt.)<\/p>\n<p>W Pucharze Narod\u00f3w pa\u0144 lideruj\u0105 Japonki (414 pkt.) przed Norwe\u017ckami (236 pkt.) i Austriaczkami (223 pkt.). Polski z dorobkiem 90 punkt\u00f3w zajmuj\u0105 si\u00f3dme miejsce.<\/p>\n<p>Na niedziel\u0119 zaplanowano drugi konkurs w Lillehammer. Pocz\u0105tek zawod\u00f3w wyznaczono na 12:00. Wcze\u015bniej, bo o 10:30, rozpoczn\u0105 si\u0119 kwalifikacje.<\/p>\n<p>WYNIKI I KLASYFIKACJE:<br \/>&#13;<br \/>\n<a href=\"https:\/\/www.skijumping.pl\/wyniki\/zawody\/5586\/1\" target=\"_blank\" rel=\"nofollow noopener\">Zobacz wyniki I serii konkursu &gt;&gt;&gt;<\/a><br \/>&#13;<br \/>\n<a href=\"https:\/\/www.skijumping.pl\/wyniki\/zawody\/5586\" target=\"_blank\" rel=\"nofollow noopener\">Zobacz ko\u0144cowe wyniki konkursu &gt;&gt;&gt;<\/a><br \/>&#13;<br \/>\n<a href=\"https:\/\/data.fis-ski.com\/pdf\/2026\/JP\/3064\/2026JP3064RL.pdf\" target=\"_blank\" rel=\"nofollow noopener\">Zobacz protok\u00f3\u0142 FIS z wynikami konkursu &gt;&gt;&gt;<\/a><br \/>&#13;<br \/>\n<a href=\"https:\/\/www.skijumping.pl\/wyniki\/klasyfikacja\/lps\/2025-2026\" target=\"_blank\" rel=\"nofollow noopener\">Zobacz aktualn\u0105 klasyfikacj\u0119 Pucharu \u015awiata Pa\u0144 &gt;&gt;&gt;<\/a><br \/>&#13;<br \/>\n<a href=\"https:\/\/www.skijumping.pl\/wyniki\/klasyfikacja\/lps\/puchar_narodow\/2025-2026\" target=\"_blank\" rel=\"nofollow noopener\">Zobacz aktualn\u0105 klasyfikacj\u0119 Pucharu Narod\u00f3w Pa\u0144 &gt;&gt;&gt;<\/a><\/p>\n","protected":false},"excerpt":{"rendered":"Nozomi Maruyama zosta\u0142a zwyci\u0119\u017cczyni\u0105 inauguracyjnego konkursu indywidualnego Pucharu \u015awiata pa\u0144 2025\/2026 na Lysgaardsbakken (HS140) w Lillehammer. Reprezentantka Japonii&hellip;\n","protected":false},"author":2,"featured_media":113423,"comment_status":"","ping_status":"","sticky":false,"template":"","format":"standard","meta":{"footnotes":""},"categories":[24],"tags":[1574,1546,1557,1558,1561,1573,1571,1563,291,1553,1564,1549,1551,1543,1550,1562,1547,1565,1540,1568,1544,42,38,40,39,41,1554,1359,1567,1560,1559,1566,1556,1569,1539,1538,1555,127,126,1552,1541,1548,1542,1570,1572,645,1545],"class_list":{"0":"post-113422","1":"post","2":"type-post","3":"status-publish","4":"format-standard","5":"has-post-thumbnail","7":"category-sport","8":"tag-4skocznie","9":"tag-adam","10":"tag-adam-malysz","11":"tag-adammalysz","12":"tag-coc","13":"tag-czteryskocznie","14":"tag-fis","15":"tag-fis-cup","16":"tag-historia","17":"tag-horngacher","18":"tag-io","19":"tag-kobayashi","20":"tag-kraft","21":"tag-kuba","22":"tag-kubacki","23":"tag-lotos-cup","24":"tag-malysz","25":"tag-ms","26":"tag-narciarskie","27":"tag-narty","28":"tag-piotrek","29":"tag-pl","30":"tag-poland","31":"tag-polish","32":"tag-polska","33":"tag-polski","34":"tag-polskie","35":"tag-ranking","36":"tag-ski-jumping","37":"tag-skijump","38":"tag-skijumping","39":"tag-skoczkowie","40":"tag-skocznia","41":"tag-skocznie","42":"tag-skoki","43":"tag-skoki-narciarskie","44":"tag-skokinarciarskie","45":"tag-sport","46":"tag-sports","47":"tag-stefan","48":"tag-stoch","49":"tag-wellinger","50":"tag-wolny","51":"tag-zakopane","52":"tag-zawody","53":"tag-zdjecia","54":"tag-zyla"},"share_on_mastodon":{"url":"https:\/\/pubeurope.com\/@pl\/115594081847496944","error":""},"_links":{"self":[{"href":"https:\/\/www.europesays.com\/pl\/wp-json\/wp\/v2\/posts\/113422","targetHints":{"allow":["GET"]}}],"collection":[{"href":"https:\/\/www.europesays.com\/pl\/wp-json\/wp\/v2\/posts"}],"about":[{"href":"https:\/\/www.europesays.com\/pl\/wp-json\/wp\/v2\/types\/post"}],"author":[{"embeddable":true,"href":"https:\/\/www.europesays.com\/pl\/wp-json\/wp\/v2\/users\/2"}],"replies":[{"embeddable":true,"href":"https:\/\/www.europesays.com\/pl\/wp-json\/wp\/v2\/comments?post=113422"}],"version-history":[{"count":0,"href":"https:\/\/www.europesays.com\/pl\/wp-json\/wp\/v2\/posts\/113422\/revisions"}],"wp:featuredmedia":[{"embeddable":true,"href":"https:\/\/www.europesays.com\/pl\/wp-json\/wp\/v2\/media\/113423"}],"wp:attachment":[{"href":"https:\/\/www.europesays.com\/pl\/wp-json\/wp\/v2\/media?parent=113422"}],"wp:term":[{"taxonomy":"category","embeddable":true,"href":"https:\/\/www.europesays.com\/pl\/wp-json\/wp\/v2\/categories?post=113422"},{"taxonomy":"post_tag","embeddable":true,"href":"https:\/\/www.europesays.com\/pl\/wp-json\/wp\/v2\/tags?post=113422"}],"curies":[{"name":"wp","href":"https:\/\/api.w.org\/{rel}","templated":true}]}}