{"id":113426,"date":"2025-11-22T15:36:07","date_gmt":"2025-11-22T15:36:07","guid":{"rendered":"https:\/\/www.europesays.com\/pl\/113426\/"},"modified":"2025-11-22T15:36:07","modified_gmt":"2025-11-22T15:36:07","slug":"tvn-zostanie-sprzedany-pojawily-sie-nowe-doniesienia","status":"publish","type":"post","link":"https:\/\/www.europesays.com\/pl\/113426\/","title":{"rendered":"TVN zostanie sprzedany? Pojawi\u0142y si\u0119 nowe doniesienia"},"content":{"rendered":"\n<p>&#13;<br \/>\nTemat sprzeda\u017cy stacji TVN trwa od\u00a0wielu miesi\u0119cy. W\u00a0kwietniu media donosi\u0142y, \u017ce\u00a0najbogatszy Polak Micha\u0142 So\u0142owow, kt\u00f3ry by\u0142 zainteresowany zakupem telewizji, wycofa\u0142 swoj\u0105 propozycj\u0119. Jego oferta by\u0142a najwy\u017csza. Opr\u00f3cz So\u0142owowa w\u00a0wy\u015bcigu o\u00a0TVN startowa\u0142y konsorcjum ok. 30 polskich inwestor\u00f3w skupionych wok\u00f3\u0142 Wirtualnej Polski, a\u00a0od niedawna Ringier Axel Springer Polska (RASP) \u2013\u00a0w\u00a0Polsce znany m.in. jako w\u0142a\u015bciciel Onetu, &#8222;Faktu&#8221; i\u00a0&#8222;Newsweeka&#8221; \u2013\u00a0w\u00a0konsorcjum z\u00a0funduszem private equity CVC Capital Partners (g\u0142\u00f3wny akcjonariusz \u017babki). &#13;\n<\/p>\n<p>&#13;<br \/>\nW grudniu ub.r. agencja Reutera poda\u0142a, \u017ce\u00a0koncern Warner Bros. Discovery zacz\u0105\u0142 przygotowania do\u00a0sprzeda\u017cy Grupy TVN. Wkr\u00f3tce potem premier Donald Tusk poinformowa\u0142 o\u00a0<a href=\"https:\/\/dorzeczy.pl\/kraj\/669989\/tvn-i-polsat-pod-ochrona-panstwa-jest-ruch-rzadu.html\" rel=\"nofollow noopener\" target=\"_blank\">wpisaniu TVN-u na\u00a0list\u0119<\/a> podmiot\u00f3w strategicznych podlegaj\u0105cych ochronie. &#13;\n<\/p>\n<p>&#13;<br \/>\n\u2013 Przyj\u0119li\u015bmy rozporz\u0105dzenie, na\u00a0mocy kt\u00f3rego na\u00a0list\u0119, wykaz podmiot\u00f3w podlegaj\u0105cych ochronie (&#8230;) do\u0142o\u017cyli\u015bmy takie firmy jak Cyfrowy Polsat, P4, TVN, Polsat Telewizja, T-Mobile i\u00a0WB Electronics \u2013\u00a0przekaza\u0142 premier. &#13;\n<\/p>\n<p>&#13;<br \/>\nPrzypomnijmy, \u017ce\u00a0w\u015br\u00f3d marek nale\u017c\u0105cych do\u00a0WBD znajduj\u0105 si\u0119 m.in. TVN, TVN24, HBO, CNN, Eurosport, TLC i\u00a0Cartoon Network. &#13;\n<\/p>\n<p>Trzy oferty kupna<\/p>\n<p>&#13;<br \/>\nTymczasem, jak podaje &#8222;New York Post&#8221;, do\u00a0w\u0142a\u015bciciela stacji wp\u0142yn\u0119\u0142y trzy oferty zakupowe. Zainteresowani kupnem koncernu s\u0105 Paramount Skydance, Netflix i\u00a0Comcast. Doniesienia potwierdzi\u0142y r\u00f3wnie\u017c agencja Reutera i\u00a0&#8222;New York Times&#8221;. &#13;\n<\/p>\n<p>&#13;<br \/>\nWarto wskaza\u0107, \u017ce\u00a0o\u00a0ile Paramount Skydance, jest zainteresowany przej\u0119ciem ca\u0142ego koncernu, o\u00a0tyle dwaj pozostali oferenci chc\u0105 kupi\u0107 jedynie tylko cz\u0119\u015b\u0107 sp\u00f3\u0142ki. Wy\u0142\u0105czeniu podlega\u0142yby nale\u017c\u0105ce do\u00a0WarnerBros. Discovery stacje telewizyjne m.in. polski TVN. &#13;\n<\/p>\n<p>&#13;<br \/>\nWed\u0142ug &#8222;New York Post&#8221;, najwi\u0119ksze szanse na\u00a0przej\u0119cie sp\u00f3\u0142ki na\u00a0Paramount Skydance. Jej szefem jest syn Larry&#8217;ego Ellisona, kt\u00f3ry z\u00a0kolei ma\u00a0\u015bwietne kontakty z\u00a0obecn\u0105 administracj\u0105 w\u00a0Bia\u0142ym Domu. &#13;\n<\/p>\n<p>&#13;<br \/>\nCzytaj te\u017c:<br \/><a href=\"https:\/\/rozrywka.dorzeczy.pl\/film-i-telewizja\/791787\/warner-bros-discovery-wlasciciel-tvn-odrzuca-oferte-przejecia.html\" rel=\"follow nofollow noopener\" data-schema=\"DORZECZY\" data-image=\"https:\/\/img.dorzeczy.pl\/_thumb\/07\/4c\/5d9db51eeeb77a28582f583fe1c0.jpeg\" target=\"_blank\">TVN zmieni w\u0142a\u015bciciela? Warner Bros. Discovery odrzuca ofert\u0119 przej\u0119cia<\/a>&#13;<\/p>\n","protected":false},"excerpt":{"rendered":"&#13; Temat sprzeda\u017cy stacji TVN trwa od\u00a0wielu miesi\u0119cy. W\u00a0kwietniu media donosi\u0142y, \u017ce\u00a0najbogatszy Polak Micha\u0142 So\u0142owow, kt\u00f3ry by\u0142 zainteresowany&hellip;\n","protected":false},"author":2,"featured_media":113427,"comment_status":"","ping_status":"","sticky":false,"template":"","format":"standard","meta":{"footnotes":""},"categories":[16],"tags":[113,112,24789,98,105,49,42,38,40,39,41,1133,17032,80,224,318,24790],"class_list":{"0":"post-113426","1":"post","2":"type-post","3":"status-publish","4":"format-standard","5":"has-post-thumbnail","7":"category-biznes","8":"tag-biznes","9":"tag-business","10":"tag-discovery","11":"tag-dorzeczy","12":"tag-ekonomia","13":"tag-kraj","14":"tag-pl","15":"tag-poland","16":"tag-polish","17":"tag-polska","18":"tag-polski","19":"tag-sprzedaz","20":"tag-stacja","21":"tag-swiat","22":"tag-telewizja","23":"tag-tvn","24":"tag-warner-bros"},"share_on_mastodon":{"url":"https:\/\/pubeurope.com\/@pl\/115594093293457995","error":""},"_links":{"self":[{"href":"https:\/\/www.europesays.com\/pl\/wp-json\/wp\/v2\/posts\/113426","targetHints":{"allow":["GET"]}}],"collection":[{"href":"https:\/\/www.europesays.com\/pl\/wp-json\/wp\/v2\/posts"}],"about":[{"href":"https:\/\/www.europesays.com\/pl\/wp-json\/wp\/v2\/types\/post"}],"author":[{"embeddable":true,"href":"https:\/\/www.europesays.com\/pl\/wp-json\/wp\/v2\/users\/2"}],"replies":[{"embeddable":true,"href":"https:\/\/www.europesays.com\/pl\/wp-json\/wp\/v2\/comments?post=113426"}],"version-history":[{"count":0,"href":"https:\/\/www.europesays.com\/pl\/wp-json\/wp\/v2\/posts\/113426\/revisions"}],"wp:featuredmedia":[{"embeddable":true,"href":"https:\/\/www.europesays.com\/pl\/wp-json\/wp\/v2\/media\/113427"}],"wp:attachment":[{"href":"https:\/\/www.europesays.com\/pl\/wp-json\/wp\/v2\/media?parent=113426"}],"wp:term":[{"taxonomy":"category","embeddable":true,"href":"https:\/\/www.europesays.com\/pl\/wp-json\/wp\/v2\/categories?post=113426"},{"taxonomy":"post_tag","embeddable":true,"href":"https:\/\/www.europesays.com\/pl\/wp-json\/wp\/v2\/tags?post=113426"}],"curies":[{"name":"wp","href":"https:\/\/api.w.org\/{rel}","templated":true}]}}