{"id":113428,"date":"2025-11-22T15:37:07","date_gmt":"2025-11-22T15:37:07","guid":{"rendered":"https:\/\/www.europesays.com\/pl\/113428\/"},"modified":"2025-11-22T15:37:07","modified_gmt":"2025-11-22T15:37:07","slug":"robert-fico-ocenia-plan-pokojowy-usa-dla-ukrainy-rosja-wyjdzie-wzmocniona-2","status":"publish","type":"post","link":"https:\/\/www.europesays.com\/pl\/113428\/","title":{"rendered":"Robert Fico ocenia plan pokojowy USA dla Ukrainy. &#8222;Rosja wyjdzie wzmocniona&#8221;"},"content":{"rendered":"<ul class=\"UnorderedList_container__nmfSl\">\n<li class=\"UnorderedList_listElement__Py7xi\" data-id=\"ai-summary-link\">Du\u017co czytania, a ma\u0142o czasu? Sprawd\u017a\u00a0skr\u00f3t\u00a0artyku\u0142u<\/li>\n<\/ul>\n<p class=\"Paragraph_desktopParagraph__U31Gm\">Ameryka\u0144ski <a href=\"https:\/\/wiadomosci.onet.pl\/swiat\/28-punktowy-plan-pokojowy-dla-ukrainy-jeden-z-zapisow-dotyczy-polski\/lys4hb6\" id=\"ff50780f-16f1-481d-9404-035856bbe025\" rel=\"nofollow noopener\" target=\"_blank\">plan pokojowy, zawieraj\u0105cy 28 punkt\u00f3w, trafi\u0142 do medi\u00f3w 21 listopada<\/a>, opublikowany przez portal Axios. Zgodnie z nim, Kij\u00f3w mia\u0142by zrezygnowa\u0107 z cz\u0142onkostwa w NATO, ograniczy\u0107 liczebno\u015b\u0107 wojsk oraz zrezygnowa\u0107 z cz\u0119\u015bci terytorium. Wed\u0142ug planu w Polsce mia\u0142yby stacjonowa\u0107 europejskie my\u015bliwce.<\/p>\n<p class=\"VideoPlayerText_videoPlayerText__iDwyz\">Dalszy ci\u0105g materia\u0142u pod wideo<\/p>\n<p class=\"Paragraph_desktopParagraph__U31Gm\">Jednocze\u015bnie w planie zapisano, \u017ce &#8222;suwerenno\u015b\u0107 Ukrainy zostanie potwierdzona&#8221; i \u017ce mo\u017ce do\u0142\u0105czy\u0107 do Unii Europejskiej oraz otrzyma\u0107 kr\u00f3tkoterminowy preferencyjny dost\u0119p do rynku europejskiego, w okresie rozpatrywania tej kwestii.<\/p>\n<ul class=\"OchatFollowUps_wrapper__1ry7X\">\n<li class=\"OchatFollowUps_item__Dhyly OchatFollowUps_itemDesktop__R6aBv\">Jakie s\u0105 g\u0142\u00f3wne punkty ameryka\u0144skiego planu pokojowego dla Ukrainy?<\/li>\n<li class=\"OchatFollowUps_item__Dhyly OchatFollowUps_itemDesktop__R6aBv\">Co powiedzia\u0142 Robert Fico o roli Ukrainy w zawarciu porozumienia?<\/li>\n<li class=\"OchatFollowUps_item__Dhyly OchatFollowUps_itemDesktop__R6aBv\">Ile pieni\u0119dzy Unia Europejska przekaza\u0142a Ukrainie do tej pory?<\/li>\n<li class=\"OchatFollowUps_item__Dhyly OchatFollowUps_itemDesktop__R6aBv\">Co Robert Fico powiedzia\u0142 o wzmocnieniu Rosji po podpisaniu planu?<\/li>\n<\/ul>\n<p class=\"Paragraph_desktopParagraph__U31Gm\">Propozycja spotka\u0142a si\u0119 ju\u017c z ostrymi ocenami polityk\u00f3w i ekspert\u00f3w. <a href=\"https:\/\/wiadomosci.onet.pl\/tylko-w-onecie\/general-roman-polko-wstrzasniety-planem-donalda-trumpa-dla-mnie-to-szok\/k9fbd1r\" id=\"7e0b5bf2-94c4-47a1-9595-1d1facf8df98\" rel=\"nofollow noopener\" target=\"_blank\">Gen. Roman Polko w rozmowie z Onetem oceni\u0142, \u017ce USA negocjuj\u0105 metod\u0105 Ribbentrop-Mo\u0142otow<\/a>, a sam plan jest absurdalny. Prezydent Francji <a href=\"https:\/\/wiadomosci.onet.pl\/swiat\/plan-pokojowy-donalda-trumpa-jest-reakcja-emmanuela-macrona\/rtkx56d\" id=\"c46d5ef1-9fa7-40c7-9695-b4119a87d9f9\" rel=\"nofollow noopener\" target=\"_blank\">Emmanuel Macron stwierdzi\u0142 w sobot\u0119, \u017ce pok\u00f3j w Ukrainie jest niemo\u017cliwy bez samych Ukrai\u0144c\u00f3w<\/a> i respektowania ich suwerenno\u015bci.<\/p>\n<p>Robert Fico komentuje plan pokojowy dla Ukrainy. M\u00f3wi o wzmocnieniu Rosji <\/p>\n<p class=\"Paragraph_desktopParagraph__U31Gm\">Podczas konferencji prasowej, kt\u00f3ra odby\u0142a si\u0119 w pi\u0105tek, 21 listopada, <a href=\"https:\/\/wiadomosci.onet.pl\/robert-fico-slowacki-polityk\" id=\"f6b07ef4-bccb-4178-8149-a9f2f8709721\" rel=\"nofollow noopener\" target=\"_blank\">Robert Fico<\/a> popar\u0142 w imieniu swojego rz\u0105du 28-punktowy plan pokojowy, kt\u00f3ry ma zako\u0144czy\u0107 wojn\u0119 w Ukrainie. Podkre\u015bli\u0142 jednak, \u017ce kluczowa dla realizacji porozumienia jest zgoda samej Ukrainy. Jego zdaniem obecna propozycja pokoju jest jedynym mo\u017cliwym i realistycznym rozwi\u0105zaniem.<\/p>\n<p class=\"Paragraph_desktopParagraph__U31Gm\">Jak podaje portal sme.sk, szef s\u0142owackiego rz\u0105du zaapelowa\u0142 do Unii Europejskiej o wi\u0119ksze zaanga\u017cowanie w proces pokojowy. Zwr\u00f3ci\u0142 uwag\u0119, \u017ce plan przewiduje 100 miliard\u00f3w euro na odbudow\u0119 Ukrainy, kt\u00f3re mia\u0142aby zapewni\u0107 UE, ale nie przewiduje dla niej innej roli.<\/p>\n<p class=\"Paragraph_desktopParagraph__U31Gm\">Wed\u0142ug Fico, obecny plan jest gorszy od tego, kt\u00f3ry by\u0142 proponowany wiosn\u0105 2022 r. i &#8222;pogrzebany&#8221; przez \u00f3wczesnego premiera <a href=\"https:\/\/wiadomosci.onet.pl\/wielka-brytania\" id=\"7033a633-bbc2-401f-afa4-b9bb0d9c76e9\" rel=\"nofollow noopener\" target=\"_blank\">Wielkiej Brytanii<\/a>, Borisa Johnsona. S\u0142owacki polityk zastanawia\u0142 si\u0119, kto z europejskich lider\u00f3w przyzna si\u0119 do b\u0142\u0119du i uzna, \u017ce &#8222;zabronili jakiegokolwiek zawieszenia broni, wys\u0142ali tam bro\u0144 i pozwolili zgin\u0105\u0107 setkom tysi\u0119cy ludzi&#8221;.<\/p>\n<p class=\"Paragraph_desktopParagraph__U31Gm\">Fico skomentowa\u0142 r\u00f3wnie\u017c skal\u0119 europejskiego wsparcia finansowego dla Kijowa. Zwr\u00f3ci\u0142 uwag\u0119, \u017ce Unia Europejska przekaza\u0142a Ukrainie ju\u017c 177 miliard\u00f3w euro. \u2014 Ile z tego ukradziono? A teraz Europa ponownie jest proszona o znalezienie kolejnych 140 miliard\u00f3w na nast\u0119pne dwa lata \u2014 pyta\u0142 w czasie konferencji, nawi\u0105zuj\u0105c do niedawnego skandalu korupcyjnego w otoczeniu prezydenta Wo\u0142odymyra Ze\u0142enskiego.<\/p>\n<p class=\"Paragraph_desktopParagraph__U31Gm\">Premier S\u0142owacji wyrazi\u0142 przekonanie, \u017ce podpisanie nowego planu pokojowego oznacza\u0142oby zwyci\u0119stwo Rosji. \u2014 Je\u015bli ten plan zostanie podpisany, Rosja wyjdzie z tej wojny jako totalny zwyci\u0119zca. Rosja wyjdzie z tej wojny niezwykle wzmocniona moralnie i gospodarczo \u2014 oceni\u0142 Fico. Doda\u0142, \u017ce porozumienie wymaga zgody Ukrainy, a jego realizacja mo\u017ce mie\u0107 dalekosi\u0119\u017cne skutki dla ca\u0142ego regionu.<\/p>\n","protected":false},"excerpt":{"rendered":"Du\u017co czytania, a ma\u0142o czasu? Sprawd\u017a\u00a0skr\u00f3t\u00a0artyku\u0142u Ameryka\u0144ski plan pokojowy, zawieraj\u0105cy 28 punkt\u00f3w, trafi\u0142 do medi\u00f3w 21 listopada, opublikowany&hellip;\n","protected":false},"author":2,"featured_media":113429,"comment_status":"","ping_status":"","sticky":false,"template":"","format":"standard","meta":{"footnotes":""},"categories":[14],"tags":[32,33,416,27,67,64,34,35,28,31,53,25,52,68,51,55,40,41,6789,62,47,5838,80,29,30,61,390,65,50,26,82,83,84],"class_list":{"0":"post-113428","1":"post","2":"type-post","3":"status-publish","4":"format-standard","5":"has-post-thumbnail","7":"category-swiat","8":"tag-breaking-news","9":"tag-breakingnews","10":"tag-europa_kontynent","11":"tag-headlines","12":"tag-intextvideo_splayer","13":"tag-inwazja_rosji_na_ukraine_2014_","14":"tag-latest-news","15":"tag-latestnews","16":"tag-naglowki","17":"tag-najwazniejsze-artykuly","18":"tag-new_header","19":"tag-news","20":"tag-onet3","21":"tag-onet3d","22":"tag-onet3d_2i","23":"tag-phx","24":"tag-polish","25":"tag-polski","26":"tag-robert_fico_slowacki_polityk","27":"tag-rosja_kraj_rosjanin_rosjanie_rosjanka_rosjanki","28":"tag-screening_general","29":"tag-slowacja_slowak_slowaczka_slowacy","30":"tag-swiat","31":"tag-top-stories","32":"tag-topstories","33":"tag-ue_unia_europejska_komisja_rada_komisarze","34":"tag-ukraina_ukrainiec_ukrainka_ukraincy_ukrainki","35":"tag-update_me","36":"tag-v2021","37":"tag-wiadomosci","38":"tag-world","39":"tag-world-news","40":"tag-worldnews"},"share_on_mastodon":{"url":"","error":"Validation failed: Text character limit of 500 exceeded"},"_links":{"self":[{"href":"https:\/\/www.europesays.com\/pl\/wp-json\/wp\/v2\/posts\/113428","targetHints":{"allow":["GET"]}}],"collection":[{"href":"https:\/\/www.europesays.com\/pl\/wp-json\/wp\/v2\/posts"}],"about":[{"href":"https:\/\/www.europesays.com\/pl\/wp-json\/wp\/v2\/types\/post"}],"author":[{"embeddable":true,"href":"https:\/\/www.europesays.com\/pl\/wp-json\/wp\/v2\/users\/2"}],"replies":[{"embeddable":true,"href":"https:\/\/www.europesays.com\/pl\/wp-json\/wp\/v2\/comments?post=113428"}],"version-history":[{"count":0,"href":"https:\/\/www.europesays.com\/pl\/wp-json\/wp\/v2\/posts\/113428\/revisions"}],"wp:featuredmedia":[{"embeddable":true,"href":"https:\/\/www.europesays.com\/pl\/wp-json\/wp\/v2\/media\/113429"}],"wp:attachment":[{"href":"https:\/\/www.europesays.com\/pl\/wp-json\/wp\/v2\/media?parent=113428"}],"wp:term":[{"taxonomy":"category","embeddable":true,"href":"https:\/\/www.europesays.com\/pl\/wp-json\/wp\/v2\/categories?post=113428"},{"taxonomy":"post_tag","embeddable":true,"href":"https:\/\/www.europesays.com\/pl\/wp-json\/wp\/v2\/tags?post=113428"}],"curies":[{"name":"wp","href":"https:\/\/api.w.org\/{rel}","templated":true}]}}